{"id":38560,"date":"2023-05-15T02:59:28","date_gmt":"2023-05-15T02:59:28","guid":{"rendered":"https:\/\/armstrongyregion.com.ar\/diario\/?p=38560"},"modified":"2023-05-15T02:59:31","modified_gmt":"2023-05-15T02:59:31","slug":"en-armstrong-el-55-de-la-poblacion-no-tiene-aplicado-el-subsidio-en-la-energia","status":"publish","type":"post","link":"https:\/\/armstrongyregion.com.ar\/diario\/en-armstrong-el-55-de-la-poblacion-no-tiene-aplicado-el-subsidio-en-la-energia\/","title":{"rendered":"En Armstrong el 55% de la poblaci\u00f3n no tiene aplicado el subsidio en la energ\u00eda."},"content":{"rendered":"\n<figure class=\"wp-block-image size-full\"><a href=\"http:\/\/armstrongyregion.com.ar\/diario\/wp-content\/uploads\/2023\/05\/Ing.-Ricardo-Airasca-11-5-23-1-1.jpg\"><img loading=\"lazy\" decoding=\"async\" width=\"432\" height=\"282\" src=\"http:\/\/armstrongyregion.com.ar\/diario\/wp-content\/uploads\/2023\/05\/Ing.-Ricardo-Airasca-11-5-23-1-1.jpg\" alt=\"\" class=\"wp-image-38561\" srcset=\"https:\/\/armstrongyregion.com.ar\/diario\/wp-content\/uploads\/2023\/05\/Ing.-Ricardo-Airasca-11-5-23-1-1.jpg 432w, https:\/\/armstrongyregion.com.ar\/diario\/wp-content\/uploads\/2023\/05\/Ing.-Ricardo-Airasca-11-5-23-1-1-300x196.jpg 300w\" sizes=\"auto, (max-width: 432px) 100vw, 432px\" \/><\/a><\/figure>\n\n\n\n<p><strong>Desde la Cooperativa de Obras y Servicios P\u00fablicos se quiere comunicar que la p\u00e1gina de la naci\u00f3n para aplicar subsidios en la factura esta vigente. Quienes consideren que no estan incluidos en la subvenci\u00f3n pueden hacerlo para que el incremento de energ\u00eda del pr\u00f3ximo mes no se sienta de manera brutal.<\/strong><\/p>\n\n\n\n<p><a href=\"https:\/\/www.argentina.gob.ar\/subsidios\">https:\/\/www.argentina.gob.ar\/subsidios<\/a><\/p>\n\n\n\n<p><\/p>\n\n\n\n<figure class=\"wp-block-embed is-type-video is-provider-youtube wp-block-embed-youtube wp-embed-aspect-16-9 wp-has-aspect-ratio\"><div class=\"wp-block-embed__wrapper\">\n<iframe loading=\"lazy\" title=\"Segmentaci\u00f3n Energ\u00e9tica - Tutorial\" width=\"800\" height=\"450\" src=\"https:\/\/www.youtube.com\/embed\/qhVMXPnltbE?feature=oembed\" frameborder=\"0\" allow=\"accelerometer; autoplay; clipboard-write; encrypted-media; gyroscope; picture-in-picture; web-share\" allowfullscreen><\/iframe>\n<\/div><\/figure>\n\n\n\n<p>El Ing. Ricardo Airasca expresaba: \u201cNos llamo la atenci\u00f3n el porcentaje de ciudadanos armstronenses que no tiene subsidio de la energ\u00eda\u201d.<\/p>\n\n\n\n<p>Luego a\u00f1adi\u00f3: \u201cQueremos asegurarnos que la gente haya intentado a trav\u00e9s de la p\u00e1gina que tiene el gobierno, de solicitar el subsidio. Y a posteriori, ellos nos mandan un listado todos los meses donde nosotros sabemos a quien debemos aplicarle este subvenci\u00f3n y a quien no\u201d.<\/p>\n\n\n\n<p>\u201cPara los que tienen tarifa N1 la quita de subsidio viene bastante fuerte, o sea el incremento en la factura se va a sentir. En Armstrong el 55% de los usuarios residenciales tienen dicha tarifa. Por lo tanto queremos recordarles que se viene un aumento de energ\u00eda, pero los subsidios estan vigentes. Y ese tr\u00e1mite debe hacerlo cada usuario. Nosotros podemos orientarlos pero s\u00ed o s\u00ed es una gesti\u00f3n personal ya que tiene car\u00e1cter de declaraci\u00f3n jurada\u201d. Finalizaba el Gerente de la Cooperativa de Obras y Servicios P\u00fablicos.<\/p>\n","protected":false},"excerpt":{"rendered":"<p>Desde la Cooperativa de Obras y Servicios P\u00fablicos se quiere comunicar que la p\u00e1gina de la naci\u00f3n para aplicar subsidios en la factura esta vigente. Quienes consideren que no estan incluidos en la subvenci\u00f3n pueden hacerlo para que el incremento de energ\u00eda del pr\u00f3ximo mes no se sienta de manera brutal. https:\/\/www.argentina.gob.ar\/subsidios El Ing. Ricardo <a href=\"https:\/\/armstrongyregion.com.ar\/diario\/en-armstrong-el-55-de-la-poblacion-no-tiene-aplicado-el-subsidio-en-la-energia\/\" title=\"Read more\" >&#8230;<\/a><\/p>\n","protected":false},"author":1,"featured_media":38561,"comment_status":"open","ping_status":"open","sticky":false,"template":"","format":"image","meta":{"_jetpack_memberships_contains_paid_content":false,"footnotes":"","jetpack_publicize_message":"","jetpack_publicize_feature_enabled":true,"jetpack_social_post_already_shared":true,"jetpack_social_options":{"image_generator_settings":{"template":"highway","default_image_id":0,"enabled":false},"version":2}},"categories":[8,1,2,7,3],"tags":[9329,20,19,9327,9330,15,9331,31,96,9328,3017],"class_list":["post-38560","post","type-post","status-publish","format-image","has-post-thumbnail","hentry","category-deliberando","category-diario-armstrong","category-locales","category-politica","category-region","tag-aplicado","tag-armstrong","tag-de","tag-el-55","tag-el-subsidio","tag-en","tag-energia-2","tag-la","tag-no","tag-poblacion","tag-tiene","post_format-post-format-image"],"jetpack_publicize_connections":[],"jetpack_featured_media_url":"https:\/\/armstrongyregion.com.ar\/diario\/wp-content\/uploads\/2023\/05\/Ing.-Ricardo-Airasca-11-5-23-1-1.jpg","jetpack_shortlink":"https:\/\/wp.me\/p62QDO-a1W","jetpack_sharing_enabled":true,"amp_enabled":true,"_links":{"self":[{"href":"https:\/\/armstrongyregion.com.ar\/diario\/wp-json\/wp\/v2\/posts\/38560","targetHints":{"allow":["GET"]}}],"collection":[{"href":"https:\/\/armstrongyregion.com.ar\/diario\/wp-json\/wp\/v2\/posts"}],"about":[{"href":"https:\/\/armstrongyregion.com.ar\/diario\/wp-json\/wp\/v2\/types\/post"}],"author":[{"embeddable":true,"href":"https:\/\/armstrongyregion.com.ar\/diario\/wp-json\/wp\/v2\/users\/1"}],"replies":[{"embeddable":true,"href":"https:\/\/armstrongyregion.com.ar\/diario\/wp-json\/wp\/v2\/comments?post=38560"}],"version-history":[{"count":1,"href":"https:\/\/armstrongyregion.com.ar\/diario\/wp-json\/wp\/v2\/posts\/38560\/revisions"}],"predecessor-version":[{"id":38562,"href":"https:\/\/armstrongyregion.com.ar\/diario\/wp-json\/wp\/v2\/posts\/38560\/revisions\/38562"}],"wp:featuredmedia":[{"embeddable":true,"href":"https:\/\/armstrongyregion.com.ar\/diario\/wp-json\/wp\/v2\/media\/38561"}],"wp:attachment":[{"href":"https:\/\/armstrongyregion.com.ar\/diario\/wp-json\/wp\/v2\/media?parent=38560"}],"wp:term":[{"taxonomy":"category","embeddable":true,"href":"https:\/\/armstrongyregion.com.ar\/diario\/wp-json\/wp\/v2\/categories?post=38560"},{"taxonomy":"post_tag","embeddable":true,"href":"https:\/\/armstrongyregion.com.ar\/diario\/wp-json\/wp\/v2\/tags?post=38560"}],"curies":[{"name":"wp","href":"https:\/\/api.w.org\/{rel}","templated":true}]}}