{"id":3856,"date":"2015-09-01T12:37:36","date_gmt":"2015-09-01T12:37:36","guid":{"rendered":"https:\/\/armstrongyregion.com.ar\/diario\/?p=3856"},"modified":"2015-09-01T12:57:52","modified_gmt":"2015-09-01T12:57:52","slug":"este-martes-en-deliberando-armstrong-canada-de-gomez-y-las-parejas-en-la-vision-de-concejales","status":"publish","type":"post","link":"https:\/\/armstrongyregion.com.ar\/diario\/este-martes-en-deliberando-armstrong-canada-de-gomez-y-las-parejas-en-la-vision-de-concejales\/","title":{"rendered":"Este martes en DELIBERANDO, Armstrong, Ca\u00f1ada de G\u00f3mez y Las Parejas, en la visi\u00f3n  de concejales."},"content":{"rendered":"<p><a href=\"http:\/\/armstrongyregion.com.ar\/diario\/wp-content\/uploads\/2015\/09\/DSC_0305.jpg\"><img loading=\"lazy\" decoding=\"async\" class=\"alignnone size-medium wp-image-3857\" src=\"http:\/\/armstrongyregion.com.ar\/diario\/wp-content\/uploads\/2015\/09\/DSC_0305-300x200.jpg\" alt=\"Emiliano-Gramigna-\" width=\"300\" height=\"200\" srcset=\"https:\/\/armstrongyregion.com.ar\/diario\/wp-content\/uploads\/2015\/09\/DSC_0305-300x200.jpg 300w, https:\/\/armstrongyregion.com.ar\/diario\/wp-content\/uploads\/2015\/09\/DSC_0305-1024x683.jpg 1024w\" sizes=\"auto, (max-width: 300px) 100vw, 300px\" \/><\/a>Emiliano Gramigna uno de los concejales electos j\u00f3venes de la pol\u00edtica de Armstrong, dar\u00e1 su posici\u00f3n con respecto a su futuro trabajo en el cuerpo deliberativo. La realidades de la ciudad y las necesidades que plantear\u00e1n en el cuerpo.<br \/>\nUn concejal experimentado de Ca\u00f1ada de G\u00f3mez, habla del nuevo periodo a comenzar y la relaci\u00f3n que podr\u00eda haber con el ejecutivo ante la modificaci\u00f3n del cuerpo desde diciembre.<br \/>\nLa uni\u00f3n del peronismo de Las Parejas, posibilit\u00f3 que Cintia Marconatto, llegara al cuerpo legislativo de esa ciudad, explicar\u00e1 sus proyectos, sus deseos de trabajo por la ciudad y que significa que el cuerpo tenga mayor\u00eda de mujeres.<br \/>\nTodo esto lo tendr\u00e1 este martes en DELIBERANDO, con la conduccion de la licenciada Graciela de La Casa y Oscar Crispino.<\/p>\n<p>Este martes a las 21hs todos estos temas ser\u00e1n ampliado en la edici\u00f3n de DELIBERANDO, con la conducci\u00f3n de la licenciada Graciela de la Casa y Oscar Crispino.<\/p>\n","protected":false},"excerpt":{"rendered":"<p>Emiliano Gramigna uno de los concejales electos j\u00f3venes de la pol\u00edtica de Armstrong, dar\u00e1 su posici\u00f3n con respecto a su futuro trabajo en el cuerpo deliberativo. La realidades de la ciudad y las necesidades que plantear\u00e1n en el cuerpo. Un concejal experimentado de Ca\u00f1ada de G\u00f3mez, habla del nuevo periodo a comenzar y la relaci\u00f3n <a href=\"https:\/\/armstrongyregion.com.ar\/diario\/este-martes-en-deliberando-armstrong-canada-de-gomez-y-las-parejas-en-la-vision-de-concejales\/\" title=\"Read more\" >&#8230;<\/a><\/p>\n","protected":false},"author":2,"featured_media":3857,"comment_status":"open","ping_status":"open","sticky":false,"template":"","format":"standard","meta":{"_jetpack_memberships_contains_paid_content":false,"footnotes":"","jetpack_publicize_message":"","jetpack_publicize_feature_enabled":true,"jetpack_social_post_already_shared":false,"jetpack_social_options":{"image_generator_settings":{"template":"highway","default_image_id":0,"enabled":false},"version":2}},"categories":[8,1,2,7],"tags":[20,163,845,19,44,15,162,164,31,23,327,24,2648,13],"class_list":["post-3856","post","type-post","status-publish","format-standard","has-post-thumbnail","hentry","category-deliberando","category-diario-armstrong","category-locales","category-politica","tag-armstrong","tag-canada","tag-concejales","tag-de","tag-deliberando-2","tag-en","tag-este","tag-gomez","tag-la","tag-las","tag-martes","tag-parejas","tag-vision","tag-y"],"jetpack_publicize_connections":[],"jetpack_featured_media_url":"https:\/\/armstrongyregion.com.ar\/diario\/wp-content\/uploads\/2015\/09\/DSC_0305.jpg","jetpack_shortlink":"https:\/\/wp.me\/p62QDO-10c","jetpack_sharing_enabled":true,"amp_enabled":true,"_links":{"self":[{"href":"https:\/\/armstrongyregion.com.ar\/diario\/wp-json\/wp\/v2\/posts\/3856","targetHints":{"allow":["GET"]}}],"collection":[{"href":"https:\/\/armstrongyregion.com.ar\/diario\/wp-json\/wp\/v2\/posts"}],"about":[{"href":"https:\/\/armstrongyregion.com.ar\/diario\/wp-json\/wp\/v2\/types\/post"}],"author":[{"embeddable":true,"href":"https:\/\/armstrongyregion.com.ar\/diario\/wp-json\/wp\/v2\/users\/2"}],"replies":[{"embeddable":true,"href":"https:\/\/armstrongyregion.com.ar\/diario\/wp-json\/wp\/v2\/comments?post=3856"}],"version-history":[{"count":0,"href":"https:\/\/armstrongyregion.com.ar\/diario\/wp-json\/wp\/v2\/posts\/3856\/revisions"}],"wp:featuredmedia":[{"embeddable":true,"href":"https:\/\/armstrongyregion.com.ar\/diario\/wp-json\/wp\/v2\/media\/3857"}],"wp:attachment":[{"href":"https:\/\/armstrongyregion.com.ar\/diario\/wp-json\/wp\/v2\/media?parent=3856"}],"wp:term":[{"taxonomy":"category","embeddable":true,"href":"https:\/\/armstrongyregion.com.ar\/diario\/wp-json\/wp\/v2\/categories?post=3856"},{"taxonomy":"post_tag","embeddable":true,"href":"https:\/\/armstrongyregion.com.ar\/diario\/wp-json\/wp\/v2\/tags?post=3856"}],"curies":[{"name":"wp","href":"https:\/\/api.w.org\/{rel}","templated":true}]}}