{"id":38553,"date":"2023-05-13T19:53:59","date_gmt":"2023-05-13T19:53:59","guid":{"rendered":"https:\/\/armstrongyregion.com.ar\/diario\/?p=38553"},"modified":"2023-05-13T20:02:44","modified_gmt":"2023-05-13T20:02:44","slug":"cierre-de-listas-canada-de-gomez-clerici-definio-acompanar-a-casalegno","status":"publish","type":"post","link":"https:\/\/armstrongyregion.com.ar\/diario\/cierre-de-listas-canada-de-gomez-clerici-definio-acompanar-a-casalegno\/","title":{"rendered":"Cierre de Listas Ca\u00f1ada de G\u00f3mez. Clerici defini\u00f3 acompa\u00f1ar a Casalegno."},"content":{"rendered":"\n<figure class=\"wp-block-image size-full\"><a href=\"http:\/\/armstrongyregion.com.ar\/diario\/wp-content\/uploads\/2020\/07\/Stella-Clerici.jpg\"><img loading=\"lazy\" decoding=\"async\" width=\"512\" height=\"341\" src=\"http:\/\/armstrongyregion.com.ar\/diario\/wp-content\/uploads\/2020\/07\/Stella-Clerici.jpg\" alt=\"\" class=\"wp-image-26523\" srcset=\"https:\/\/armstrongyregion.com.ar\/diario\/wp-content\/uploads\/2020\/07\/Stella-Clerici.jpg 512w, https:\/\/armstrongyregion.com.ar\/diario\/wp-content\/uploads\/2020\/07\/Stella-Clerici-300x200.jpg 300w\" sizes=\"auto, (max-width: 512px) 100vw, 512px\" \/><\/a><\/figure>\n\n\n\n<h2 class=\"wp-block-heading\">Ser\u00e1 la primera precandidata a concejal en la lista que lleva al presidente del Concejo como precandidato a intendente.<\/h2>\n\n\n\n<p>De esta manera, Marcelo Casalegno ser\u00e1 quien busque mantener al oficialismo en el Ejecutivo. En cuanto a la precandidatura a senador ser\u00e1 encabezada por Raquel Di Paola quien estar\u00e1 acompa\u00f1ada por Pablo Di Tomaso. La lista de concejales est\u00e1 compuesta por Stella Cl\u00e9rici, Diego D\u00edaz Patr\u00f3n, Marisel Loyola, Juan Carlos Tocalli, Josefina Rusconi y Gaspar Provera.<\/p>\n\n\n\n<p>Fuente: En el Recinto-<\/p>\n","protected":false},"excerpt":{"rendered":"<p>Ser\u00e1 la primera precandidata a concejal en la lista que lleva al presidente del Concejo como precandidato a intendente. De esta manera, Marcelo Casalegno ser\u00e1 quien busque mantener al oficialismo en el Ejecutivo. En cuanto a la precandidatura a senador ser\u00e1 encabezada por Raquel Di Paola quien estar\u00e1 acompa\u00f1ada por Pablo Di Tomaso. La lista <a href=\"https:\/\/armstrongyregion.com.ar\/diario\/cierre-de-listas-canada-de-gomez-clerici-definio-acompanar-a-casalegno\/\" title=\"Read more\" >&#8230;<\/a><\/p>\n","protected":false},"author":1,"featured_media":26523,"comment_status":"open","ping_status":"open","sticky":false,"template":"","format":"image","meta":{"_jetpack_memberships_contains_paid_content":false,"footnotes":"","jetpack_publicize_message":"","jetpack_publicize_feature_enabled":true,"jetpack_social_post_already_shared":true,"jetpack_social_options":{"image_generator_settings":{"template":"highway","default_image_id":0,"enabled":false},"version":2}},"categories":[8,1,2,7,3],"tags":[33,1923,588,83,9324],"class_list":["post-38553","post","type-post","status-publish","format-image","has-post-thumbnail","hentry","category-deliberando","category-diario-armstrong","category-locales","category-politica","category-region","tag-a","tag-acompanar","tag-casalegno","tag-clerici","tag-definio","post_format-post-format-image"],"jetpack_publicize_connections":[],"jetpack_featured_media_url":"https:\/\/armstrongyregion.com.ar\/diario\/wp-content\/uploads\/2020\/07\/Stella-Clerici.jpg","jetpack_shortlink":"https:\/\/wp.me\/p62QDO-a1P","jetpack_sharing_enabled":true,"amp_enabled":true,"_links":{"self":[{"href":"https:\/\/armstrongyregion.com.ar\/diario\/wp-json\/wp\/v2\/posts\/38553","targetHints":{"allow":["GET"]}}],"collection":[{"href":"https:\/\/armstrongyregion.com.ar\/diario\/wp-json\/wp\/v2\/posts"}],"about":[{"href":"https:\/\/armstrongyregion.com.ar\/diario\/wp-json\/wp\/v2\/types\/post"}],"author":[{"embeddable":true,"href":"https:\/\/armstrongyregion.com.ar\/diario\/wp-json\/wp\/v2\/users\/1"}],"replies":[{"embeddable":true,"href":"https:\/\/armstrongyregion.com.ar\/diario\/wp-json\/wp\/v2\/comments?post=38553"}],"version-history":[{"count":2,"href":"https:\/\/armstrongyregion.com.ar\/diario\/wp-json\/wp\/v2\/posts\/38553\/revisions"}],"predecessor-version":[{"id":38558,"href":"https:\/\/armstrongyregion.com.ar\/diario\/wp-json\/wp\/v2\/posts\/38553\/revisions\/38558"}],"wp:featuredmedia":[{"embeddable":true,"href":"https:\/\/armstrongyregion.com.ar\/diario\/wp-json\/wp\/v2\/media\/26523"}],"wp:attachment":[{"href":"https:\/\/armstrongyregion.com.ar\/diario\/wp-json\/wp\/v2\/media?parent=38553"}],"wp:term":[{"taxonomy":"category","embeddable":true,"href":"https:\/\/armstrongyregion.com.ar\/diario\/wp-json\/wp\/v2\/categories?post=38553"},{"taxonomy":"post_tag","embeddable":true,"href":"https:\/\/armstrongyregion.com.ar\/diario\/wp-json\/wp\/v2\/tags?post=38553"}],"curies":[{"name":"wp","href":"https:\/\/api.w.org\/{rel}","templated":true}]}}