{"id":38550,"date":"2023-05-13T03:04:26","date_gmt":"2023-05-13T03:04:26","guid":{"rendered":"https:\/\/armstrongyregion.com.ar\/diario\/?p=38550"},"modified":"2023-05-13T03:04:28","modified_gmt":"2023-05-13T03:04:28","slug":"canada-de-gomez-municipio-fudeca-y-provincia-entregaron-creditos-a-productores-afectados-por-la-sequia","status":"publish","type":"post","link":"https:\/\/armstrongyregion.com.ar\/diario\/canada-de-gomez-municipio-fudeca-y-provincia-entregaron-creditos-a-productores-afectados-por-la-sequia\/","title":{"rendered":"Ca\u00f1ada de G\u00f3mez. Municipio, Fudeca y provincia entregaron cr\u00e9ditos a productores afectados por la sequ\u00eda."},"content":{"rendered":"\n<figure class=\"wp-block-image size-full\"><a href=\"http:\/\/armstrongyregion.com.ar\/diario\/wp-content\/uploads\/2023\/05\/clerici-13-5-23.jpg\"><img loading=\"lazy\" decoding=\"async\" width=\"400\" height=\"300\" src=\"http:\/\/armstrongyregion.com.ar\/diario\/wp-content\/uploads\/2023\/05\/clerici-13-5-23.jpg\" alt=\"\" class=\"wp-image-38551\" srcset=\"https:\/\/armstrongyregion.com.ar\/diario\/wp-content\/uploads\/2023\/05\/clerici-13-5-23.jpg 400w, https:\/\/armstrongyregion.com.ar\/diario\/wp-content\/uploads\/2023\/05\/clerici-13-5-23-300x225.jpg 300w\" sizes=\"auto, (max-width: 400px) 100vw, 400px\" \/><\/a><\/figure>\n\n\n\n<p>La intendenta Stella Cl\u00e9rici junto a la presidenta de Fudeca, Natalia Ottaviani, y la secretaria de Educaci\u00f3n, Cultura y Deporte, Raquel Di Paola, recibieron a autoridades del Ministerio de Producci\u00f3n para hacer entrega de cr\u00e9ditos a productores afectados por la sequ\u00eda.<\/p>\n\n\n\n<p>Se trata de 50 beneficiarios de Ca\u00f1ada y regi\u00f3n por un monto total de $20.000.000. Desde Municipio y Fudeca se acompa\u00f1\u00f3 en la inscripci\u00f3n de cada uno de los productores y gesti\u00f3n de estos cr\u00e9ditos a tasa 0 con un periodo de gracia de hasta 12 meses para el reintegro. Con la devoluci\u00f3n de los productores se va a formar un fondo rotatorio para futuros aportes a sectores productivos.<\/p>\n\n\n\n<p>\u201cContinuamos trabajando para acompa\u00f1ar a los productores afectados por la sequ\u00eda, en una acci\u00f3n entre Municipio, Fudeca y gobierno provincial que hoy se concreta con una nueva entrega de los cr\u00e9ditos y su devoluci\u00f3n permitir\u00e1 crear un fondo rotatorio para reinvertirlo en el sector productivo\u201d, expres\u00f3 Cl\u00e9rici.&#8211;<\/p>\n","protected":false},"excerpt":{"rendered":"<p>La intendenta Stella Cl\u00e9rici junto a la presidenta de Fudeca, Natalia Ottaviani, y la secretaria de Educaci\u00f3n, Cultura y Deporte, Raquel Di Paola, recibieron a autoridades del Ministerio de Producci\u00f3n para hacer entrega de cr\u00e9ditos a productores afectados por la sequ\u00eda. Se trata de 50 beneficiarios de Ca\u00f1ada y regi\u00f3n por un monto total de <a href=\"https:\/\/armstrongyregion.com.ar\/diario\/canada-de-gomez-municipio-fudeca-y-provincia-entregaron-creditos-a-productores-afectados-por-la-sequia\/\" title=\"Read more\" >&#8230;<\/a><\/p>\n","protected":false},"author":1,"featured_media":38551,"comment_status":"open","ping_status":"open","sticky":false,"template":"","format":"image","meta":{"_jetpack_memberships_contains_paid_content":false,"footnotes":"","jetpack_publicize_message":"","jetpack_publicize_feature_enabled":true,"jetpack_social_post_already_shared":true,"jetpack_social_options":{"image_generator_settings":{"template":"highway","default_image_id":0,"enabled":false},"version":2}},"categories":[8,1,2,3],"tags":[33,4069,1916,803,2171,217,536,8640,13],"class_list":["post-38550","post","type-post","status-publish","format-image","has-post-thumbnail","hentry","category-deliberando","category-diario-armstrong","category-locales","category-region","tag-a","tag-agropecuarios","tag-creditos","tag-entregaron","tag-fudeca","tag-municipio","tag-productores","tag-provincia-2","tag-y","post_format-post-format-image"],"jetpack_publicize_connections":[],"jetpack_featured_media_url":"https:\/\/armstrongyregion.com.ar\/diario\/wp-content\/uploads\/2023\/05\/clerici-13-5-23.jpg","jetpack_shortlink":"https:\/\/wp.me\/p62QDO-a1M","jetpack_sharing_enabled":true,"amp_enabled":true,"_links":{"self":[{"href":"https:\/\/armstrongyregion.com.ar\/diario\/wp-json\/wp\/v2\/posts\/38550","targetHints":{"allow":["GET"]}}],"collection":[{"href":"https:\/\/armstrongyregion.com.ar\/diario\/wp-json\/wp\/v2\/posts"}],"about":[{"href":"https:\/\/armstrongyregion.com.ar\/diario\/wp-json\/wp\/v2\/types\/post"}],"author":[{"embeddable":true,"href":"https:\/\/armstrongyregion.com.ar\/diario\/wp-json\/wp\/v2\/users\/1"}],"replies":[{"embeddable":true,"href":"https:\/\/armstrongyregion.com.ar\/diario\/wp-json\/wp\/v2\/comments?post=38550"}],"version-history":[{"count":1,"href":"https:\/\/armstrongyregion.com.ar\/diario\/wp-json\/wp\/v2\/posts\/38550\/revisions"}],"predecessor-version":[{"id":38552,"href":"https:\/\/armstrongyregion.com.ar\/diario\/wp-json\/wp\/v2\/posts\/38550\/revisions\/38552"}],"wp:featuredmedia":[{"embeddable":true,"href":"https:\/\/armstrongyregion.com.ar\/diario\/wp-json\/wp\/v2\/media\/38551"}],"wp:attachment":[{"href":"https:\/\/armstrongyregion.com.ar\/diario\/wp-json\/wp\/v2\/media?parent=38550"}],"wp:term":[{"taxonomy":"category","embeddable":true,"href":"https:\/\/armstrongyregion.com.ar\/diario\/wp-json\/wp\/v2\/categories?post=38550"},{"taxonomy":"post_tag","embeddable":true,"href":"https:\/\/armstrongyregion.com.ar\/diario\/wp-json\/wp\/v2\/tags?post=38550"}],"curies":[{"name":"wp","href":"https:\/\/api.w.org\/{rel}","templated":true}]}}