{"id":38484,"date":"2023-05-07T01:49:18","date_gmt":"2023-05-07T01:49:18","guid":{"rendered":"https:\/\/armstrongyregion.com.ar\/diario\/?p=38484"},"modified":"2023-05-07T01:58:24","modified_gmt":"2023-05-07T01:58:24","slug":"roberto-mirabella-presento-su-libro-defendamos-santa-fe-en-las-parejas","status":"publish","type":"post","link":"https:\/\/armstrongyregion.com.ar\/diario\/roberto-mirabella-presento-su-libro-defendamos-santa-fe-en-las-parejas\/","title":{"rendered":"Roberto Mirabella present\u00f3 su libro \u00abDefendamos Santa Fe\u00bb en Las Parejas."},"content":{"rendered":"\n<figure class=\"wp-block-image size-full\"><a href=\"http:\/\/armstrongyregion.com.ar\/diario\/wp-content\/uploads\/2023\/05\/roberto-Mirabella.jpg\"><img loading=\"lazy\" decoding=\"async\" width=\"400\" height=\"287\" src=\"http:\/\/armstrongyregion.com.ar\/diario\/wp-content\/uploads\/2023\/05\/roberto-Mirabella.jpg\" alt=\"\" class=\"wp-image-38490\" srcset=\"https:\/\/armstrongyregion.com.ar\/diario\/wp-content\/uploads\/2023\/05\/roberto-Mirabella.jpg 400w, https:\/\/armstrongyregion.com.ar\/diario\/wp-content\/uploads\/2023\/05\/roberto-Mirabella-300x215.jpg 300w\" sizes=\"auto, (max-width: 400px) 100vw, 400px\" \/><\/a><\/figure>\n\n\n\n<p><strong>El diputado nacional present\u00f3 su nuevo libro en la Casa del Bicentenario, en el que expone sus visiones acerca del desarrollo de la provincia y argumenta la necesidad de impulsar agendas que contemplen los intereses de sus productores, trabajadores y ciudadanos. La obra est\u00e1 prologada por el gobernador Omar Perotti.<\/strong><\/p>\n\n\n\n<p>El diputado nacional por Santa Fe, Roberto Mirabella, present\u00f3 hoy su libro \u201cDefendamos Santa Fe\u201d en la Casa del Bicentenario de la ciudad de Las Parejas, con pr\u00f3logo del gobernador Omar Perotti. El evento, del que participaron m\u00e1s de 200 personas, cont\u00f3 con la presencia de la ministra de salud de la provincia, Sonia Martorano y el intendente local, Horacio Compagnucci. Se trat\u00f3 de una de las tantas presentaciones que el legislador desarrollar\u00e1 en todo el territorio provincial durante los pr\u00f3ximos d\u00edas.<\/p>\n\n\n\n<p>\u201cEste libro busca poner en valor nuestra provincia, nuestra identidad, cultura e historia. Adem\u00e1s, se propone defender un modelo de desarrollo que necesita la Argentina. Defender a Santa Fe significa luchar contra el narcotr\u00e1fico y la delincuencia, generar arraigo, crear un futuro seguro para los j\u00f3venes y entender que el pa\u00eds no empieza ni termina en Buenos Aires\u201d, remarc\u00f3 el legislador.<\/p>\n\n\n\n<figure class=\"wp-block-image\"><img decoding=\"async\" src=\"http:\/\/renacerfm.com.ar\/download\/multimedia.normal.93abcb8c6364d795.494d472d32303233303530342d5741303237395f6e6f726d616c2e77656270.webp\" alt=\"IMG-20230504-WA0279\"\/><\/figure>\n\n\n\n<p>&nbsp;\u201cEl problema no es la falta de recursos, sino que los recursos se van y no vuelven. No podemos mendigar gendarmes, rutas, asistencia para los productores. La defensa de Santa Fe no tiene valoraci\u00f3n pol\u00edtica. Yo defiendo lo que somos, estamos cansados de que, de todo lo que aportamos, vuelva tan poco\u201d, agreg\u00f3 el diputado.<\/p>\n\n\n\n<p>\u201cEstamos en un momento trascendente en el pa\u00eds, que tiene un nivel de concentraci\u00f3n en el centralismo porte\u00f1o que lo sufre todo el interior productivo de la Argentina. Todas las crisis empiezan en Plaza de Mayo y se resuelven en el interior. Atravesamos una situaci\u00f3n l\u00edmite en lo econ\u00f3mico y social, pero las respuestas no las veo en Buenos Aires sino ac\u00e1, en cada lugar que recorro de la provincia se respira trabajo y esfuerzo\u201d, concluy\u00f3 Mirabella.&nbsp;<\/p>\n\n\n\n<p>Durante los pr\u00f3ximos d\u00edas, el legislador continuar\u00e1 con la presentaci\u00f3n de su libro en distintas localidades de la provincia, hasta completar los 19 departamentos.<\/p>\n\n\n\n<figure class=\"wp-block-image\"><img decoding=\"async\" src=\"http:\/\/renacerfm.com.ar\/download\/multimedia.normal.b5295e16dbac08f1.494d472d32303233303530342d5741303237365f6e6f726d616c2e77656270.webp\" alt=\"IMG-20230504-WA0276\"\/><\/figure>\n\n\n\n<p><a href=\"https:\/\/renacerfm.com.ar\/usuario\/2\/renacer-regional\"><\/a><\/p>\n\n\n\n<p><a href=\"https:\/\/www.facebook.com\/sharer\/sharer.php?u=https:\/\/renacerfm.com.ar\/contenido\/15034\/roberto-mirabella-presento-su-libro-defendamos-santa-fe-en-las-parejas\" target=\"_blank\" rel=\"noreferrer noopener\"><\/a>&nbsp;<a href=\"https:\/\/twitter.com\/intent\/tweet?url=https:\/\/renacerfm.com.ar\/contenido\/15034\/roberto-mirabella-presento-su-libro-defendamos-santa-fe-en-las-parejas&amp;text=ROBERTO%20MIRABELLA%20PRESENT%C3%93%20SU%20LIBRO%20%E2%80%9CDEFENDAMOS%20SANTA%20FE%E2%80%9D%20EN%20LAS%20PAREJAS\" target=\"_blank\" rel=\"noreferrer noopener\"><\/a>&nbsp;<a href=\"https:\/\/www.linkedin.com\/shareArticle?url=https:\/\/renacerfm.com.ar\/contenido\/15034\/roberto-mirabella-presento-su-libro-defendamos-santa-fe-en-las-parejas\" target=\"_blank\" rel=\"noreferrer noopener\"><\/a>&nbsp;<a href=\"https:\/\/pinterest.com\/pin\/create\/bookmarklet\/?url=https:\/\/renacerfm.com.ar\/contenido\/15034\/roberto-mirabella-presento-su-libro-defendamos-santa-fe-en-las-parejas\" target=\"_blank\" rel=\"noreferrer noopener\"><\/a>&nbsp;<a href=\"https:\/\/api.whatsapp.com\/send?text=ROBERTO%20MIRABELLA%20PRESENT%C3%93%20SU%20LIBRO%20%E2%80%9CDEFENDAMOS%20SANTA%20FE%E2%80%9D%20EN%20LAS%20PAREJAS+https:\/\/renacerfm.com.ar\/contenido\/15034\/roberto-mirabella-presento-su-libro-defendamos-santa-fe-en-las-parejas\" target=\"_blank\" rel=\"noreferrer noopener\"><\/a><\/p>\n","protected":false},"excerpt":{"rendered":"<p>El diputado nacional present\u00f3 su nuevo libro en la Casa del Bicentenario, en el que expone sus visiones acerca del desarrollo de la provincia y argumenta la necesidad de impulsar agendas que contemplen los intereses de sus productores, trabajadores y ciudadanos. La obra est\u00e1 prologada por el gobernador Omar Perotti. El diputado nacional por Santa <a href=\"https:\/\/armstrongyregion.com.ar\/diario\/roberto-mirabella-presento-su-libro-defendamos-santa-fe-en-las-parejas\/\" title=\"Read more\" >&#8230;<\/a><\/p>\n","protected":false},"author":1,"featured_media":38490,"comment_status":"open","ping_status":"open","sticky":false,"template":"","format":"image","meta":{"_jetpack_memberships_contains_paid_content":false,"footnotes":"","jetpack_publicize_message":"","jetpack_publicize_feature_enabled":true,"jetpack_social_post_already_shared":true,"jetpack_social_options":{"image_generator_settings":{"template":"highway","default_image_id":0,"enabled":false},"version":2}},"categories":[6,8,1,2,7,3],"tags":[26,9301,35],"class_list":["post-38484","post","type-post","status-publish","format-image","has-post-thumbnail","hentry","category-cultura-entretenimiento","category-deliberando","category-diario-armstrong","category-locales","category-politica","category-region","tag-libro","tag-mirabella","tag-su","post_format-post-format-image"],"jetpack_publicize_connections":[],"jetpack_featured_media_url":"https:\/\/armstrongyregion.com.ar\/diario\/wp-content\/uploads\/2023\/05\/roberto-Mirabella.jpg","jetpack_shortlink":"https:\/\/wp.me\/p62QDO-a0I","jetpack_sharing_enabled":true,"amp_enabled":true,"_links":{"self":[{"href":"https:\/\/armstrongyregion.com.ar\/diario\/wp-json\/wp\/v2\/posts\/38484","targetHints":{"allow":["GET"]}}],"collection":[{"href":"https:\/\/armstrongyregion.com.ar\/diario\/wp-json\/wp\/v2\/posts"}],"about":[{"href":"https:\/\/armstrongyregion.com.ar\/diario\/wp-json\/wp\/v2\/types\/post"}],"author":[{"embeddable":true,"href":"https:\/\/armstrongyregion.com.ar\/diario\/wp-json\/wp\/v2\/users\/1"}],"replies":[{"embeddable":true,"href":"https:\/\/armstrongyregion.com.ar\/diario\/wp-json\/wp\/v2\/comments?post=38484"}],"version-history":[{"count":2,"href":"https:\/\/armstrongyregion.com.ar\/diario\/wp-json\/wp\/v2\/posts\/38484\/revisions"}],"predecessor-version":[{"id":38491,"href":"https:\/\/armstrongyregion.com.ar\/diario\/wp-json\/wp\/v2\/posts\/38484\/revisions\/38491"}],"wp:featuredmedia":[{"embeddable":true,"href":"https:\/\/armstrongyregion.com.ar\/diario\/wp-json\/wp\/v2\/media\/38490"}],"wp:attachment":[{"href":"https:\/\/armstrongyregion.com.ar\/diario\/wp-json\/wp\/v2\/media?parent=38484"}],"wp:term":[{"taxonomy":"category","embeddable":true,"href":"https:\/\/armstrongyregion.com.ar\/diario\/wp-json\/wp\/v2\/categories?post=38484"},{"taxonomy":"post_tag","embeddable":true,"href":"https:\/\/armstrongyregion.com.ar\/diario\/wp-json\/wp\/v2\/tags?post=38484"}],"curies":[{"name":"wp","href":"https:\/\/api.w.org\/{rel}","templated":true}]}}