{"id":38476,"date":"2023-05-05T02:40:45","date_gmt":"2023-05-05T02:40:45","guid":{"rendered":"https:\/\/armstrongyregion.com.ar\/diario\/?p=38476"},"modified":"2023-05-05T02:40:47","modified_gmt":"2023-05-05T02:40:47","slug":"renovacion-por-armstrong-presento-un-pedido-de-mantenimiento-de-las-bicisendas","status":"publish","type":"post","link":"https:\/\/armstrongyregion.com.ar\/diario\/renovacion-por-armstrong-presento-un-pedido-de-mantenimiento-de-las-bicisendas\/","title":{"rendered":"Renovaci\u00f3n por Armstrong present\u00f3 un pedido de mantenimiento de las Bicisendas."},"content":{"rendered":"\n<figure class=\"wp-block-image size-full\"><a href=\"http:\/\/armstrongyregion.com.ar\/diario\/wp-content\/uploads\/2022\/08\/Emi-Jesu-Renovacion-.jpg\"><img loading=\"lazy\" decoding=\"async\" width=\"473\" height=\"420\" src=\"http:\/\/armstrongyregion.com.ar\/diario\/wp-content\/uploads\/2022\/08\/Emi-Jesu-Renovacion-.jpg\" alt=\"\" class=\"wp-image-35480\" srcset=\"https:\/\/armstrongyregion.com.ar\/diario\/wp-content\/uploads\/2022\/08\/Emi-Jesu-Renovacion-.jpg 473w, https:\/\/armstrongyregion.com.ar\/diario\/wp-content\/uploads\/2022\/08\/Emi-Jesu-Renovacion--300x266.jpg 300w\" sizes=\"auto, (max-width: 473px) 100vw, 473px\" \/><\/a><\/figure>\n\n\n\n<h2 class=\"wp-block-heading\">En la \u00faltima sesi\u00f3n ordinaria, el bloque de Renovaci\u00f3n por Armstrong integrado por los concejales Jes\u00fas Urqu\u00eda y Emiliano Gramigna, presentaron un pedido de mantenimiento de las bicisendas de la ciudad teniendo en cuenta que son muy utilizadas. Hoy no solamente porquienes trabajan en las f\u00e1bricas ya sea en el \u00e1rea industrial o ruta 9 sino tambi\u00e9n por mucha gente que la utiliza para hacer deportes.<\/h2>\n\n\n\n<p>Gramigna expresaba: \u201cHoy las bicisendas se encuentran con grietas, con malezas, por falta de mantenimiento y justamente lo que pedimos es que se le haga una correcta reparaci\u00f3n ahora para no tener mas gastos en el futuro porque sabemos que esas problem\u00e1ticas de agrietamiento hacen que paulatinamente el problema se vaya agravando, por eso nosotros le solicitamos al poder ejecutivo que repare y haga una revisi\u00f3n permanente para no tener un gasto superior en el futuro\u201d.<\/p>\n","protected":false},"excerpt":{"rendered":"<p>En la \u00faltima sesi\u00f3n ordinaria, el bloque de Renovaci\u00f3n por Armstrong integrado por los concejales Jes\u00fas Urqu\u00eda y Emiliano Gramigna, presentaron un pedido de mantenimiento de las bicisendas de la ciudad teniendo en cuenta que son muy utilizadas. Hoy no solamente porquienes trabajan en las f\u00e1bricas ya sea en el \u00e1rea industrial o ruta 9 <a href=\"https:\/\/armstrongyregion.com.ar\/diario\/renovacion-por-armstrong-presento-un-pedido-de-mantenimiento-de-las-bicisendas\/\" title=\"Read more\" >&#8230;<\/a><\/p>\n","protected":false},"author":1,"featured_media":35480,"comment_status":"open","ping_status":"open","sticky":false,"template":"","format":"image","meta":{"_jetpack_memberships_contains_paid_content":false,"footnotes":"","jetpack_publicize_message":"","jetpack_publicize_feature_enabled":true,"jetpack_social_post_already_shared":true,"jetpack_social_options":{"image_generator_settings":{"template":"highway","default_image_id":0,"enabled":false},"version":2}},"categories":[6,8,1,2,7,3],"tags":[9299,19,23,626,812,25,9298,192],"class_list":["post-38476","post","type-post","status-publish","format-image","has-post-thumbnail","hentry","category-cultura-entretenimiento","category-deliberando","category-diario-armstrong","category-locales","category-politica","category-region","tag-bicisendas","tag-de","tag-las","tag-mantenimiento","tag-pedido","tag-presento","tag-renovacion-por-armstrong","tag-un","post_format-post-format-image"],"jetpack_publicize_connections":[],"jetpack_featured_media_url":"https:\/\/armstrongyregion.com.ar\/diario\/wp-content\/uploads\/2022\/08\/Emi-Jesu-Renovacion-.jpg","jetpack_shortlink":"https:\/\/wp.me\/p62QDO-a0A","jetpack_sharing_enabled":true,"amp_enabled":true,"_links":{"self":[{"href":"https:\/\/armstrongyregion.com.ar\/diario\/wp-json\/wp\/v2\/posts\/38476","targetHints":{"allow":["GET"]}}],"collection":[{"href":"https:\/\/armstrongyregion.com.ar\/diario\/wp-json\/wp\/v2\/posts"}],"about":[{"href":"https:\/\/armstrongyregion.com.ar\/diario\/wp-json\/wp\/v2\/types\/post"}],"author":[{"embeddable":true,"href":"https:\/\/armstrongyregion.com.ar\/diario\/wp-json\/wp\/v2\/users\/1"}],"replies":[{"embeddable":true,"href":"https:\/\/armstrongyregion.com.ar\/diario\/wp-json\/wp\/v2\/comments?post=38476"}],"version-history":[{"count":1,"href":"https:\/\/armstrongyregion.com.ar\/diario\/wp-json\/wp\/v2\/posts\/38476\/revisions"}],"predecessor-version":[{"id":38477,"href":"https:\/\/armstrongyregion.com.ar\/diario\/wp-json\/wp\/v2\/posts\/38476\/revisions\/38477"}],"wp:featuredmedia":[{"embeddable":true,"href":"https:\/\/armstrongyregion.com.ar\/diario\/wp-json\/wp\/v2\/media\/35480"}],"wp:attachment":[{"href":"https:\/\/armstrongyregion.com.ar\/diario\/wp-json\/wp\/v2\/media?parent=38476"}],"wp:term":[{"taxonomy":"category","embeddable":true,"href":"https:\/\/armstrongyregion.com.ar\/diario\/wp-json\/wp\/v2\/categories?post=38476"},{"taxonomy":"post_tag","embeddable":true,"href":"https:\/\/armstrongyregion.com.ar\/diario\/wp-json\/wp\/v2\/tags?post=38476"}],"curies":[{"name":"wp","href":"https:\/\/api.w.org\/{rel}","templated":true}]}}