{"id":3847,"date":"2015-09-01T11:58:27","date_gmt":"2015-09-01T11:58:27","guid":{"rendered":"https:\/\/armstrongyregion.com.ar\/diario\/?p=3847"},"modified":"2015-09-01T12:03:39","modified_gmt":"2015-09-01T12:03:39","slug":"pablo-verdecchia-se-presento-a-declarar-en-tribunales-el-31-de-agosto","status":"publish","type":"post","link":"https:\/\/armstrongyregion.com.ar\/diario\/pablo-verdecchia-se-presento-a-declarar-en-tribunales-el-31-de-agosto\/","title":{"rendered":"Pablo Verdecchia se present\u00f3 a declarar en Tribunales el 31 de agosto."},"content":{"rendered":"<p><a href=\"http:\/\/armstrongyregion.com.ar\/diario\/wp-content\/uploads\/2015\/09\/20150831_094737-e1441108206972.jpg\"><img loading=\"lazy\" decoding=\"async\" class=\"alignnone size-medium wp-image-3848\" src=\"http:\/\/armstrongyregion.com.ar\/diario\/wp-content\/uploads\/2015\/09\/20150831_094737-e1441108206972-300x225.jpg\" alt=\"Pablo Verdecchia\" width=\"300\" height=\"225\" srcset=\"https:\/\/armstrongyregion.com.ar\/diario\/wp-content\/uploads\/2015\/09\/20150831_094737-e1441108206972-300x225.jpg 300w, https:\/\/armstrongyregion.com.ar\/diario\/wp-content\/uploads\/2015\/09\/20150831_094737-e1441108206972-1024x768.jpg 1024w\" sizes=\"auto, (max-width: 300px) 100vw, 300px\" \/><\/a><\/p>\n<p><iframe loading=\"lazy\" width=\"800\" height=\"600\" src=\"https:\/\/www.youtube.com\/embed\/1BiP0914X70?feature=oembed\" frameborder=\"0\" allowfullscreen><\/iframe><\/p>\n<p>Esta ma\u00f1ana del lunes 31 de agosto, en el Tribunal local, se present\u00f3 el Intendente de Armstrong, Pablo Verdecchia como estaba previsto para declarar en la causa por facturas ap\u00f3crifas, sobre cheques que hab\u00eda cobrado por ventanilla como pr\u00e1ctica para hacerse de efectivo el Municipio y pagar cuentas menores.<\/p>\n<p>FOTOGRAFIA, El Informe de Ca\u00f1ada de G\u00f3mez.<\/p>\n<p>Nota. Visi\u00f3n Multimedias. Punto de Noticias.<\/p>\n","protected":false},"excerpt":{"rendered":"<p>Esta ma\u00f1ana del lunes 31 de agosto, en el Tribunal local, se present\u00f3 el Intendente de Armstrong, Pablo Verdecchia como estaba previsto para declarar en la causa por facturas ap\u00f3crifas, sobre cheques que hab\u00eda cobrado por ventanilla como pr\u00e1ctica para hacerse de efectivo el Municipio y pagar cuentas menores. FOTOGRAFIA, El Informe de Ca\u00f1ada de <a href=\"https:\/\/armstrongyregion.com.ar\/diario\/pablo-verdecchia-se-presento-a-declarar-en-tribunales-el-31-de-agosto\/\" title=\"Read more\" >&#8230;<\/a><\/p>\n","protected":false},"author":2,"featured_media":3848,"comment_status":"open","ping_status":"open","sticky":false,"template":"","format":"standard","meta":{"_jetpack_memberships_contains_paid_content":false,"footnotes":"","jetpack_publicize_message":"","jetpack_publicize_feature_enabled":true,"jetpack_social_post_already_shared":false,"jetpack_social_options":{"image_generator_settings":{"template":"highway","default_image_id":0,"enabled":false},"version":2}},"categories":[1,2,7,3],"tags":[2398,33,2397,19,2647,16,15,2646,25,86,2319],"class_list":["post-3847","post","type-post","status-publish","format-standard","has-post-thumbnail","hentry","category-diario-armstrong","category-locales","category-politica","category-region","tag-2398","tag-a","tag-agosto","tag-de","tag-declarar","tag-el","tag-en","tag-pablo-verdecchia","tag-presento","tag-se","tag-tribunales"],"jetpack_publicize_connections":[],"jetpack_featured_media_url":"https:\/\/armstrongyregion.com.ar\/diario\/wp-content\/uploads\/2015\/09\/20150831_094737-e1441108206972.jpg","jetpack_shortlink":"https:\/\/wp.me\/p62QDO-103","jetpack_sharing_enabled":true,"amp_enabled":true,"_links":{"self":[{"href":"https:\/\/armstrongyregion.com.ar\/diario\/wp-json\/wp\/v2\/posts\/3847","targetHints":{"allow":["GET"]}}],"collection":[{"href":"https:\/\/armstrongyregion.com.ar\/diario\/wp-json\/wp\/v2\/posts"}],"about":[{"href":"https:\/\/armstrongyregion.com.ar\/diario\/wp-json\/wp\/v2\/types\/post"}],"author":[{"embeddable":true,"href":"https:\/\/armstrongyregion.com.ar\/diario\/wp-json\/wp\/v2\/users\/2"}],"replies":[{"embeddable":true,"href":"https:\/\/armstrongyregion.com.ar\/diario\/wp-json\/wp\/v2\/comments?post=3847"}],"version-history":[{"count":0,"href":"https:\/\/armstrongyregion.com.ar\/diario\/wp-json\/wp\/v2\/posts\/3847\/revisions"}],"wp:featuredmedia":[{"embeddable":true,"href":"https:\/\/armstrongyregion.com.ar\/diario\/wp-json\/wp\/v2\/media\/3848"}],"wp:attachment":[{"href":"https:\/\/armstrongyregion.com.ar\/diario\/wp-json\/wp\/v2\/media?parent=3847"}],"wp:term":[{"taxonomy":"category","embeddable":true,"href":"https:\/\/armstrongyregion.com.ar\/diario\/wp-json\/wp\/v2\/categories?post=3847"},{"taxonomy":"post_tag","embeddable":true,"href":"https:\/\/armstrongyregion.com.ar\/diario\/wp-json\/wp\/v2\/tags?post=3847"}],"curies":[{"name":"wp","href":"https:\/\/api.w.org\/{rel}","templated":true}]}}