{"id":38463,"date":"2023-05-04T22:06:23","date_gmt":"2023-05-04T22:06:23","guid":{"rendered":"https:\/\/armstrongyregion.com.ar\/diario\/?p=38463"},"modified":"2023-05-04T22:06:26","modified_gmt":"2023-05-04T22:06:26","slug":"el-senador-cornaglia-convirtio-en-ley-su-proyecto-de-crear-empleo-para-las-cooperativas-de-trabajo","status":"publish","type":"post","link":"https:\/\/armstrongyregion.com.ar\/diario\/el-senador-cornaglia-convirtio-en-ley-su-proyecto-de-crear-empleo-para-las-cooperativas-de-trabajo\/","title":{"rendered":"\u00a0El senador Cornaglia convirti\u00f3 en ley su proyecto de crear empleo para las cooperativas de trabajo."},"content":{"rendered":"\n<figure class=\"wp-block-image size-full\"><a href=\"http:\/\/armstrongyregion.com.ar\/diario\/wp-content\/uploads\/2023\/03\/GC-2023-03-30-Cornaglia-Emeregencia-Seguridad-1.jpg\"><img loading=\"lazy\" decoding=\"async\" width=\"480\" height=\"270\" src=\"http:\/\/armstrongyregion.com.ar\/diario\/wp-content\/uploads\/2023\/03\/GC-2023-03-30-Cornaglia-Emeregencia-Seguridad-1.jpg\" alt=\"\" class=\"wp-image-38036\" srcset=\"https:\/\/armstrongyregion.com.ar\/diario\/wp-content\/uploads\/2023\/03\/GC-2023-03-30-Cornaglia-Emeregencia-Seguridad-1.jpg 480w, https:\/\/armstrongyregion.com.ar\/diario\/wp-content\/uploads\/2023\/03\/GC-2023-03-30-Cornaglia-Emeregencia-Seguridad-1-300x169.jpg 300w\" sizes=\"auto, (max-width: 480px) 100vw, 480px\" \/><\/a><\/figure>\n\n\n\n<h2 class=\"wp-block-heading\"><strong>El cupo de participaci\u00f3n de las cooperativas de trabajo en la obra p\u00fablica no podr\u00e1 ser inferior al diez por ciento del presupuesto anual destinado a la obra p\u00fablica en todas las reparticiones de la Provincia.<\/strong><\/h2>\n\n\n\n<p>La C\u00e1mara de Senadores de Santa Fe dio sanci\u00f3n definitiva al proyecto de ley elaborado por el senador provincial Guillermo Cornaglia, el cual establece que la Provincia debe garantizar que no menos del diez por ciento de la obra p\u00fablica sea ejecutada por cooperativas de trabajo. Queda incluida dentro de la norma la asignaci\u00f3n de obra p\u00fablica de cada uno de los ministerios, empresas, entes aut\u00e1rquicos, sociedades del Estado, entes p\u00fablicos y sociedades con participaci\u00f3n estatal mayoritaria.<\/p>\n\n\n\n<p>\u201cTrabajamos en crear un sistema de redistribuci\u00f3n de la obra p\u00fablica que podr\u00e1 dar ingreso al mundo laboral a m\u00e1s de ochenta mil asociados de cooperativas sin afectar ni la eficacia del Estado ni las arcas provinciales\u201d, expres\u00f3 Cornaglia, y agreg\u00f3: \u201cSe crea un sistema que genera conciencia social y permite al Estado asistir a los miembros de una comunidad por una contraprestaci\u00f3n digna, generando una fuerza laboral que da mejor capacidad de ejecuci\u00f3n en materia de obra p\u00fablica\u201d.<\/p>\n\n\n\n<p>El senador Cornaglia explic\u00f3 que la ley fue dise\u00f1ada en base a dos lineamientos; en primer lugar, asumir la responsabilidad central que tiene el Estado de lograr la movilidad social ascendente mediante la creaci\u00f3n de trabajo genuino que comience a disminuir la injusticia estructural y fomente de manera proactiva una mejora en la seguridad al disminuir situaciones de marginalidad; y en segunda instancia, que este nuevo sistema no implique aumentar el gasto del Estado ni se afecte la eficacia del trabajo p\u00fablico. \u201cPor eso este sistema que reasigna la ejecuci\u00f3n de una al\u00edcuota del 10% del presupuesto de obra p\u00fablica de la provincia es una respuesta contundente, concreta y eficiente para toda la sociedad\u201d, a\u00f1adi\u00f3.<\/p>\n\n\n\n<p>El proyecto de ley establece como autoridad de aplicaci\u00f3n al Ministerio de la Producci\u00f3n y estipula la creaci\u00f3n del Ente de Cooperativas de Trabajo, al que podr\u00e1n adherir cooperativas, uniones transitorias y federaciones de cooperativas de trabajo. Adem\u00e1s, en su articulado se faculta al Poder Ejecutivo a implementar progresivamente el cupo del diez por ciento en un plazo no superior a dos ejercicios econ\u00f3micos desde la promulgaci\u00f3n de la ley, debiendo en el primer ejercicio contemplar un cupo no inferior al tres por ciento.<\/p>\n\n\n\n<p>\u201cAlgunas veces nos encontramos frente a proyectos que est\u00e1n destinados a cambiar la vida de las personas y \u00e9ste es uno de ellos. Hoy realmente me siento orgulloso de haber escuchado a las cooperativas, de ser el autor de esta ley y de haberla llevado adelante transformando un anhelo social en un instrumento jur\u00eddico\u201d, sostuvo Guillermo Cornaglia, y agreg\u00f3: \u201cVemos un triunfo de la pol\u00edtica con may\u00fasculas al hacer realidad el anhelo postergado de las y los trabajadores de las cooperativas que durante d\u00e9cadas han sido excluidas de la econom\u00eda formal\u201d.<\/p>\n\n\n\n<p>El senador Guillermo Cornaglia coment\u00f3 que esta ley, al permitir el ingreso al trabajo formal, brinda beneficios adicionales como obtener protecci\u00f3n legal, econ\u00f3mica y acceso a la salud mediante una obra social, adem\u00e1s de generar mayor mano de obra capacitada y brindar nuevas alternativas a las ayudas sociales. \u201cEn s\u00edntesis, es lograr dignidad a trav\u00e9s del trabajo\u201d, finaliz\u00f3 el senador Guillermo Cornaglia.<\/p>\n","protected":false},"excerpt":{"rendered":"<p>El cupo de participaci\u00f3n de las cooperativas de trabajo en la obra p\u00fablica no podr\u00e1 ser inferior al diez por ciento del presupuesto anual destinado a la obra p\u00fablica en todas las reparticiones de la Provincia. La C\u00e1mara de Senadores de Santa Fe dio sanci\u00f3n definitiva al proyecto de ley elaborado por el senador provincial <a href=\"https:\/\/armstrongyregion.com.ar\/diario\/el-senador-cornaglia-convirtio-en-ley-su-proyecto-de-crear-empleo-para-las-cooperativas-de-trabajo\/\" title=\"Read more\" >&#8230;<\/a><\/p>\n","protected":false},"author":1,"featured_media":38036,"comment_status":"open","ping_status":"open","sticky":false,"template":"","format":"image","meta":{"_jetpack_memberships_contains_paid_content":false,"footnotes":"","jetpack_publicize_message":"","jetpack_publicize_feature_enabled":true,"jetpack_social_post_already_shared":true,"jetpack_social_options":{"image_generator_settings":{"template":"highway","default_image_id":0,"enabled":false},"version":2}},"categories":[8,1,2,7,3],"tags":[9294,1324,15,639,35],"class_list":["post-38463","post","type-post","status-publish","format-image","has-post-thumbnail","hentry","category-deliberando","category-diario-armstrong","category-locales","category-politica","category-region","tag-convirtio","tag-cornaglia","tag-en","tag-proyecto","tag-su","post_format-post-format-image"],"jetpack_publicize_connections":[],"jetpack_featured_media_url":"https:\/\/armstrongyregion.com.ar\/diario\/wp-content\/uploads\/2023\/03\/GC-2023-03-30-Cornaglia-Emeregencia-Seguridad-1.jpg","jetpack_shortlink":"https:\/\/wp.me\/p62QDO-a0n","jetpack_sharing_enabled":true,"amp_enabled":true,"_links":{"self":[{"href":"https:\/\/armstrongyregion.com.ar\/diario\/wp-json\/wp\/v2\/posts\/38463","targetHints":{"allow":["GET"]}}],"collection":[{"href":"https:\/\/armstrongyregion.com.ar\/diario\/wp-json\/wp\/v2\/posts"}],"about":[{"href":"https:\/\/armstrongyregion.com.ar\/diario\/wp-json\/wp\/v2\/types\/post"}],"author":[{"embeddable":true,"href":"https:\/\/armstrongyregion.com.ar\/diario\/wp-json\/wp\/v2\/users\/1"}],"replies":[{"embeddable":true,"href":"https:\/\/armstrongyregion.com.ar\/diario\/wp-json\/wp\/v2\/comments?post=38463"}],"version-history":[{"count":1,"href":"https:\/\/armstrongyregion.com.ar\/diario\/wp-json\/wp\/v2\/posts\/38463\/revisions"}],"predecessor-version":[{"id":38464,"href":"https:\/\/armstrongyregion.com.ar\/diario\/wp-json\/wp\/v2\/posts\/38463\/revisions\/38464"}],"wp:featuredmedia":[{"embeddable":true,"href":"https:\/\/armstrongyregion.com.ar\/diario\/wp-json\/wp\/v2\/media\/38036"}],"wp:attachment":[{"href":"https:\/\/armstrongyregion.com.ar\/diario\/wp-json\/wp\/v2\/media?parent=38463"}],"wp:term":[{"taxonomy":"category","embeddable":true,"href":"https:\/\/armstrongyregion.com.ar\/diario\/wp-json\/wp\/v2\/categories?post=38463"},{"taxonomy":"post_tag","embeddable":true,"href":"https:\/\/armstrongyregion.com.ar\/diario\/wp-json\/wp\/v2\/tags?post=38463"}],"curies":[{"name":"wp","href":"https:\/\/api.w.org\/{rel}","templated":true}]}}