{"id":38447,"date":"2023-05-03T23:43:25","date_gmt":"2023-05-03T23:43:25","guid":{"rendered":"https:\/\/armstrongyregion.com.ar\/diario\/?p=38447"},"modified":"2023-05-03T23:43:27","modified_gmt":"2023-05-03T23:43:27","slug":"la-escuela-tecnica-de-las-parejas-inauguro-el-ciclo-2023-de-ciudadanos-en-el-senado","status":"publish","type":"post","link":"https:\/\/armstrongyregion.com.ar\/diario\/la-escuela-tecnica-de-las-parejas-inauguro-el-ciclo-2023-de-ciudadanos-en-el-senado\/","title":{"rendered":"La Escuela T\u00e9cnica de Las Parejas inaugur\u00f3 el ciclo 2023 de Ciudadanos en el Senado."},"content":{"rendered":"\n<figure class=\"wp-block-image size-full\"><a href=\"http:\/\/armstrongyregion.com.ar\/diario\/wp-content\/uploads\/2023\/05\/GC-2023-05-03-Ciudadanos-LP-Esc-290.jpg\"><img loading=\"lazy\" decoding=\"async\" width=\"480\" height=\"270\" src=\"http:\/\/armstrongyregion.com.ar\/diario\/wp-content\/uploads\/2023\/05\/GC-2023-05-03-Ciudadanos-LP-Esc-290.jpg\" alt=\"\" class=\"wp-image-38448\" srcset=\"https:\/\/armstrongyregion.com.ar\/diario\/wp-content\/uploads\/2023\/05\/GC-2023-05-03-Ciudadanos-LP-Esc-290.jpg 480w, https:\/\/armstrongyregion.com.ar\/diario\/wp-content\/uploads\/2023\/05\/GC-2023-05-03-Ciudadanos-LP-Esc-290-300x169.jpg 300w\" sizes=\"auto, (max-width: 480px) 100vw, 480px\" \/><\/a><\/figure>\n\n\n\n<p><strong>El senador provincial Guillermo Cornaglia agradeci\u00f3 a estudiantes, docentes y directivos por sumarse a la iniciativa y los felicit\u00f3 por el compromiso asumido en la elaboraci\u00f3n de los proyectos que presentaron con el objetivo de mejorar la realidad.<\/strong><\/p>\n\n\n\n<p>La Escuela de Educaci\u00f3n T\u00e9cnica Profesional N\u00b0 290 de Las Parejas inaugur\u00f3 para el departamento Belgrano el ciclo 2023 del programa \u201cCiudadanos en el Senado\u201d, el cual consiste en la capacitaci\u00f3n a grupos de j\u00f3venes y adultos sobre temas inherentes al funcionamiento del poder legislativo y la elaboraci\u00f3n de los diferentes tipos de proyectos. Esta propuesta responde a la necesidad de acercar la tarea legislativa a la comunidad, de fomentar la cultura democr\u00e1tica, el valor por las leyes y la participaci\u00f3n ciudadana.<\/p>\n\n\n\n<p>De esta forma, el mi\u00e9rcoles 3 de mayo estudiantes de 5to y 6to a\u00f1o asumieron el rol de senadoras y senadores al realizar la simulaci\u00f3n de una sesi\u00f3n en el recinto de la C\u00e1mara, la cual estuvo presidida en esta ocasi\u00f3n por la senadora suplente del departamento Belgrano, Erica Molteni.<\/p>\n\n\n\n<p>Tambi\u00e9n estuvo presente acompa\u00f1ando a la comunidad educativa de la EETP N\u00b0 290 el secretario de Cultura, Educaci\u00f3n, Deportes y Juventudes de Las Parejas, Alejo Borini Sanabria.<\/p>\n","protected":false},"excerpt":{"rendered":"<p>El senador provincial Guillermo Cornaglia agradeci\u00f3 a estudiantes, docentes y directivos por sumarse a la iniciativa y los felicit\u00f3 por el compromiso asumido en la elaboraci\u00f3n de los proyectos que presentaron con el objetivo de mejorar la realidad. La Escuela de Educaci\u00f3n T\u00e9cnica Profesional N\u00b0 290 de Las Parejas inaugur\u00f3 para el departamento Belgrano el <a href=\"https:\/\/armstrongyregion.com.ar\/diario\/la-escuela-tecnica-de-las-parejas-inauguro-el-ciclo-2023-de-ciudadanos-en-el-senado\/\" title=\"Read more\" >&#8230;<\/a><\/p>\n","protected":false},"author":1,"featured_media":38448,"comment_status":"open","ping_status":"open","sticky":false,"template":"","format":"image","meta":{"_jetpack_memberships_contains_paid_content":false,"footnotes":"","jetpack_publicize_message":"","jetpack_publicize_feature_enabled":true,"jetpack_social_post_already_shared":true,"jetpack_social_options":{"image_generator_settings":{"template":"highway","default_image_id":0,"enabled":false},"version":2}},"categories":[6,8,1,2819,7,3],"tags":[],"class_list":["post-38447","post","type-post","status-publish","format-image","has-post-thumbnail","hentry","category-cultura-entretenimiento","category-deliberando","category-diario-armstrong","category-el-pais","category-politica","category-region","post_format-post-format-image"],"jetpack_publicize_connections":[],"jetpack_featured_media_url":"https:\/\/armstrongyregion.com.ar\/diario\/wp-content\/uploads\/2023\/05\/GC-2023-05-03-Ciudadanos-LP-Esc-290.jpg","jetpack_shortlink":"https:\/\/wp.me\/p62QDO-a07","jetpack_sharing_enabled":true,"amp_enabled":true,"_links":{"self":[{"href":"https:\/\/armstrongyregion.com.ar\/diario\/wp-json\/wp\/v2\/posts\/38447","targetHints":{"allow":["GET"]}}],"collection":[{"href":"https:\/\/armstrongyregion.com.ar\/diario\/wp-json\/wp\/v2\/posts"}],"about":[{"href":"https:\/\/armstrongyregion.com.ar\/diario\/wp-json\/wp\/v2\/types\/post"}],"author":[{"embeddable":true,"href":"https:\/\/armstrongyregion.com.ar\/diario\/wp-json\/wp\/v2\/users\/1"}],"replies":[{"embeddable":true,"href":"https:\/\/armstrongyregion.com.ar\/diario\/wp-json\/wp\/v2\/comments?post=38447"}],"version-history":[{"count":1,"href":"https:\/\/armstrongyregion.com.ar\/diario\/wp-json\/wp\/v2\/posts\/38447\/revisions"}],"predecessor-version":[{"id":38449,"href":"https:\/\/armstrongyregion.com.ar\/diario\/wp-json\/wp\/v2\/posts\/38447\/revisions\/38449"}],"wp:featuredmedia":[{"embeddable":true,"href":"https:\/\/armstrongyregion.com.ar\/diario\/wp-json\/wp\/v2\/media\/38448"}],"wp:attachment":[{"href":"https:\/\/armstrongyregion.com.ar\/diario\/wp-json\/wp\/v2\/media?parent=38447"}],"wp:term":[{"taxonomy":"category","embeddable":true,"href":"https:\/\/armstrongyregion.com.ar\/diario\/wp-json\/wp\/v2\/categories?post=38447"},{"taxonomy":"post_tag","embeddable":true,"href":"https:\/\/armstrongyregion.com.ar\/diario\/wp-json\/wp\/v2\/tags?post=38447"}],"curies":[{"name":"wp","href":"https:\/\/api.w.org\/{rel}","templated":true}]}}