{"id":38444,"date":"2023-05-03T23:37:41","date_gmt":"2023-05-03T23:37:41","guid":{"rendered":"https:\/\/armstrongyregion.com.ar\/diario\/?p=38444"},"modified":"2023-05-03T23:37:44","modified_gmt":"2023-05-03T23:37:44","slug":"este-domingo-cultura-iriondo-llega-a-correa","status":"publish","type":"post","link":"https:\/\/armstrongyregion.com.ar\/diario\/este-domingo-cultura-iriondo-llega-a-correa\/","title":{"rendered":"Este domingo Cultura Iriondo llega a Correa."},"content":{"rendered":"\n<figure class=\"wp-block-image size-full\"><a href=\"http:\/\/armstrongyregion.com.ar\/diario\/wp-content\/uploads\/2023\/05\/Cutlura-Iriondo-Correa.jpg\"><img loading=\"lazy\" decoding=\"async\" width=\"480\" height=\"480\" src=\"http:\/\/armstrongyregion.com.ar\/diario\/wp-content\/uploads\/2023\/05\/Cutlura-Iriondo-Correa.jpg\" alt=\"\" class=\"wp-image-38445\" srcset=\"https:\/\/armstrongyregion.com.ar\/diario\/wp-content\/uploads\/2023\/05\/Cutlura-Iriondo-Correa.jpg 480w, https:\/\/armstrongyregion.com.ar\/diario\/wp-content\/uploads\/2023\/05\/Cutlura-Iriondo-Correa-300x300.jpg 300w, https:\/\/armstrongyregion.com.ar\/diario\/wp-content\/uploads\/2023\/05\/Cutlura-Iriondo-Correa-150x150.jpg 150w\" sizes=\"auto, (max-width: 480px) 100vw, 480px\" \/><\/a><\/figure>\n\n\n\n<p>El pr\u00f3ximo domingo 7 de mayo, la feria itinerante Cultura Iriondo llega a Correa para<br>ofrecer una experiencia \u00fanica llena de diversi\u00f3n y cultura. El Polideportivo Comunal<br>ser\u00e1 el escenario de este gran encuentro que re\u00fane a artesanos, gastron\u00f3micos,<br>artistas y animadores de todo el Departamento Iriondo. Desde las 13 horas, los vecinos<br>de Correa podr\u00e1n disfrutar de una variedad de actividades para toda la familia:<br>payasos, malabaristas, juegos para ni\u00f1os, n\u00fameros musicales, deliciosa comida y<br>mucho m\u00e1s. Adem\u00e1s, los talentos locales tendr\u00e1n la oportunidad de mostrar sus<br>habilidades en el canto o el baile sobre el escenario, y los artesanos podr\u00e1n exponer<br>sus productos y venderlos al p\u00fablico. Los interesados en participar pueden inscribirse<br>en la p\u00e1gina web www.rasetto.ar<br>Correa es la novena localidad que recibe a Cultura Iriondo, una iniciativa del senador<br>que busca promover y difundir la cultura de nuestro departamento, en esta<br>oportunidad el encuentro estar\u00e1 organizado junto a la Comuna de Correa y su<br>presidente comunal Nahuel Cejas.<br>El senador Hugo Jes\u00fas Rasetto expres\u00f3: \u00abEstamos muy contentos de llevar Cultura<br>Iriondo a Correa y de compartir con los vecinos una jornada de alegr\u00eda y<br>entretenimiento. Queremos que todos se sientan parte de la cultura de nuestro<br>departamento y que disfruten de esta propuesta que hemos preparado con mucho<br>cari\u00f1o\u00bb. La entrada es libre y gratuita.<\/p>\n","protected":false},"excerpt":{"rendered":"<p>El pr\u00f3ximo domingo 7 de mayo, la feria itinerante Cultura Iriondo llega a Correa paraofrecer una experiencia \u00fanica llena de diversi\u00f3n y cultura. El Polideportivo Comunalser\u00e1 el escenario de este gran encuentro que re\u00fane a artesanos, gastron\u00f3micos,artistas y animadores de todo el Departamento Iriondo. Desde las 13 horas, los vecinosde Correa podr\u00e1n disfrutar de una <a href=\"https:\/\/armstrongyregion.com.ar\/diario\/este-domingo-cultura-iriondo-llega-a-correa\/\" title=\"Read more\" >&#8230;<\/a><\/p>\n","protected":false},"author":1,"featured_media":38445,"comment_status":"open","ping_status":"open","sticky":false,"template":"","format":"image","meta":{"_jetpack_memberships_contains_paid_content":false,"footnotes":"","jetpack_publicize_message":"","jetpack_publicize_feature_enabled":true,"jetpack_social_post_already_shared":true,"jetpack_social_options":{"image_generator_settings":{"template":"highway","default_image_id":0,"enabled":false},"version":2}},"categories":[6,8,1,7,3],"tags":[33,303,47,1467,162,8605,368],"class_list":["post-38444","post","type-post","status-publish","format-image","has-post-thumbnail","hentry","category-cultura-entretenimiento","category-deliberando","category-diario-armstrong","category-politica","category-region","tag-a","tag-correa","tag-cultura","tag-domingo","tag-este","tag-iriondo-2","tag-llega","post_format-post-format-image"],"jetpack_publicize_connections":[],"jetpack_featured_media_url":"https:\/\/armstrongyregion.com.ar\/diario\/wp-content\/uploads\/2023\/05\/Cutlura-Iriondo-Correa.jpg","jetpack_shortlink":"https:\/\/wp.me\/p62QDO-a04","jetpack_sharing_enabled":true,"amp_enabled":true,"_links":{"self":[{"href":"https:\/\/armstrongyregion.com.ar\/diario\/wp-json\/wp\/v2\/posts\/38444","targetHints":{"allow":["GET"]}}],"collection":[{"href":"https:\/\/armstrongyregion.com.ar\/diario\/wp-json\/wp\/v2\/posts"}],"about":[{"href":"https:\/\/armstrongyregion.com.ar\/diario\/wp-json\/wp\/v2\/types\/post"}],"author":[{"embeddable":true,"href":"https:\/\/armstrongyregion.com.ar\/diario\/wp-json\/wp\/v2\/users\/1"}],"replies":[{"embeddable":true,"href":"https:\/\/armstrongyregion.com.ar\/diario\/wp-json\/wp\/v2\/comments?post=38444"}],"version-history":[{"count":1,"href":"https:\/\/armstrongyregion.com.ar\/diario\/wp-json\/wp\/v2\/posts\/38444\/revisions"}],"predecessor-version":[{"id":38446,"href":"https:\/\/armstrongyregion.com.ar\/diario\/wp-json\/wp\/v2\/posts\/38444\/revisions\/38446"}],"wp:featuredmedia":[{"embeddable":true,"href":"https:\/\/armstrongyregion.com.ar\/diario\/wp-json\/wp\/v2\/media\/38445"}],"wp:attachment":[{"href":"https:\/\/armstrongyregion.com.ar\/diario\/wp-json\/wp\/v2\/media?parent=38444"}],"wp:term":[{"taxonomy":"category","embeddable":true,"href":"https:\/\/armstrongyregion.com.ar\/diario\/wp-json\/wp\/v2\/categories?post=38444"},{"taxonomy":"post_tag","embeddable":true,"href":"https:\/\/armstrongyregion.com.ar\/diario\/wp-json\/wp\/v2\/tags?post=38444"}],"curies":[{"name":"wp","href":"https:\/\/api.w.org\/{rel}","templated":true}]}}