{"id":38441,"date":"2023-05-03T23:32:53","date_gmt":"2023-05-03T23:32:53","guid":{"rendered":"https:\/\/armstrongyregion.com.ar\/diario\/?p=38441"},"modified":"2023-05-03T23:32:55","modified_gmt":"2023-05-03T23:32:55","slug":"la-provincia-realizo-un-curso-de-instalacion-de-paneles-solares-en-las-parejas","status":"publish","type":"post","link":"https:\/\/armstrongyregion.com.ar\/diario\/la-provincia-realizo-un-curso-de-instalacion-de-paneles-solares-en-las-parejas\/","title":{"rendered":"La provincia realiz\u00f3 un curso de instalaci\u00f3n de paneles solares en Las Parejas."},"content":{"rendered":"\n<figure class=\"wp-block-image size-full\"><a href=\"http:\/\/armstrongyregion.com.ar\/diario\/wp-content\/uploads\/2023\/05\/paneles-las-parejas-.jpg\"><img loading=\"lazy\" decoding=\"async\" width=\"592\" height=\"429\" src=\"http:\/\/armstrongyregion.com.ar\/diario\/wp-content\/uploads\/2023\/05\/paneles-las-parejas-.jpg\" alt=\"\" class=\"wp-image-38442\" srcset=\"https:\/\/armstrongyregion.com.ar\/diario\/wp-content\/uploads\/2023\/05\/paneles-las-parejas-.jpg 592w, https:\/\/armstrongyregion.com.ar\/diario\/wp-content\/uploads\/2023\/05\/paneles-las-parejas--300x217.jpg 300w\" sizes=\"auto, (max-width: 592px) 100vw, 592px\" \/><\/a><\/figure>\n\n\n\n<h2 class=\"wp-block-heading\">En el marco de la transici\u00f3n energ\u00e9tica y con el objetivo de fomentar el empleo verde, se llev\u00f3 adelante adem\u00e1s una reuni\u00f3n de trabajo con industriales.<\/h2>\n\n\n\n<p>El Ministerio de Ambiente y Cambio Clim\u00e1tico llev\u00f3 adelante un curso de instalaci\u00f3n de paneles solares fotovoltaicos con el objetivo de fomentar el empleo verde en la regi\u00f3n, en el marco de la transici\u00f3n energ\u00e9tica impulsada por el Gobierno de Santa Fe.<\/p>\n\n\n\n<p>\u201cLa ministra Erika Gonnet nos convoca permanentemente a desarrollar acciones ambientales concretas, que puedan acercar la tem\u00e1tica en los territorios. Por eso propusimos llevar adelante esta capacitaci\u00f3n\u201d, coment\u00f3 el subsecretario de Tecnolog\u00edas para la Sostenibilidad, Franco Blatter, quien estuvo a cargo de la jornada.<\/p>\n\n\n\n<p>\u201cParticiparon alrededor de 50 personas, fundamentalmente trabajadores de obras, plomeros, gasistas, y electricistas, todos pertenecientes al sector de la construcci\u00f3n de la zona de Las Parejas y localidades cercanas. La mayor\u00eda de los asistentes encuentran en esta propuesta una salida laboral adicional\u201d, agreg\u00f3 Blatter.<\/p>\n\n\n\n<p><strong>AMBIENTE E INDUSTRIA<\/strong><br>Por otro lado, se llev\u00f3 adelante una reuni\u00f3n de trabajo con integrantes de 15 industrias de la zona, organizada de manera conjunta con el Municipio de Las Parejas y el Centro Industrial.<\/p>\n\n\n\n<p>\u201cPresentamos los programas Energ\u00eda Renovable para el Ambiente, ERA Colaborativo, Plan Renovable y el reciente programa impulsado por el gobierno de Santa Fe, Sello Verde\u201d, coment\u00f3 el subsecretario de Tecnolog\u00edas para la Sostenibilidad.<\/p>\n\n\n\n<p>\u201cHubo una muy buena predisposici\u00f3n de los presentes e intercambio. En la mayor\u00eda de los casos conoc\u00edan los programas pero necesitaban m\u00e1s informaci\u00f3n para poder implementarlos y resaltaron la importancia de desarrollar herramientas concretas para el sector\u201d, finaliz\u00f3.<\/p>\n\n\n\n<p><strong>PRESENTES<\/strong><br>En la actividad estuvieron presentes el secretario de Producci\u00f3n de Las Parejas, Marcos Pistelli y la directora de Ambiente de la localidad, Sof\u00eda Vadano. Adem\u00e1s, participaron la presidenta del Concejo Municipal, Cintia Marconato y el Gerente General del Centro Industrial Las Parejas, Pablo Basta. Por parte del Ministerio de Ambiente y Cambio Clim\u00e1tico participaron las asesoras t\u00e9cnicas Laura Berros y Camila Aita.<\/p>\n","protected":false},"excerpt":{"rendered":"<p>En el marco de la transici\u00f3n energ\u00e9tica y con el objetivo de fomentar el empleo verde, se llev\u00f3 adelante adem\u00e1s una reuni\u00f3n de trabajo con industriales. El Ministerio de Ambiente y Cambio Clim\u00e1tico llev\u00f3 adelante un curso de instalaci\u00f3n de paneles solares fotovoltaicos con el objetivo de fomentar el empleo verde en la regi\u00f3n, en <a href=\"https:\/\/armstrongyregion.com.ar\/diario\/la-provincia-realizo-un-curso-de-instalacion-de-paneles-solares-en-las-parejas\/\" title=\"Read more\" >&#8230;<\/a><\/p>\n","protected":false},"author":1,"featured_media":38442,"comment_status":"open","ping_status":"open","sticky":false,"template":"","format":"image","meta":{"_jetpack_memberships_contains_paid_content":false,"footnotes":"","jetpack_publicize_message":"","jetpack_publicize_feature_enabled":true,"jetpack_social_post_already_shared":true,"jetpack_social_options":{"image_generator_settings":{"template":"highway","default_image_id":0,"enabled":false},"version":2}},"categories":[6,8,1,7,3],"tags":[412,31,509,3959,8640,87,2044],"class_list":["post-38441","post","type-post","status-publish","format-image","has-post-thumbnail","hentry","category-cultura-entretenimiento","category-deliberando","category-diario-armstrong","category-politica","category-region","tag-curso","tag-la","tag-las-parejas","tag-paneles","tag-provincia-2","tag-realizo","tag-solares","post_format-post-format-image"],"jetpack_publicize_connections":[],"jetpack_featured_media_url":"https:\/\/armstrongyregion.com.ar\/diario\/wp-content\/uploads\/2023\/05\/paneles-las-parejas-.jpg","jetpack_shortlink":"https:\/\/wp.me\/p62QDO-a01","jetpack_sharing_enabled":true,"amp_enabled":true,"_links":{"self":[{"href":"https:\/\/armstrongyregion.com.ar\/diario\/wp-json\/wp\/v2\/posts\/38441","targetHints":{"allow":["GET"]}}],"collection":[{"href":"https:\/\/armstrongyregion.com.ar\/diario\/wp-json\/wp\/v2\/posts"}],"about":[{"href":"https:\/\/armstrongyregion.com.ar\/diario\/wp-json\/wp\/v2\/types\/post"}],"author":[{"embeddable":true,"href":"https:\/\/armstrongyregion.com.ar\/diario\/wp-json\/wp\/v2\/users\/1"}],"replies":[{"embeddable":true,"href":"https:\/\/armstrongyregion.com.ar\/diario\/wp-json\/wp\/v2\/comments?post=38441"}],"version-history":[{"count":1,"href":"https:\/\/armstrongyregion.com.ar\/diario\/wp-json\/wp\/v2\/posts\/38441\/revisions"}],"predecessor-version":[{"id":38443,"href":"https:\/\/armstrongyregion.com.ar\/diario\/wp-json\/wp\/v2\/posts\/38441\/revisions\/38443"}],"wp:featuredmedia":[{"embeddable":true,"href":"https:\/\/armstrongyregion.com.ar\/diario\/wp-json\/wp\/v2\/media\/38442"}],"wp:attachment":[{"href":"https:\/\/armstrongyregion.com.ar\/diario\/wp-json\/wp\/v2\/media?parent=38441"}],"wp:term":[{"taxonomy":"category","embeddable":true,"href":"https:\/\/armstrongyregion.com.ar\/diario\/wp-json\/wp\/v2\/categories?post=38441"},{"taxonomy":"post_tag","embeddable":true,"href":"https:\/\/armstrongyregion.com.ar\/diario\/wp-json\/wp\/v2\/tags?post=38441"}],"curies":[{"name":"wp","href":"https:\/\/api.w.org\/{rel}","templated":true}]}}