{"id":38438,"date":"2023-05-03T23:28:28","date_gmt":"2023-05-03T23:28:28","guid":{"rendered":"https:\/\/armstrongyregion.com.ar\/diario\/?p=38438"},"modified":"2023-05-04T02:55:21","modified_gmt":"2023-05-04T02:55:21","slug":"juntarnos-por-ruben-eduardo-kelo-moreno","status":"publish","type":"post","link":"https:\/\/armstrongyregion.com.ar\/diario\/juntarnos-por-ruben-eduardo-kelo-moreno\/","title":{"rendered":"Juntarnos. Por Ruben Eduardo Kelo Moreno."},"content":{"rendered":"\n<figure class=\"wp-block-image size-full\"><a href=\"http:\/\/armstrongyregion.com.ar\/diario\/wp-content\/uploads\/2023\/05\/JUNTARNOSIMAGENMarchas.jpg\"><img loading=\"lazy\" decoding=\"async\" width=\"572\" height=\"302\" src=\"http:\/\/armstrongyregion.com.ar\/diario\/wp-content\/uploads\/2023\/05\/JUNTARNOSIMAGENMarchas.jpg\" alt=\"\" class=\"wp-image-38439\" srcset=\"https:\/\/armstrongyregion.com.ar\/diario\/wp-content\/uploads\/2023\/05\/JUNTARNOSIMAGENMarchas.jpg 572w, https:\/\/armstrongyregion.com.ar\/diario\/wp-content\/uploads\/2023\/05\/JUNTARNOSIMAGENMarchas-300x158.jpg 300w\" sizes=\"auto, (max-width: 572px) 100vw, 572px\" \/><\/a><\/figure>\n\n\n\n<p>Dolor e impotencia de ver tantos desprotegidos sociales, excluidos : cayendo en profundas depresiones;&nbsp;&nbsp;fumigaciones :venenos que alarman por la suma de v\u00edctimas fatales y enfermedades cr\u00f3nicas ;&nbsp;&nbsp;desocupados como variable de ajuste; jubilados&nbsp;&nbsp;desconcertados perdiendo dignidad- ellos que dieron tanto por todos- ; ni\u00f1os en su mayor\u00eda bajo el nivel de la pobreza, sin alimentos; j\u00f3venes sin proyectos de vida;&nbsp;&nbsp;&nbsp;derechos adquiridos que solo responden a grupos concentrados econ\u00f3micos y a sus amigos c\u00f3mplices; originarios mendigando lo que le corresponde por derechos; ni hablar de violencia social institucional m\u00e1s ajustes y corrimiento de soluciones de fondo atacando las causas que la provocan.<\/p>\n\n\n\n<p>\u00a0Adem\u00e1s a todos aquellos que ven escapar sus sue\u00f1os debido a la\u00a0\u00a0dejadez\u00a0\u00a0o desidia\u00a0\u00a0\u00a0\u00a0de un Estado ausente\u00a0\u00a0sin pol\u00edticas acordes a las circunstancias con remiendos provisorios que no solucionan el problema de la voraz inflaci\u00f3n.\u00a0\u00a0\u00a0\u00a0\u00a0\u00a0\u00a0\u00a0\u00a0\u00a0\u00a0\u00a0\u00a0\u00a0\u00a0\u00a0\u00a0\u00a0\u00a0\u00a0\u00a0\u00a0\u00a0\u00a0\u00a0\u00a0\u00a0\u00a0\u00a0\u00a0\u00a0\u00a0\u00a0\u00a0\u00a0\u00a0\u00a0\u00a0\u00a0\u00a0\u00a0\u00a0\u00a0\u00a0\u00a0\u00a0\u00a0\u00a0\u00a0\u00a0\u00a0\u00a0\u00a0\u00a0\u00a0\u00a0\u00a0\u00a0\u00a0\u00a0\u00a0\u00a0\u00a0\u00a0\u00a0\u00a0\u00a0\u00a0\u00a0\u00a0\u00a0\u00a0\u00a0\u00a0\u00a0\u00a0\u00a0\u00a0\u00a0\u00a0\u00a0\u00a0\u00a0\u00a0\u00a0\u00a0\u00a0\u00a0\u00a0\u00a0\u00a0\u00a0\u00a0\u00a0\u00a0\u00a0\u00a0\u00a0\u00a0\u00a0\u00a0\u00a0\u00a0\u00a0\u00a0\u00a0\u00a0\u00a0\u00a0\u00a0\u00a0\u00a0\u00a0\u00a0\u00a0\u00a0\u00a0\u00a0\u00a0\u00a0\u00a0\u00a0\u00a0\u00a0\u00a0\u00a0\u00a0\u00a0\u00a0\u00a0\u00a0\u00a0\u00a0\u00a0\u00a0\u00a0\u00a0\u00a0\u00a0\u00a0\u00a0\u00a0\u00a0\u00a0\u00a0\u00a0\u00a0\u00a0\u00a0<\/p>\n\n\n\n<p>Un Gobierno que prioriza pagar una deuda externa mentirosa y fraudulenta con las consecuencias que eso deja,&nbsp;&nbsp;adem\u00e1s prioriza la usura financiera a la Educaci\u00f3n digna y candidatos que proponen cerrar el ministerio de educaci\u00f3n sufren de esquizofrenia pol\u00edtica&nbsp;&nbsp;perdidos en tiempo y espacio, solo nos llevara&nbsp;&nbsp;al fracaso , viendo a los responsables que construyeron desde la anti pol\u00edtica justificarse con discursos vac\u00edos y facilismo pol\u00edtico, para todos los problemas serios que vive nuestro pa\u00eds,&nbsp;&nbsp;abri\u00e9ndose&nbsp;&nbsp;espacios para estos fascistas que son como jinetes del apocalipsis para destruir todo el Estado, y lo proclaman con&nbsp;&nbsp;toda firmeza y sin ning\u00fan reparo de realizarlo si llegan nuevamente al poder.<\/p>\n\n\n\n<p>&nbsp;Los sectores populares solo reciben migajas a la marcada desigualdad en el accionar del gobierno donde&nbsp;&nbsp;se profundiza cada vez m\u00e1s la pobreza. Hay m\u00e1s incertidumbre que certezas en el d\u00eda a d\u00eda.<\/p>\n\n\n\n<p>&nbsp;La pol\u00edtica ha entrado en una ausencia&nbsp;&nbsp;que se aleja cada vez m\u00e1s de la soluciones, profundizando problemas, perdiendo el rumbo, solo act\u00faa para garantizar a los que siguen potenciando sus riquezas ,&nbsp;&nbsp;acumulando m\u00e1s beneficios para una minor\u00eda, produciendo desigualdad fomentando rencores y generando&nbsp;&nbsp;&nbsp;violencia.<\/p>\n\n\n\n<p>&nbsp;&nbsp;Las excepciones a la regla son estrechas, solo aparece una peque\u00f1a minor\u00eda de legisladores&nbsp;&nbsp;que siguen defendiendo y&nbsp;&nbsp;oponi\u00e9ndose a estos modelos, en cambio los otros, que parecen mayor\u00eda, lo hacen por poder, siendo solo testimoniales&nbsp;&nbsp;acompa\u00f1ando estas pr\u00e1cticas crueles, la toma del estado por estos inescrupulosos grupos econ\u00f3micos que utilizan las estructuras democr\u00e1ticas respaldados por una Corte de justicia que deja mucho que desear y creando ese servilismo de parte de los representantes elegidos por votos.<\/p>\n\n\n\n<p>&nbsp;Est\u00e1n entregando lo que es de todos, nuestros derechos y garant\u00edas, los tres poderes totalmente sometidos y sumisos a estos pat\u00e9ticos que no paran y siguen avanzando. La pol\u00edtica est\u00e1&nbsp;&nbsp;en otra&nbsp;&nbsp;parte, est\u00e1 donde est\u00e1n las&nbsp;&nbsp;necesidades.<\/p>\n\n\n\n<p>\u00a0Hoy se quiere demostrar desde un mensaje apabullador\u00a0\u00a0-en estos medios de cultura Menemista Macrista (dif\u00edcil de erradicar)-\u00a0\u00a0que la pol\u00edtica es un empresario arrepentido enriquecido, un valijero, copias de cuadernos,\u00a0\u00a0que un diputado viaja en avi\u00f3n, que Susana es gorda, Mirtha sigue cumpliendo a\u00f1os, un entierra valija, Cuenta Bancaria Offshore etc.para justificar las malas practicas y hablar de la nada.<\/p>\n\n\n\n<p>&nbsp;Estos inescrupulosos hist\u00f3ricos&nbsp;&nbsp;son los responsables que cambian de rostros pero son los mismos causantes&nbsp;&nbsp;de&nbsp;&nbsp;que tengamos esta pobreza estructural y&nbsp;&nbsp;que la mitad de los ni\u00f1os no coman, siguen gobernando desde la crueldad, son perversos y manipuladores sin grietas.<\/p>\n\n\n\n<p>Eso nada tiene que ver con los miles de comprometidos&nbsp;&nbsp;que dejan todo por el bien com\u00fan,&nbsp;&nbsp;est\u00e1n siempre con las necesidades colectivas&nbsp;&nbsp;defendiendo para garantizar dignidad, los miles de docentes, las revolucionarias verdes, las asambleas, los ambientalistas, los movimientos sociales, los organismos ddhh, los militantes pol\u00edticos que siguen levantando banderas, periodistas que no pierden esa mirada amplia con compromiso, que pierden hasta lo m\u00e1s preciado de la dignidad humana: el trabajo, los medios alternativos, y millones de vecinos indignados, esto debe darnos fuerza y esperanzas que hay&nbsp;&nbsp;otros caminos con horizontes que compartiremos con dignidad ,igualdad de posibilidades, justicia y gran memoria para no volver jam\u00e1s a repetir estas pr\u00e1cticas pol\u00edticas para unos pocos.<\/p>\n\n\n\n<p>Hay una imagen que recorre las redes sociales y marca nuestra b\u00fasqueda pol\u00edtica, un padre le dice a su hijo ni\u00f1o: \u00bf\u201cEntonces t\u00fa quieres cambiar el mundo solo\u201d?-\u201cNo estoy solo, estamos dispersos&#8230;pero ya comenzaremos a juntarnos\u201d&nbsp;&nbsp;&nbsp;<\/p>\n\n\n\n<p>Ruben Eduardo Kelo Moreno.<\/p>\n","protected":false},"excerpt":{"rendered":"<p>Dolor e impotencia de ver tantos desprotegidos sociales, excluidos : cayendo en profundas depresiones;&nbsp;&nbsp;fumigaciones :venenos que alarman por la suma de v\u00edctimas fatales y enfermedades cr\u00f3nicas ;&nbsp;&nbsp;desocupados como variable de ajuste; jubilados&nbsp;&nbsp;desconcertados perdiendo dignidad- ellos que dieron tanto por todos- ; ni\u00f1os en su mayor\u00eda bajo el nivel de la pobreza, sin alimentos; j\u00f3venes sin <a href=\"https:\/\/armstrongyregion.com.ar\/diario\/juntarnos-por-ruben-eduardo-kelo-moreno\/\" title=\"Read more\" >&#8230;<\/a><\/p>\n","protected":false},"author":1,"featured_media":38439,"comment_status":"open","ping_status":"open","sticky":false,"template":"","format":"image","meta":{"_jetpack_memberships_contains_paid_content":false,"footnotes":"","jetpack_publicize_message":"","jetpack_publicize_feature_enabled":true,"jetpack_social_post_already_shared":true,"jetpack_social_options":{"image_generator_settings":{"template":"highway","default_image_id":0,"enabled":false},"version":2}},"categories":[6,8,1,2,7,3],"tags":[9288,8699,8700,1720],"class_list":["post-38438","post","type-post","status-publish","format-image","has-post-thumbnail","hentry","category-cultura-entretenimiento","category-deliberando","category-diario-armstrong","category-locales","category-politica","category-region","tag-juntarnos","tag-kelo","tag-moreno-2","tag-ruben","post_format-post-format-image"],"jetpack_publicize_connections":[],"jetpack_featured_media_url":"https:\/\/armstrongyregion.com.ar\/diario\/wp-content\/uploads\/2023\/05\/JUNTARNOSIMAGENMarchas.jpg","jetpack_shortlink":"https:\/\/wp.me\/p62QDO-9ZY","jetpack_sharing_enabled":true,"amp_enabled":true,"_links":{"self":[{"href":"https:\/\/armstrongyregion.com.ar\/diario\/wp-json\/wp\/v2\/posts\/38438","targetHints":{"allow":["GET"]}}],"collection":[{"href":"https:\/\/armstrongyregion.com.ar\/diario\/wp-json\/wp\/v2\/posts"}],"about":[{"href":"https:\/\/armstrongyregion.com.ar\/diario\/wp-json\/wp\/v2\/types\/post"}],"author":[{"embeddable":true,"href":"https:\/\/armstrongyregion.com.ar\/diario\/wp-json\/wp\/v2\/users\/1"}],"replies":[{"embeddable":true,"href":"https:\/\/armstrongyregion.com.ar\/diario\/wp-json\/wp\/v2\/comments?post=38438"}],"version-history":[{"count":2,"href":"https:\/\/armstrongyregion.com.ar\/diario\/wp-json\/wp\/v2\/posts\/38438\/revisions"}],"predecessor-version":[{"id":38451,"href":"https:\/\/armstrongyregion.com.ar\/diario\/wp-json\/wp\/v2\/posts\/38438\/revisions\/38451"}],"wp:featuredmedia":[{"embeddable":true,"href":"https:\/\/armstrongyregion.com.ar\/diario\/wp-json\/wp\/v2\/media\/38439"}],"wp:attachment":[{"href":"https:\/\/armstrongyregion.com.ar\/diario\/wp-json\/wp\/v2\/media?parent=38438"}],"wp:term":[{"taxonomy":"category","embeddable":true,"href":"https:\/\/armstrongyregion.com.ar\/diario\/wp-json\/wp\/v2\/categories?post=38438"},{"taxonomy":"post_tag","embeddable":true,"href":"https:\/\/armstrongyregion.com.ar\/diario\/wp-json\/wp\/v2\/tags?post=38438"}],"curies":[{"name":"wp","href":"https:\/\/api.w.org\/{rel}","templated":true}]}}