{"id":38431,"date":"2023-05-03T01:39:06","date_gmt":"2023-05-03T01:39:06","guid":{"rendered":"https:\/\/armstrongyregion.com.ar\/diario\/?p=38431"},"modified":"2023-05-03T01:39:09","modified_gmt":"2023-05-03T01:39:09","slug":"armstrong-verdecchia-entrego-1-000-000-al-s-a-m-co-local","status":"publish","type":"post","link":"https:\/\/armstrongyregion.com.ar\/diario\/armstrong-verdecchia-entrego-1-000-000-al-s-a-m-co-local\/","title":{"rendered":"Armstrong. Verdecchia entreg\u00f3 $ 1.000.000 al S.A.M.Co. local."},"content":{"rendered":"\n<figure class=\"wp-block-image size-large\"><a href=\"http:\/\/armstrongyregion.com.ar\/diario\/wp-content\/uploads\/2023\/05\/verdecchia-y-samco.jpg\"><img loading=\"lazy\" decoding=\"async\" width=\"1024\" height=\"683\" src=\"http:\/\/armstrongyregion.com.ar\/diario\/wp-content\/uploads\/2023\/05\/verdecchia-y-samco-1024x683.jpg\" alt=\"\" class=\"wp-image-38432\" srcset=\"https:\/\/armstrongyregion.com.ar\/diario\/wp-content\/uploads\/2023\/05\/verdecchia-y-samco-1024x683.jpg 1024w, https:\/\/armstrongyregion.com.ar\/diario\/wp-content\/uploads\/2023\/05\/verdecchia-y-samco-300x200.jpg 300w, https:\/\/armstrongyregion.com.ar\/diario\/wp-content\/uploads\/2023\/05\/verdecchia-y-samco-768x512.jpg 768w, https:\/\/armstrongyregion.com.ar\/diario\/wp-content\/uploads\/2023\/05\/verdecchia-y-samco.jpg 1350w\" sizes=\"auto, (max-width: 1024px) 100vw, 1024px\" \/><\/a><\/figure>\n\n\n\n<h2 class=\"wp-block-heading\"><em>El Intendente Verdecchia acompa\u00f1ado por la Directora del S.A.M.Co. Dra. Ver\u00f3nica Barone recorri\u00f3 las obras que con fondos propios se llevan adelante en el nosocomio y se manifest\u00f3 contento por el trabajo y esfuerzo que hay por parte de quienes integran la instituci\u00f3n.<\/em><\/h2>\n\n\n\n<p>En la oportunidad, hizo entrega de un aporte de $ 1.000.000 que ser\u00e1n invertidos en parte de los paneles de ox\u00edgeno que se colocar\u00e1n en el nuevo sector, seg\u00fan declaraciones de integrantes de su Consejo de Administraci\u00f3n.<\/p>\n\n\n\n<p>La Dra. Barone inform\u00f3 que, luego de la habilitaci\u00f3n del nuevo ingreso realizado durante 2022, \u00e9sta es la segunda etapa de la ampliaci\u00f3n que se inici\u00f3 en el mes de abril del a\u00f1o pasado y se espera est\u00e9 finalizada para el mes de junio pr\u00f3ximo. Luego faltar\u00e1 todo lo referente al equipamiento m\u00e9dico.<\/p>\n\n\n\n<figure class=\"wp-block-image\"><img decoding=\"async\" src=\"https:\/\/www.armstrong.gov.ar\/images\/articulos2023\/280414.jpg\" alt=\"\"\/><\/figure>\n\n\n\n<p>Las obras incluyen una entrada donde estar\u00e1n los familiares de los pacientes, se ampl\u00eda la terapia de shock room y se agregan de 3 a 4 habitaciones, sumando 8 nuevas camas para el S.AM.Co.<\/p>\n\n\n\n<p>\u201cTenemos la posibilidad de recorrer distintos lugares de la provincia y vemos la situaci\u00f3n de los S.A.M.Co. y ver \u00e9ste con una administraci\u00f3n eficiente que siempre busca el progreso acompa\u00f1ados desde la Direcci\u00f3n y de todo el trabajo que se hace hacia adentro del S.A.M.Co. para mejorar la salud p\u00fablica de la ciudad y la regi\u00f3n, y para nosotros es un orgullo. Por eso estamos dispuestos a colaborar permanentemente, como lo hace la totalidad de Armstrong\u201d, dijo Verdecchia.<\/p>\n\n\n\n<p><\/p>\n","protected":false},"excerpt":{"rendered":"<p>El Intendente Verdecchia acompa\u00f1ado por la Directora del S.A.M.Co. Dra. Ver\u00f3nica Barone recorri\u00f3 las obras que con fondos propios se llevan adelante en el nosocomio y se manifest\u00f3 contento por el trabajo y esfuerzo que hay por parte de quienes integran la instituci\u00f3n. En la oportunidad, hizo entrega de un aporte de $ 1.000.000 que <a href=\"https:\/\/armstrongyregion.com.ar\/diario\/armstrong-verdecchia-entrego-1-000-000-al-s-a-m-co-local\/\" title=\"Read more\" >&#8230;<\/a><\/p>\n","protected":false},"author":1,"featured_media":38432,"comment_status":"open","ping_status":"open","sticky":false,"template":"","format":"image","meta":{"_jetpack_memberships_contains_paid_content":false,"footnotes":"","jetpack_publicize_message":"","jetpack_publicize_feature_enabled":true,"jetpack_social_post_already_shared":true,"jetpack_social_options":{"image_generator_settings":{"template":"highway","default_image_id":0,"enabled":false},"version":2}},"categories":[6,8,1,2,7,3],"tags":[9285,179,20,112,1200,54,205],"class_list":["post-38431","post","type-post","status-publish","format-image","has-post-thumbnail","hentry","category-cultura-entretenimiento","category-deliberando","category-diario-armstrong","category-locales","category-politica","category-region","tag-1-000-000","tag-al","tag-armstrong","tag-entrego","tag-local","tag-samco","tag-verdecchia","post_format-post-format-image"],"jetpack_publicize_connections":[],"jetpack_featured_media_url":"https:\/\/armstrongyregion.com.ar\/diario\/wp-content\/uploads\/2023\/05\/verdecchia-y-samco.jpg","jetpack_shortlink":"https:\/\/wp.me\/p62QDO-9ZR","jetpack_sharing_enabled":true,"amp_enabled":true,"_links":{"self":[{"href":"https:\/\/armstrongyregion.com.ar\/diario\/wp-json\/wp\/v2\/posts\/38431","targetHints":{"allow":["GET"]}}],"collection":[{"href":"https:\/\/armstrongyregion.com.ar\/diario\/wp-json\/wp\/v2\/posts"}],"about":[{"href":"https:\/\/armstrongyregion.com.ar\/diario\/wp-json\/wp\/v2\/types\/post"}],"author":[{"embeddable":true,"href":"https:\/\/armstrongyregion.com.ar\/diario\/wp-json\/wp\/v2\/users\/1"}],"replies":[{"embeddable":true,"href":"https:\/\/armstrongyregion.com.ar\/diario\/wp-json\/wp\/v2\/comments?post=38431"}],"version-history":[{"count":1,"href":"https:\/\/armstrongyregion.com.ar\/diario\/wp-json\/wp\/v2\/posts\/38431\/revisions"}],"predecessor-version":[{"id":38433,"href":"https:\/\/armstrongyregion.com.ar\/diario\/wp-json\/wp\/v2\/posts\/38431\/revisions\/38433"}],"wp:featuredmedia":[{"embeddable":true,"href":"https:\/\/armstrongyregion.com.ar\/diario\/wp-json\/wp\/v2\/media\/38432"}],"wp:attachment":[{"href":"https:\/\/armstrongyregion.com.ar\/diario\/wp-json\/wp\/v2\/media?parent=38431"}],"wp:term":[{"taxonomy":"category","embeddable":true,"href":"https:\/\/armstrongyregion.com.ar\/diario\/wp-json\/wp\/v2\/categories?post=38431"},{"taxonomy":"post_tag","embeddable":true,"href":"https:\/\/armstrongyregion.com.ar\/diario\/wp-json\/wp\/v2\/tags?post=38431"}],"curies":[{"name":"wp","href":"https:\/\/api.w.org\/{rel}","templated":true}]}}