{"id":38418,"date":"2023-05-02T17:19:00","date_gmt":"2023-05-02T17:19:00","guid":{"rendered":"https:\/\/armstrongyregion.com.ar\/diario\/?p=38418"},"modified":"2023-05-04T03:45:40","modified_gmt":"2023-05-04T03:45:40","slug":"deportes-adaptados-e-integracion-a-la-politica-rosense-y-tareas-de-reciclado-en-armstrong-son-los-temas-de-este-martes-en-deliberando","status":"publish","type":"post","link":"https:\/\/armstrongyregion.com.ar\/diario\/deportes-adaptados-e-integracion-a-la-politica-rosense-y-tareas-de-reciclado-en-armstrong-son-los-temas-de-este-martes-en-deliberando\/","title":{"rendered":"Deportes adaptados e integraci\u00f3n a la pol\u00edtica rosense y  tareas de reciclado en Armstrong, son los temas de este martes en DELIBERANDO."},"content":{"rendered":"\n<figure class=\"wp-block-image size-full\"><a href=\"http:\/\/armstrongyregion.com.ar\/diario\/wp-content\/uploads\/2023\/05\/Marcos-Di-Santo-.jpg\"><img loading=\"lazy\" decoding=\"async\" width=\"560\" height=\"405\" src=\"http:\/\/armstrongyregion.com.ar\/diario\/wp-content\/uploads\/2023\/05\/Marcos-Di-Santo-.jpg\" alt=\"\" class=\"wp-image-38419\" srcset=\"https:\/\/armstrongyregion.com.ar\/diario\/wp-content\/uploads\/2023\/05\/Marcos-Di-Santo-.jpg 560w, https:\/\/armstrongyregion.com.ar\/diario\/wp-content\/uploads\/2023\/05\/Marcos-Di-Santo--300x217.jpg 300w\" sizes=\"auto, (max-width: 560px) 100vw, 560px\" \/><\/a><\/figure>\n\n\n\n<p>Marcos Di Santo detallar\u00e1 la actividad que ha venido desarrollando en estos \u00faltimos a\u00f1os y la b\u00fasqueda de nuevos espacios y m\u00e1s disciplinas deportivas adaptadas.<\/p>\n\n\n\n<figure class=\"wp-block-embed is-type-video is-provider-youtube wp-block-embed-youtube wp-embed-aspect-4-3 wp-has-aspect-ratio\"><div class=\"wp-block-embed__wrapper\">\n<iframe loading=\"lazy\" title=\"Deliberando: Invitados Marcos Di Santo de Las Rosas y Nelso Reinaldi de Armstrong\/ Oscar Crispino\" width=\"800\" height=\"600\" src=\"https:\/\/www.youtube.com\/embed\/z5yfapDIbzo?feature=oembed\" frameborder=\"0\" allow=\"accelerometer; autoplay; clipboard-write; encrypted-media; gyroscope; picture-in-picture; web-share\" allowfullscreen><\/iframe>\n<\/div><\/figure>\n\n\n\n<p><\/p>\n\n\n\n<p>Informar\u00e1 tambi\u00e9n sobre la reactivaci\u00f3n de las instalaciones de la capilla San Jos\u00e9 Obrero de Las Rosas, para brindarle a la comunidad de esa barriada distintas actividades. Luego detallar\u00e1 el convenio que se firm\u00f3 con el club Almafuerte que ser\u00e1 de beneficio para los chicos de la ciudad y la regi\u00f3n.<\/p>\n\n\n\n<p>El responsable de la planta de reciclaje de residuos de Armstrong, Nelso Reinaldi, informar\u00e1 como se viene desarrollando esa tarea en la ciudad, el entendimiento que est\u00e1 teniendo la poblaci\u00f3n sobre la importancia de la misma.<\/p>\n\n\n\n<figure class=\"wp-block-image size-full\"><a href=\"http:\/\/armstrongyregion.com.ar\/diario\/wp-content\/uploads\/2023\/05\/Nelso-Reinaldi-Abril-2023.jpg\"><img loading=\"lazy\" decoding=\"async\" width=\"631\" height=\"405\" src=\"http:\/\/armstrongyregion.com.ar\/diario\/wp-content\/uploads\/2023\/05\/Nelso-Reinaldi-Abril-2023.jpg\" alt=\"\" class=\"wp-image-38420\" srcset=\"https:\/\/armstrongyregion.com.ar\/diario\/wp-content\/uploads\/2023\/05\/Nelso-Reinaldi-Abril-2023.jpg 631w, https:\/\/armstrongyregion.com.ar\/diario\/wp-content\/uploads\/2023\/05\/Nelso-Reinaldi-Abril-2023-300x193.jpg 300w\" sizes=\"auto, (max-width: 631px) 100vw, 631px\" \/><\/a><\/figure>\n\n\n\n<p>Tambi\u00e9n consultaremos sobre los trabajos que se est\u00e1n llevando adelante en la construcci\u00f3n de la nueva planta de reciclaje ubicada sobre la ruta 15 y el aumento del caudal de residuos que se podr\u00e1 tratar.<\/p>\n\n\n\n<p>Todo este martes en DELIBERANDO, a las 21hs. con la conducci\u00f3n de la Licenciada Graciela de la Casa y Oscar Crispino.<\/p>\n","protected":false},"excerpt":{"rendered":"<p>Marcos Di Santo detallar\u00e1 la actividad que ha venido desarrollando en estos \u00faltimos a\u00f1os y la b\u00fasqueda de nuevos espacios y m\u00e1s disciplinas deportivas adaptadas. Informar\u00e1 tambi\u00e9n sobre la reactivaci\u00f3n de las instalaciones de la capilla San Jos\u00e9 Obrero de Las Rosas, para brindarle a la comunidad de esa barriada distintas actividades. Luego detallar\u00e1 el <a href=\"https:\/\/armstrongyregion.com.ar\/diario\/deportes-adaptados-e-integracion-a-la-politica-rosense-y-tareas-de-reciclado-en-armstrong-son-los-temas-de-este-martes-en-deliberando\/\" title=\"Read more\" >&#8230;<\/a><\/p>\n","protected":false},"author":1,"featured_media":38419,"comment_status":"open","ping_status":"open","sticky":false,"template":"","format":"image","meta":{"_jetpack_memberships_contains_paid_content":false,"footnotes":"","jetpack_publicize_message":"","jetpack_publicize_feature_enabled":true,"jetpack_social_post_already_shared":true,"jetpack_social_options":{"image_generator_settings":{"template":"highway","default_image_id":0,"enabled":false},"version":2}},"categories":[6,8,5,1,2,7,3],"tags":[9281,19,9280,9282,222,9283,225,8476],"class_list":["post-38418","post","type-post","status-publish","format-image","has-post-thumbnail","hentry","category-cultura-entretenimiento","category-deliberando","category-deportes","category-diario-armstrong","category-locales","category-politica","category-region","tag-adaptados","tag-de","tag-deportes-2","tag-disanto","tag-marcos","tag-nelso-reinaldi","tag-planta","tag-reciclaje","post_format-post-format-image"],"jetpack_publicize_connections":[],"jetpack_featured_media_url":"https:\/\/armstrongyregion.com.ar\/diario\/wp-content\/uploads\/2023\/05\/Marcos-Di-Santo-.jpg","jetpack_shortlink":"https:\/\/wp.me\/p62QDO-9ZE","jetpack_sharing_enabled":true,"amp_enabled":true,"_links":{"self":[{"href":"https:\/\/armstrongyregion.com.ar\/diario\/wp-json\/wp\/v2\/posts\/38418","targetHints":{"allow":["GET"]}}],"collection":[{"href":"https:\/\/armstrongyregion.com.ar\/diario\/wp-json\/wp\/v2\/posts"}],"about":[{"href":"https:\/\/armstrongyregion.com.ar\/diario\/wp-json\/wp\/v2\/types\/post"}],"author":[{"embeddable":true,"href":"https:\/\/armstrongyregion.com.ar\/diario\/wp-json\/wp\/v2\/users\/1"}],"replies":[{"embeddable":true,"href":"https:\/\/armstrongyregion.com.ar\/diario\/wp-json\/wp\/v2\/comments?post=38418"}],"version-history":[{"count":3,"href":"https:\/\/armstrongyregion.com.ar\/diario\/wp-json\/wp\/v2\/posts\/38418\/revisions"}],"predecessor-version":[{"id":38452,"href":"https:\/\/armstrongyregion.com.ar\/diario\/wp-json\/wp\/v2\/posts\/38418\/revisions\/38452"}],"wp:featuredmedia":[{"embeddable":true,"href":"https:\/\/armstrongyregion.com.ar\/diario\/wp-json\/wp\/v2\/media\/38419"}],"wp:attachment":[{"href":"https:\/\/armstrongyregion.com.ar\/diario\/wp-json\/wp\/v2\/media?parent=38418"}],"wp:term":[{"taxonomy":"category","embeddable":true,"href":"https:\/\/armstrongyregion.com.ar\/diario\/wp-json\/wp\/v2\/categories?post=38418"},{"taxonomy":"post_tag","embeddable":true,"href":"https:\/\/armstrongyregion.com.ar\/diario\/wp-json\/wp\/v2\/tags?post=38418"}],"curies":[{"name":"wp","href":"https:\/\/api.w.org\/{rel}","templated":true}]}}