{"id":38413,"date":"2023-05-02T16:12:13","date_gmt":"2023-05-02T16:12:13","guid":{"rendered":"https:\/\/armstrongyregion.com.ar\/diario\/?p=38413"},"modified":"2023-05-02T16:12:15","modified_gmt":"2023-05-02T16:12:15","slug":"clerici-recibio-a-giuliano-y-lewandowski-en-el-tren-museo-itinerante","status":"publish","type":"post","link":"https:\/\/armstrongyregion.com.ar\/diario\/clerici-recibio-a-giuliano-y-lewandowski-en-el-tren-museo-itinerante\/","title":{"rendered":"Cl\u00e9rici recibi\u00f3 a Giuliano y Lewandowski en el tren museo itinerante."},"content":{"rendered":"\n<figure class=\"wp-block-image size-full\"><a href=\"http:\/\/armstrongyregion.com.ar\/diario\/wp-content\/uploads\/2023\/05\/museo-itinerante-.jpg\"><img loading=\"lazy\" decoding=\"async\" width=\"400\" height=\"300\" src=\"http:\/\/armstrongyregion.com.ar\/diario\/wp-content\/uploads\/2023\/05\/museo-itinerante-.jpg\" alt=\"\" class=\"wp-image-38414\" srcset=\"https:\/\/armstrongyregion.com.ar\/diario\/wp-content\/uploads\/2023\/05\/museo-itinerante-.jpg 400w, https:\/\/armstrongyregion.com.ar\/diario\/wp-content\/uploads\/2023\/05\/museo-itinerante--300x225.jpg 300w\" sizes=\"auto, (max-width: 400px) 100vw, 400px\" \/><\/a><\/figure>\n\n\n\n<p>Este fin de semana, el Tren Museo Itinerante de Trenes Argentinos estuvo en nuestra ciudad y en ese marco la intendenta Stella Cl\u00e9rici, recibi\u00f3 al ministro de Transporte de la Naci\u00f3n, Diego Giuliano, y al senador nacional por la provincia de Santa Fe, Marcelo Lewandowski.<\/p>\n\n\n\n<p>Durante s\u00e1bado y domingo fue visitado por 2.000 personas que disfrutaron de esta propuesta conformada por un convoy de 9 veh\u00edculos hist\u00f3ricos que corrieron por las v\u00edas argentinas en servicios de pasajeros de distintas \u00e9pocas. Entre ellos se destacan el coche Presidencial que fue utilizado por Juan Pablo II durante su visita a la Argentina, un coche Sal\u00f3n Bar y un coche Cine, un coche donde se exhiben las piezas m\u00e1s destacadas del acervo de Museo Nacional Ferroviario y muestras a cargo del Ministerio de Ambiente y Desarrollo Sostenible, Radio y Televisi\u00f3n Argentina, y el Gobierno de la Provincia de Buenos Aires.<\/p>\n\n\n\n<p>\u201cGracias a las m\u00e1s de dos mil personas de Ca\u00f1ada y la regi\u00f3n, que se acercaron al Tren Museo Itinerante de Trenes Argentinos y completaron su recorrido, visitando nuestro museo hist\u00f3rico y el museo ferroviario local. Un fin de semana con mucha emoci\u00f3n. El tren forma parte de nuestra historia, nuestro presente y nuestro futuro\u201d, expres\u00f3 Cl\u00e9rici.<\/p>\n\n\n\n<p>Por su parte, Giuliano asegur\u00f3: \u00abEl coraz\u00f3n ferroviario de Ca\u00f1ada de G\u00f3mez est\u00e1 presente siempre, ha tenido un pasado importante pero tambi\u00e9n tiene un presente trascendente en materia ferroviaria gracias a su intendenta y a toda la comunidad. Lo que nosotros recibimos siempre es alegr\u00eda por abrir un nuevo ramal o recuperar un ramal o generar una nueva conexi\u00f3n ferroviaria\u201d.<\/p>\n\n\n\n<p>En tanto, el senador nacional, Marcelo Lewandowski, declar\u00f3: \u201cLa propuesta del museo est\u00e1 muy buena para recordar nuestra historia, para saber de d\u00f3nde venimos. Pero tambi\u00e9n es bueno lo que ha pasado no hace mucho tiempo atr\u00e1s, en la puesta en marcha nuevamente de los trenes\u201d.<\/p>\n","protected":false},"excerpt":{"rendered":"<p>Este fin de semana, el Tren Museo Itinerante de Trenes Argentinos estuvo en nuestra ciudad y en ese marco la intendenta Stella Cl\u00e9rici, recibi\u00f3 al ministro de Transporte de la Naci\u00f3n, Diego Giuliano, y al senador nacional por la provincia de Santa Fe, Marcelo Lewandowski. Durante s\u00e1bado y domingo fue visitado por 2.000 personas que <a href=\"https:\/\/armstrongyregion.com.ar\/diario\/clerici-recibio-a-giuliano-y-lewandowski-en-el-tren-museo-itinerante\/\" title=\"Read more\" >&#8230;<\/a><\/p>\n","protected":false},"author":1,"featured_media":38414,"comment_status":"open","ping_status":"open","sticky":false,"template":"","format":"image","meta":{"_jetpack_memberships_contains_paid_content":false,"footnotes":"","jetpack_publicize_message":"","jetpack_publicize_feature_enabled":true,"jetpack_social_post_already_shared":true,"jetpack_social_options":{"image_generator_settings":{"template":"highway","default_image_id":0,"enabled":false},"version":2}},"categories":[8,1,2,7,3],"tags":[33,9156,9279,9221,1361],"class_list":["post-38413","post","type-post","status-publish","format-image","has-post-thumbnail","hentry","category-deliberando","category-diario-armstrong","category-locales","category-politica","category-region","tag-a","tag-clerici-2","tag-giuliano","tag-itinerante","tag-museo","post_format-post-format-image"],"jetpack_publicize_connections":[],"jetpack_featured_media_url":"https:\/\/armstrongyregion.com.ar\/diario\/wp-content\/uploads\/2023\/05\/museo-itinerante-.jpg","jetpack_shortlink":"https:\/\/wp.me\/p62QDO-9Zz","jetpack_sharing_enabled":true,"amp_enabled":true,"_links":{"self":[{"href":"https:\/\/armstrongyregion.com.ar\/diario\/wp-json\/wp\/v2\/posts\/38413","targetHints":{"allow":["GET"]}}],"collection":[{"href":"https:\/\/armstrongyregion.com.ar\/diario\/wp-json\/wp\/v2\/posts"}],"about":[{"href":"https:\/\/armstrongyregion.com.ar\/diario\/wp-json\/wp\/v2\/types\/post"}],"author":[{"embeddable":true,"href":"https:\/\/armstrongyregion.com.ar\/diario\/wp-json\/wp\/v2\/users\/1"}],"replies":[{"embeddable":true,"href":"https:\/\/armstrongyregion.com.ar\/diario\/wp-json\/wp\/v2\/comments?post=38413"}],"version-history":[{"count":1,"href":"https:\/\/armstrongyregion.com.ar\/diario\/wp-json\/wp\/v2\/posts\/38413\/revisions"}],"predecessor-version":[{"id":38415,"href":"https:\/\/armstrongyregion.com.ar\/diario\/wp-json\/wp\/v2\/posts\/38413\/revisions\/38415"}],"wp:featuredmedia":[{"embeddable":true,"href":"https:\/\/armstrongyregion.com.ar\/diario\/wp-json\/wp\/v2\/media\/38414"}],"wp:attachment":[{"href":"https:\/\/armstrongyregion.com.ar\/diario\/wp-json\/wp\/v2\/media?parent=38413"}],"wp:term":[{"taxonomy":"category","embeddable":true,"href":"https:\/\/armstrongyregion.com.ar\/diario\/wp-json\/wp\/v2\/categories?post=38413"},{"taxonomy":"post_tag","embeddable":true,"href":"https:\/\/armstrongyregion.com.ar\/diario\/wp-json\/wp\/v2\/tags?post=38413"}],"curies":[{"name":"wp","href":"https:\/\/api.w.org\/{rel}","templated":true}]}}