{"id":38407,"date":"2023-05-01T23:21:30","date_gmt":"2023-05-01T23:21:30","guid":{"rendered":"https:\/\/armstrongyregion.com.ar\/diario\/?p=38407"},"modified":"2023-05-01T23:21:32","modified_gmt":"2023-05-01T23:21:32","slug":"perotti-pidio-menos-grieta-y-mas-dialogo-y-critico-el-centralismo-porteno","status":"publish","type":"post","link":"https:\/\/armstrongyregion.com.ar\/diario\/perotti-pidio-menos-grieta-y-mas-dialogo-y-critico-el-centralismo-porteno\/","title":{"rendered":"Perotti pidi\u00f3 \u201cmenos grieta y m\u00e1s di\u00e1logo\u201d y critic\u00f3 el centralismo porte\u00f1o."},"content":{"rendered":"\n<figure class=\"wp-block-image size-full\"><a href=\"http:\/\/armstrongyregion.com.ar\/diario\/wp-content\/uploads\/2020\/08\/Perotti-agosto-2020.jpg\"><img loading=\"lazy\" decoding=\"async\" width=\"480\" height=\"270\" src=\"http:\/\/armstrongyregion.com.ar\/diario\/wp-content\/uploads\/2020\/08\/Perotti-agosto-2020.jpg\" alt=\"\" class=\"wp-image-26799\" srcset=\"https:\/\/armstrongyregion.com.ar\/diario\/wp-content\/uploads\/2020\/08\/Perotti-agosto-2020.jpg 480w, https:\/\/armstrongyregion.com.ar\/diario\/wp-content\/uploads\/2020\/08\/Perotti-agosto-2020-300x169.jpg 300w\" sizes=\"auto, (max-width: 480px) 100vw, 480px\" \/><\/a><\/figure>\n\n\n\n<h2 class=\"wp-block-heading\">Ante la Asamblea Legislativa, el gobernador reclam\u00f3 \u201cuna mirada federal que priorice al interior productivo\u201d. \u201cNo puede ser que vivir y producir en el interior sea m\u00e1s caro que en la ciudad de Buenos Aires\u201d, se\u00f1al\u00f3. Dijo que la \u00abemergencia seguridad no es nueva\u00bb pero \u00ablas crisis no se lloran, se enfrentan\u00bb.<\/h2>\n\n\n\n<p>El gobernador Omar Perotti inici\u00f3 su discurso de inicio del per\u00edodo 141\u00b0 de sesiones ordinarias de la Legislatura con<strong>\u00a0un reclamo pol\u00edtico de \u201cmenos grieta y m\u00e1s di\u00e1logo\u201d\u00a0<\/strong>en un a\u00f1o electoral y critic\u00f3 el centralismo porte\u00f1o que limita el federalismo.<\/p>\n\n\n\n<p>Pasadas las 11 de este lunes y ante la Asamblea Legislativa,<strong>&nbsp;Perotti hizo \u201cun balance de lo realizado y los desaf\u00edos pendientes\u201d&nbsp;<\/strong>en su \u00faltima apertura formal de sesiones de su gesti\u00f3n.<\/p>\n\n\n\n<p>El mandatario peronista dijo que&nbsp;<strong>le toc\u00f3 \u201cgobernar tiempos complejos y sin precedentes\u201d.<\/strong>&nbsp;Consider\u00f3 que por la \u201cpandemia in\u00e9dita\u201d, \u201ctuvimos solo un a\u00f1o y medio de gesti\u00f3n por fuera de la excepcionalidad\u201d.<\/p>\n\n\n\n<p>Le sum\u00f3 una&nbsp;<strong>\u201cemergencia h\u00eddrica ante la bajante del r\u00edo Paran\u00e1 y una emergencia agropecuaria con la peor sequ\u00eda de la histori<\/strong>a y que dej\u00f3 enormes p\u00e9rdidas en la cadena agropecuaria\u201d:<\/p>\n\n\n\n<p>Tambi\u00e9n destac\u00f3 la<strong>&nbsp;\u201cemergencia en seguridad que no es nueva&nbsp;<\/strong>y arrastra nuestra sociedad hace a\u00f1os\u201d. \u201cNos toc\u00f3 tomar decisiones dif\u00edciles pero&nbsp;<strong>nunca pusimos excusas, las crisis no se lloran, se enfrentan<\/strong>&nbsp;y se derrotan\u201d, agreg\u00f3.<\/p>\n\n\n\n<p>En ese marco y a meses de las elecciones provinciales, primero, y nacionales, despu\u00e9s, propuso encarar el a\u00f1o con \u201cmenos grieta y m\u00e1s di\u00e1logo, con valoraci\u00f3n por las instituciones\u201d.<\/p>\n\n\n\n<p>\u201cLa democracia debe expresar tambi\u00e9n menos centralismo y una mirada federal que priorice al interior productivo. No puede ser que vivir y producir en el interior sea m\u00e1s caro que vivir en la ciudad de Buenos Aires\u201d, afirm\u00f3.<\/p>\n\n\n\n<p>Perotti calific\u00f3 de \u201cinaceptable\u201d el nivel de \u201clos costos de luz, agua y transporte que todos tenemos que pagar\u201d. Reclam\u00f3 a Naci\u00f3n \u201celiminar asimetr\u00edas y generar arraigo\u201d.<\/p>\n\n\n\n<h3 class=\"wp-block-heading\"><\/h3>\n\n\n\n<h3 class=\"wp-block-heading\"><\/h3>\n\n\n\n<p><\/p>\n","protected":false},"excerpt":{"rendered":"<p>Ante la Asamblea Legislativa, el gobernador reclam\u00f3 \u201cuna mirada federal que priorice al interior productivo\u201d. \u201cNo puede ser que vivir y producir en el interior sea m\u00e1s caro que en la ciudad de Buenos Aires\u201d, se\u00f1al\u00f3. Dijo que la \u00abemergencia seguridad no es nueva\u00bb pero \u00ablas crisis no se lloran, se enfrentan\u00bb. El gobernador Omar <a href=\"https:\/\/armstrongyregion.com.ar\/diario\/perotti-pidio-menos-grieta-y-mas-dialogo-y-critico-el-centralismo-porteno\/\" title=\"Read more\" >&#8230;<\/a><\/p>\n","protected":false},"author":1,"featured_media":26799,"comment_status":"open","ping_status":"open","sticky":false,"template":"","format":"image","meta":{"_jetpack_memberships_contains_paid_content":false,"footnotes":"","jetpack_publicize_message":"","jetpack_publicize_feature_enabled":true,"jetpack_social_post_already_shared":true,"jetpack_social_options":{"image_generator_settings":{"template":"highway","default_image_id":0,"enabled":false},"version":2}},"categories":[8,1,2,7,3],"tags":[9277,9276,40,9275,1409,9084,13],"class_list":["post-38407","post","type-post","status-publish","format-image","has-post-thumbnail","hentry","category-deliberando","category-diario-armstrong","category-locales","category-politica","category-region","tag-dialogo-2","tag-grieta","tag-mas","tag-menos-2","tag-perotti","tag-pidio-2","tag-y","post_format-post-format-image"],"jetpack_publicize_connections":[],"jetpack_featured_media_url":"https:\/\/armstrongyregion.com.ar\/diario\/wp-content\/uploads\/2020\/08\/Perotti-agosto-2020.jpg","jetpack_shortlink":"https:\/\/wp.me\/p62QDO-9Zt","jetpack_sharing_enabled":true,"amp_enabled":true,"_links":{"self":[{"href":"https:\/\/armstrongyregion.com.ar\/diario\/wp-json\/wp\/v2\/posts\/38407","targetHints":{"allow":["GET"]}}],"collection":[{"href":"https:\/\/armstrongyregion.com.ar\/diario\/wp-json\/wp\/v2\/posts"}],"about":[{"href":"https:\/\/armstrongyregion.com.ar\/diario\/wp-json\/wp\/v2\/types\/post"}],"author":[{"embeddable":true,"href":"https:\/\/armstrongyregion.com.ar\/diario\/wp-json\/wp\/v2\/users\/1"}],"replies":[{"embeddable":true,"href":"https:\/\/armstrongyregion.com.ar\/diario\/wp-json\/wp\/v2\/comments?post=38407"}],"version-history":[{"count":1,"href":"https:\/\/armstrongyregion.com.ar\/diario\/wp-json\/wp\/v2\/posts\/38407\/revisions"}],"predecessor-version":[{"id":38408,"href":"https:\/\/armstrongyregion.com.ar\/diario\/wp-json\/wp\/v2\/posts\/38407\/revisions\/38408"}],"wp:featuredmedia":[{"embeddable":true,"href":"https:\/\/armstrongyregion.com.ar\/diario\/wp-json\/wp\/v2\/media\/26799"}],"wp:attachment":[{"href":"https:\/\/armstrongyregion.com.ar\/diario\/wp-json\/wp\/v2\/media?parent=38407"}],"wp:term":[{"taxonomy":"category","embeddable":true,"href":"https:\/\/armstrongyregion.com.ar\/diario\/wp-json\/wp\/v2\/categories?post=38407"},{"taxonomy":"post_tag","embeddable":true,"href":"https:\/\/armstrongyregion.com.ar\/diario\/wp-json\/wp\/v2\/tags?post=38407"}],"curies":[{"name":"wp","href":"https:\/\/api.w.org\/{rel}","templated":true}]}}