{"id":38403,"date":"2023-05-01T22:53:38","date_gmt":"2023-05-01T22:53:38","guid":{"rendered":"https:\/\/armstrongyregion.com.ar\/diario\/?p=38403"},"modified":"2023-05-01T23:15:23","modified_gmt":"2023-05-01T23:15:23","slug":"se-resolvio-en-el-ministerio-de-trabajo-el-bono-municipal-de-las-rosas","status":"publish","type":"post","link":"https:\/\/armstrongyregion.com.ar\/diario\/se-resolvio-en-el-ministerio-de-trabajo-el-bono-municipal-de-las-rosas\/","title":{"rendered":"Se resolvi\u00f3 en el ministerio de trabajo el bono municipal de Las Rosas."},"content":{"rendered":"\n<figure class=\"wp-block-image size-full\"><a href=\"http:\/\/armstrongyregion.com.ar\/diario\/wp-content\/uploads\/2022\/08\/Javier-Meyer-9-8-22-.jpg\"><img loading=\"lazy\" decoding=\"async\" width=\"597\" height=\"405\" src=\"http:\/\/armstrongyregion.com.ar\/diario\/wp-content\/uploads\/2022\/08\/Javier-Meyer-9-8-22-.jpg\" alt=\"\" class=\"wp-image-35399\" srcset=\"https:\/\/armstrongyregion.com.ar\/diario\/wp-content\/uploads\/2022\/08\/Javier-Meyer-9-8-22-.jpg 597w, https:\/\/armstrongyregion.com.ar\/diario\/wp-content\/uploads\/2022\/08\/Javier-Meyer-9-8-22--300x204.jpg 300w\" sizes=\"auto, (max-width: 597px) 100vw, 597px\" \/><\/a><\/figure>\n\n\n\n<h2 class=\"wp-block-heading\">\u00abLo que comenz\u00f3 por una mala liquidaci\u00f3n de la paritaria 2022 y sigui\u00f3 con una medida de fuerza, se resolvi\u00f3 esta semana de la manera que planteamos desde un principio\u00bb, dijo Meyer.<\/h2>\n\n\n\n<p><\/p>\n\n\n\n<figure class=\"wp-block-audio\"><audio controls src=\"http:\/\/armstrongyregion.com.ar\/diario\/wp-content\/uploads\/2023\/05\/multimedia.audio_.a999406bbe848ffe.617564696f206d6f6e6f2e6d7033.mp3\"><\/audio><figcaption class=\"wp-element-caption\">Intendente de Las Rosas.<\/figcaption><\/figure>\n\n\n\n<p>B\u00e1sicamente se resolvi\u00f3 tal cual pr\u00e1cticamente lo hab\u00edamos propuesto nosotros desde un primer momento, nosotros lo hab\u00edamos planteado de forma no remunerativa y despu\u00e9s por sugerencia del gremio local el bono pasa a ser remunerativo, osea le van a descontar los aportes.<\/p>\n\n\n\n<p>El fondo de esta cuesti\u00f3n que es el error en la liquidaci\u00f3n y la posterior correcci\u00f3n, la informaci\u00f3n que se le traslado al trabajador era la verdad, esto desemboca en quince d\u00edas con servicios bloqueados, asambleas que eran paros encubiertos y lo \u00fanico que hizo fue arruinarle los servicios a la gente y dejar sin obras que se estaban llevando adelante, generar un ambiente tenso para la familia de los empleados y era algo tenia que entenderse y resolverse de manera r\u00e1pida.<\/p>\n\n\n\n<p>Siempre voy a estar en contra de las medidas de fuerza porque va en contra de lo que tenemos que tenemos que hacer nosotros los empleados p\u00fablicos, que es servir a nuestra poblaci\u00f3n.<\/p>\n\n\n\n<p>Con bono o sin bono tenemos unos de los mejores sueldos de la provincia de Santa Fe, Las Rosas tiene buenos sueldos y tenemos que hacer honor a eso\u00bb, dijo Meyer.<\/p>\n\n\n\n<p>Y concluyo, \u00abHay que poner en valoraci\u00f3n ciertas cosas y sobre todo ahora que viene el d\u00eda del trabajador hagamos honor a eso, asique a todos los trabajadores, a toda la gente que realmente valora su trabajo y entiende que su trabajo es el sost\u00e9n de su familia, feliz d\u00eda del trabajador\u00bb.\u00a0 \u00a0<\/p>\n\n\n\n<p>Fuente: FM Renacer<\/p>\n","protected":false},"excerpt":{"rendered":"<p>\u00abLo que comenz\u00f3 por una mala liquidaci\u00f3n de la paritaria 2022 y sigui\u00f3 con una medida de fuerza, se resolvi\u00f3 esta semana de la manera que planteamos desde un principio\u00bb, dijo Meyer. B\u00e1sicamente se resolvi\u00f3 tal cual pr\u00e1cticamente lo hab\u00edamos propuesto nosotros desde un primer momento, nosotros lo hab\u00edamos planteado de forma no remunerativa y <a href=\"https:\/\/armstrongyregion.com.ar\/diario\/se-resolvio-en-el-ministerio-de-trabajo-el-bono-municipal-de-las-rosas\/\" title=\"Read more\" >&#8230;<\/a><\/p>\n","protected":false},"author":1,"featured_media":35399,"comment_status":"open","ping_status":"open","sticky":false,"template":"","format":"image","meta":{"_jetpack_memberships_contains_paid_content":false,"footnotes":"","jetpack_publicize_message":"","jetpack_publicize_feature_enabled":true,"jetpack_social_post_already_shared":true,"jetpack_social_options":{"image_generator_settings":{"template":"highway","default_image_id":0,"enabled":false},"version":2}},"categories":[8,1,2,7,3],"tags":[2553,8883,9274,8655,9273,86],"class_list":["post-38403","post","type-post","status-publish","format-image","has-post-thumbnail","hentry","category-deliberando","category-diario-armstrong","category-locales","category-politica","category-region","tag-bono","tag-las-rosas-2","tag-ministerio-de-trabajo","tag-municipal-2","tag-resolvio","tag-se","post_format-post-format-image"],"jetpack_publicize_connections":[],"jetpack_featured_media_url":"https:\/\/armstrongyregion.com.ar\/diario\/wp-content\/uploads\/2022\/08\/Javier-Meyer-9-8-22-.jpg","jetpack_shortlink":"https:\/\/wp.me\/p62QDO-9Zp","jetpack_sharing_enabled":true,"amp_enabled":true,"_links":{"self":[{"href":"https:\/\/armstrongyregion.com.ar\/diario\/wp-json\/wp\/v2\/posts\/38403","targetHints":{"allow":["GET"]}}],"collection":[{"href":"https:\/\/armstrongyregion.com.ar\/diario\/wp-json\/wp\/v2\/posts"}],"about":[{"href":"https:\/\/armstrongyregion.com.ar\/diario\/wp-json\/wp\/v2\/types\/post"}],"author":[{"embeddable":true,"href":"https:\/\/armstrongyregion.com.ar\/diario\/wp-json\/wp\/v2\/users\/1"}],"replies":[{"embeddable":true,"href":"https:\/\/armstrongyregion.com.ar\/diario\/wp-json\/wp\/v2\/comments?post=38403"}],"version-history":[{"count":2,"href":"https:\/\/armstrongyregion.com.ar\/diario\/wp-json\/wp\/v2\/posts\/38403\/revisions"}],"predecessor-version":[{"id":38406,"href":"https:\/\/armstrongyregion.com.ar\/diario\/wp-json\/wp\/v2\/posts\/38403\/revisions\/38406"}],"wp:featuredmedia":[{"embeddable":true,"href":"https:\/\/armstrongyregion.com.ar\/diario\/wp-json\/wp\/v2\/media\/35399"}],"wp:attachment":[{"href":"https:\/\/armstrongyregion.com.ar\/diario\/wp-json\/wp\/v2\/media?parent=38403"}],"wp:term":[{"taxonomy":"category","embeddable":true,"href":"https:\/\/armstrongyregion.com.ar\/diario\/wp-json\/wp\/v2\/categories?post=38403"},{"taxonomy":"post_tag","embeddable":true,"href":"https:\/\/armstrongyregion.com.ar\/diario\/wp-json\/wp\/v2\/tags?post=38403"}],"curies":[{"name":"wp","href":"https:\/\/api.w.org\/{rel}","templated":true}]}}