{"id":38393,"date":"2023-04-29T04:37:10","date_gmt":"2023-04-29T04:37:10","guid":{"rendered":"https:\/\/armstrongyregion.com.ar\/diario\/?p=38393"},"modified":"2023-04-29T04:37:13","modified_gmt":"2023-04-29T04:37:13","slug":"elecciones-2023-el-gobierno-formalizo-el-calendario-nacional-de-las-paso-y-de-los-comicios-generales","status":"publish","type":"post","link":"https:\/\/armstrongyregion.com.ar\/diario\/elecciones-2023-el-gobierno-formalizo-el-calendario-nacional-de-las-paso-y-de-los-comicios-generales\/","title":{"rendered":"Elecciones 2023: el gobierno formaliz\u00f3 el calendario nacional de las Paso y de los comicios generales."},"content":{"rendered":"\n<figure class=\"wp-block-image size-full\"><a href=\"http:\/\/armstrongyregion.com.ar\/diario\/wp-content\/uploads\/2021\/09\/elecciones-.jpg\"><img loading=\"lazy\" decoding=\"async\" width=\"800\" height=\"450\" src=\"http:\/\/armstrongyregion.com.ar\/diario\/wp-content\/uploads\/2021\/09\/elecciones-.jpg\" alt=\"\" class=\"wp-image-31729\" srcset=\"https:\/\/armstrongyregion.com.ar\/diario\/wp-content\/uploads\/2021\/09\/elecciones-.jpg 800w, https:\/\/armstrongyregion.com.ar\/diario\/wp-content\/uploads\/2021\/09\/elecciones--300x169.jpg 300w, https:\/\/armstrongyregion.com.ar\/diario\/wp-content\/uploads\/2021\/09\/elecciones--768x432.jpg 768w\" sizes=\"auto, (max-width: 800px) 100vw, 800px\" \/><\/a><\/figure>\n\n\n\n<h2 class=\"wp-block-heading\">Este a\u00f1o se eligen presidente y vice, y 130 diputados y senadores, en lo que respecta a la renovaci\u00f3n nacional de cargos. Tambi\u00e9n se oficializ\u00f3 la creaci\u00f3n de un\u00a0Comando Electoral y se adjudic\u00f3 la log\u00edstica de las elecciones de este a\u00f1o al Correo Argentino.<\/h2>\n\n\n\n<p>En un nuevo paso hacia las elecciones de este a\u00f1o, el Gobierno nacional formaliz\u00f3 este viernes\u00a0la convocatoria del llamado a primarias abiertas, simult\u00e1neas y obligatorias\u00a0<strong>(Paso) para el pr\u00f3ximo 13 de agosto, y a comicios generales el 22 de octubre<\/strong>, oficializ\u00f3 la creaci\u00f3n del Comando Electoral que custodiar\u00e1 las urnas y tambi\u00e9n la adjudicaci\u00f3n al Correo Argentino para la prestaci\u00f3n del servicio de log\u00edstica general.<\/p>\n\n\n\n<p>Con tres normas publicadas hoy en el Bolet\u00edn Oficial, el Gobierno puso en marcha la organizaci\u00f3n de las elecciones luego de que el martes de esta semana se iniciara formalmente el&nbsp;<strong>cronograma dispuesto por la C\u00e1mara Nacional Electoral<\/strong>, con el cierre del padr\u00f3n provisorio y la fecha l\u00edmite para la inclusi\u00f3n de novedades registrales.<\/p>\n\n\n\n<p>\u00abConv\u00f3case a las Elecciones Primarias, Abiertas, Simult\u00e1neas y Obligatorias (Paso) para la elecci\u00f3n de candidatos y candidatas a Presidente o Presidenta y vice, senadores y senadoras y diputados y diputadas nacionales y Parlamentarios y Parlamentarias del Mercosur de los distritos nacional y regionales el d\u00eda&nbsp;<strong>13 de agosto de 2023&#8243;<\/strong>, indica el art\u00edculo 1 del Decreto 237\/2023.<\/p>\n\n\n\n<p>El segundo art\u00edculo convoca a elegir \u00abPresidente y vice y a 19 Parlamentarios y Parlamentarias del Mercosur, distrito Nacional (D.N.) y 19 suplentes el d\u00eda&nbsp;<strong>22 de octubre de 2023&#8243;<\/strong>.<\/p>\n\n\n\n<p>La norma lleva la firma del presidente Alberto Fern\u00e1ndez; del jefe de Gabinete, Agust\u00edn Rossi; y del ministro de Interior, Eduardo &#8216;Wado&#8217; de Pedro.<\/p>\n\n\n\n<p>La norma adem\u00e1s fija al&nbsp;<strong>19 de noviembre como fecha para una eventual \u00absegunda vuelta electoral\u00bb<\/strong>.<\/p>\n\n\n\n<p>El art\u00edculo quinto, a su vez, convoca para que\u00a0<strong>el 22 de octubre se \u00abproceda a elegir senadores y diputados nacionales seg\u00fan corresponda a cada distrito\u00bb<\/strong>\u00a0y a \u00abparlamentarios y parlamentarias del Mercosur&#8217;.<\/p>\n\n\n\n<p>Se establece que el Ministerio del Interior, a trav\u00e9s de la Direcci\u00f3n Nacional Electoral, adoptar\u00e1 las medidas necesarias para la organizaci\u00f3n y realizaci\u00f3n de los comicios.<\/p>\n\n\n\n<p><a href=\"https:\/\/www.rosario3.com\/politica\/Elecciones-2023-quien-se-queda-quien-se-va-que-se-vota-cuando-y-como-20230424-0031.html\" target=\"_blank\" rel=\"noreferrer noopener\">Este a\u00f1o se eligen<\/a>&nbsp;presidente y vice, y 130 diputados y senadores, seg\u00fan se especifica en el anexo de la norma.<\/p>\n\n\n\n<p>En tanto, por medio del Decreto 238\/2023, el Gobierno nacional oficializ\u00f3 la creaci\u00f3n del Comando Electoral a los fines de la custodia de las primarias abiertas, simult\u00e1neas y obligatorias (Paso), las elecciones generales y una eventual segunda vuelta electoral, que se desarrollar\u00e1n este a\u00f1o.<\/p>\n\n\n\n<p><strong>El comando depender\u00e1 del Poder Ejecutivo y se autoriza al Ministerio de Defensa<\/strong>&nbsp;\u00aba designar al o a la Comandante General Electoral qui\u00e9n designar\u00e1 a los o las Comandantes de cada Distrito Electoral y depender\u00e1n de \u00e9l o de ella a partir de su designaci\u00f3n\u00bb.<\/p>\n\n\n\n<p>El organismo tendr\u00e1 a su cargo las funciones de coordinaci\u00f3n y ejecuci\u00f3n referentes a las medidas de seguridad que establece el C\u00f3digo Electoral Nacional, como as\u00ed tambi\u00e9n las destinadas a facilitar la observancia de las dem\u00e1s disposiciones legales vinculadas con los actos comiciales de las PASO, las elecciones generales y la eventual segunda vuelta electoral.<\/p>\n\n\n\n<p>En particular,\u00a0<strong>se ocupar\u00e1 de la vigilancia de los locales donde funcionar\u00e1n las mesas receptoras de votos<\/strong>, de las sedes e infraestructuras destinadas al ingreso y procesamiento de datos para el recuento provisional de resultados que realiza la Direcci\u00f3n Nacional Electoral, como as\u00ed tambi\u00e9n para el escrutinio definitivo en las sedes de los Juzgados Federales con Competencia Electoral y Juntas Electorales Nacionales de cada distrito.<\/p>\n\n\n\n<p>Adem\u00e1s, se ocupar\u00e1 de la&nbsp;<strong>custodia de las urnas as\u00ed como la documentaci\u00f3n durante su transporte<\/strong>&nbsp;y hasta la finalizaci\u00f3n del escrutinio definitivo en cada distrito en cada una de las instancias electorales.<\/p>\n\n\n\n<p>Por medio de una tercera norma, la Decisi\u00f3n Administrativa 350\/2023 del Ministerio del Interior, el Gobierno nacional tambi\u00e9n oficializ\u00f3 hoy la&nbsp;<strong>adjudicaci\u00f3n al Correo Argentino para la prestaci\u00f3n del servicio de log\u00edstica general&nbsp;<\/strong>para las primarias abiertas, simult\u00e1neas y obligatorias (Paso), las elecciones generales y una eventual segunda vuelta, as\u00ed como la infraestructura para el recuento provisional de resultados.<\/p>\n\n\n\n<p>\u00abApru\u00e9base la Contrataci\u00f3n Directa por Adjudicaci\u00f3n Simple Interadministrativa N\u00b0 81-0006-CDI23 para la prestaci\u00f3n de un servicio de log\u00edstica general para las Elecciones Primarias, Abiertas, Simult\u00e1neas y Obligatorias (Paso), Elecciones Generales y eventual Segunda Vuelta para las Elecciones Nacionales a desarrollarse en el a\u00f1o 2023 y la infraestructura para el recuento provisional de resultados\u00bb, dice el art\u00edculo 1 de la norma.<\/p>\n\n\n\n<p>El texto precisa, en su art\u00edculo segundo, la adjudicaci\u00f3n por un monto total de 21.545.940.000 pesos, \u00abel cual contempla la suma de 19.391.346.000 pesos, Impuesto al Valor Agregado (I.V.A.) incluido, por los servicios prestados para las Paso\u00a0y las Elecciones Generales, y la suma de 2.154.594.000 pesos, Impuesto al Valor Agregado (I.V.A.) incluido, sujeta a la realizaci\u00f3n de la eventual segunda vuelta\u00bb.<\/p>\n\n\n\n<p>Con el cierre del padr\u00f3n provisorio y la fecha l\u00edmite para la inclusi\u00f3n de novedades registrales,&nbsp;<strong>se inici\u00f3 formalmente el martes pasado el cronograma dispuesto por la C\u00e1mara Nacional Electoral<\/strong>.<\/p>\n\n\n\n<p>La&nbsp;<strong>pr\u00f3xima fecha importante del calendario electoral se dar\u00e1 el pr\u00f3ximo viernes 5 de mayo, cuando se publique el padr\u00f3n provisorio<\/strong>, en el que estar\u00e1n incluidos los j\u00f3venes que hasta el d\u00eda de la elecci\u00f3n general cumplan 16 a\u00f1os.<\/p>\n\n\n\n<p>En tanto,&nbsp;<strong>el 19 de mayo culmina el plazo para efectuar reclamos de electores sobre sus datos y solicitar eliminaci\u00f3n de fallecidos del padr\u00f3n<\/strong>.<\/p>\n\n\n\n<p>Casi un mes despu\u00e9s,&nbsp;<strong>el 14 de junio finaliza el plazo para solicitar reconocimiento de alianzas transitorias y confederaciones<\/strong>&nbsp;para participar de los comicios y cinco d\u00edas despu\u00e9s -el 19 de junio- los partidos deber\u00e1n informar a la Justicia sobre sus reglamentos, d\u00edas y horarios de funcionamiento, sus juntas electorales, etc.<\/p>\n\n\n\n<p><strong>Ese mismo d\u00eda vence el plazo para realizar los pedidos de los colores<\/strong>&nbsp;que quieren llevar en sus boletas; y designar un responsable econ\u00f3mico financiero por cada agrupaci\u00f3n.<\/p>\n\n\n\n<p>El\u00a0<strong>s\u00e1bado 24 de junio es una jornada clave en el camino a las elecciones: en la medianoche de ese d\u00eda vence el plazo para la presentaci\u00f3n de listas de precandidatos<\/strong>\u00a0ante las juntas electorales partidarias y se inicia formalmente la campa\u00f1a electoral para las Paso.<\/p>\n\n\n\n<p>Luego, el 1 de julio termina el plazo para asignar espacios de publicidad en medios de comunicaci\u00f3n audiovisual por medio de un sorteo p\u00fablico que realiza la Direcci\u00f3n Nacional Electoral (DINE) y el 9 de ese mes comienza la campa\u00f1a en los medios audiovisuales.<\/p>\n\n\n\n<p>El&nbsp;<strong>14 de julio se designan las autoridades de mesa<\/strong>, termina el plazo para que los juzgados federales resuelvan sobre la aprobaci\u00f3n formal de las boletas oficializadas, se imprimen y publican los padrones definitivos y comienza la difusi\u00f3n de mensajes institucionales de formaci\u00f3n c\u00edvica y educaci\u00f3n digital sobre cuestiones electorales y el uso responsable y cr\u00edtico de la informaci\u00f3n electoral disponible en internet.<\/p>\n\n\n\n<p>El 19 de julio -25 d\u00edas antes de las Paso- es el comienzo de la prohibici\u00f3n de actos p\u00fablicos susceptibles de promover la captaci\u00f3n del sufragio.<\/p>\n\n\n\n<p>En tanto, el 24 de ese mes es la fecha l\u00edmite para efectuar la convocatoria a las elecciones generales; y el 29, se difunden los lugares y mesas de votaci\u00f3n.<\/p>\n\n\n\n<p>El viernes&nbsp;<strong>11 de agosto finaliza la campa\u00f1a y a las 8 de la ma\u00f1ana comienza la veda electoral<\/strong>, de cara a las PASO que se desarrollar\u00e1n el domingo 13 entre las 8 y las 18 en todo el pa\u00eds.<\/p>\n\n\n\n<p>El martes 15 de agosto termina el plazo para efectuar reclamos y protestas sobre vicios en la constituci\u00f3n y funcionamiento de las mesas y sobre la elecci\u00f3n, y a las 18 de ese d\u00eda, comienza el escrutinio definitivo.<\/p>\n\n\n\n<p>De cara ya a las elecciones generales, el 23 de agosto se constituyen las Juntas Electorales Nacionales y el 2 de setiembre se inicia la campa\u00f1a electoral para esos comicios, tras la culminaci\u00f3n del plazo para la registraci\u00f3n de candidatos proclamados en las PASO.<\/p>\n\n\n\n<p>El 9 de septiembre termina el plazo para asignar espacios de publicidad en medios audiovisuales, y el 12, finaliza el plazo para presentar el informe final por agrupaci\u00f3n ante el juzgado federal electoral.<\/p>\n\n\n\n<p>El 17, empieza la campa\u00f1a en medios audiovisuales y el 23 se imprimen los padrones definitivos, en tanto, el 27 de septiembre, comienza la prohibici\u00f3n de actos p\u00fablicos susceptibles de promover la captaci\u00f3n del sufragio.<\/p>\n\n\n\n<p>El domingo 1 de octubre es la fecha establecida para la realizaci\u00f3n del debate presidencial obligatorio, el 7 de octubre se difundir\u00e1n los lugares de votaci\u00f3n y al d\u00eda siguiente est\u00e1 previsto el segundo debate.<\/p>\n\n\n\n<p>El&nbsp;<strong>12 de octubre vence al plazo para la justificaci\u00f3n del no voto en las Paso<\/strong>&nbsp;y desde el 14 se proh\u00edbe la difusi\u00f3n de encuestas ya que el 20 finaliza la campa\u00f1a y desde las 8 de ese d\u00eda, rige la veda electoral.<\/p>\n\n\n\n<p>Finalmente las\u00a0<strong>elecciones generales se desarrollar\u00e1n el domingo 22 de octubre; entre las 8 y las 18<\/strong>.<\/p>\n\n\n\n<p>El 24 se dar\u00e1 inicio al escrutinio definitivo; y en caso de una segunda vuelta, el debate de candidatos est\u00e1 previsto para el d\u00eda 12 de noviembre y la segunda vuelta se realizar\u00eda el 19 de ese mes.<\/p>\n","protected":false},"excerpt":{"rendered":"<p>Este a\u00f1o se eligen presidente y vice, y 130 diputados y senadores, en lo que respecta a la renovaci\u00f3n nacional de cargos. Tambi\u00e9n se oficializ\u00f3 la creaci\u00f3n de un\u00a0Comando Electoral y se adjudic\u00f3 la log\u00edstica de las elecciones de este a\u00f1o al Correo Argentino. En un nuevo paso hacia las elecciones de este a\u00f1o, el <a href=\"https:\/\/armstrongyregion.com.ar\/diario\/elecciones-2023-el-gobierno-formalizo-el-calendario-nacional-de-las-paso-y-de-los-comicios-generales\/\" title=\"Read more\" >&#8230;<\/a><\/p>\n","protected":false},"author":1,"featured_media":31036,"comment_status":"open","ping_status":"open","sticky":false,"template":"","format":"image","meta":{"_jetpack_memberships_contains_paid_content":false,"footnotes":"","jetpack_publicize_message":"","jetpack_publicize_feature_enabled":true,"jetpack_social_post_already_shared":true,"jetpack_social_options":{"image_generator_settings":{"template":"highway","default_image_id":0,"enabled":false},"version":2}},"categories":[6,8,1,2819,2,7,3],"tags":[1208,9267,19,16,9265,9266,1743,38,23,42,621,932,13],"class_list":["post-38393","post","type-post","status-publish","format-image","has-post-thumbnail","hentry","category-cultura-entretenimiento","category-deliberando","category-diario-armstrong","category-el-pais","category-locales","category-politica","category-region","tag-calendario","tag-comicios","tag-de","tag-el","tag-elecciones-2023","tag-formalizo","tag-generales","tag-gobierno","tag-las","tag-los","tag-nacional","tag-paso","tag-y","post_format-post-format-image"],"jetpack_publicize_connections":[],"jetpack_featured_media_url":"https:\/\/armstrongyregion.com.ar\/diario\/wp-content\/uploads\/2021\/07\/elecciones-PASO-legislativas-2017-1920-28.jpg","jetpack_shortlink":"https:\/\/wp.me\/p62QDO-9Zf","jetpack_sharing_enabled":true,"amp_enabled":true,"_links":{"self":[{"href":"https:\/\/armstrongyregion.com.ar\/diario\/wp-json\/wp\/v2\/posts\/38393","targetHints":{"allow":["GET"]}}],"collection":[{"href":"https:\/\/armstrongyregion.com.ar\/diario\/wp-json\/wp\/v2\/posts"}],"about":[{"href":"https:\/\/armstrongyregion.com.ar\/diario\/wp-json\/wp\/v2\/types\/post"}],"author":[{"embeddable":true,"href":"https:\/\/armstrongyregion.com.ar\/diario\/wp-json\/wp\/v2\/users\/1"}],"replies":[{"embeddable":true,"href":"https:\/\/armstrongyregion.com.ar\/diario\/wp-json\/wp\/v2\/comments?post=38393"}],"version-history":[{"count":2,"href":"https:\/\/armstrongyregion.com.ar\/diario\/wp-json\/wp\/v2\/posts\/38393\/revisions"}],"predecessor-version":[{"id":38395,"href":"https:\/\/armstrongyregion.com.ar\/diario\/wp-json\/wp\/v2\/posts\/38393\/revisions\/38395"}],"wp:featuredmedia":[{"embeddable":true,"href":"https:\/\/armstrongyregion.com.ar\/diario\/wp-json\/wp\/v2\/media\/31036"}],"wp:attachment":[{"href":"https:\/\/armstrongyregion.com.ar\/diario\/wp-json\/wp\/v2\/media?parent=38393"}],"wp:term":[{"taxonomy":"category","embeddable":true,"href":"https:\/\/armstrongyregion.com.ar\/diario\/wp-json\/wp\/v2\/categories?post=38393"},{"taxonomy":"post_tag","embeddable":true,"href":"https:\/\/armstrongyregion.com.ar\/diario\/wp-json\/wp\/v2\/tags?post=38393"}],"curies":[{"name":"wp","href":"https:\/\/api.w.org\/{rel}","templated":true}]}}