{"id":38387,"date":"2023-04-28T23:42:14","date_gmt":"2023-04-28T23:42:14","guid":{"rendered":"https:\/\/armstrongyregion.com.ar\/diario\/?p=38387"},"modified":"2023-04-28T23:42:16","modified_gmt":"2023-04-28T23:42:16","slug":"fischer-la-carteleria-y-senalizacion-de-las-calles-es-algo-basico-que-el-municipio-tiene-que-garantizar-a-los-ciudadanos","status":"publish","type":"post","link":"https:\/\/armstrongyregion.com.ar\/diario\/fischer-la-carteleria-y-senalizacion-de-las-calles-es-algo-basico-que-el-municipio-tiene-que-garantizar-a-los-ciudadanos\/","title":{"rendered":"Fischer: \u201cLa carteler\u00eda y se\u00f1alizaci\u00f3n de las calles es algo b\u00e1sico que el municipio tiene que garantizar a los ciudadanos\u201d."},"content":{"rendered":"\n<figure class=\"wp-block-image size-full\"><a href=\"http:\/\/armstrongyregion.com.ar\/diario\/wp-content\/uploads\/2022\/09\/Luz-Marina-Concejal-.jpg\"><img loading=\"lazy\" decoding=\"async\" width=\"524\" height=\"532\" src=\"http:\/\/armstrongyregion.com.ar\/diario\/wp-content\/uploads\/2022\/09\/Luz-Marina-Concejal-.jpg\" alt=\"\" class=\"wp-image-35934\" srcset=\"https:\/\/armstrongyregion.com.ar\/diario\/wp-content\/uploads\/2022\/09\/Luz-Marina-Concejal-.jpg 524w, https:\/\/armstrongyregion.com.ar\/diario\/wp-content\/uploads\/2022\/09\/Luz-Marina-Concejal--295x300.jpg 295w\" sizes=\"auto, (max-width: 524px) 100vw, 524px\" \/><\/a><\/figure>\n\n\n\n<p>As\u00ed expresaba la concejal Luz Marina Fischer al ser consultada sobre el proyecto que habia presentado su bloque en la \u00faltima sesi\u00f3n.<\/p>\n\n\n\n<p>\u201cSolicitamos al municipio para que realice un relevamiento de los carteles que estan en las calles con nombre, direccion, flechas y alturas que hoy en d\u00eda cuentan con indicaciones err\u00f3neas\u201d.<\/p>\n\n\n\n<p>\u201cNecesitamos que se realice un control para que las calles esten ordenadas. Los que somos de la ciudad generalmente no nos vamos a desorientar pero viene mucha gente de afuera a la ciudad, por cuestiones personales, laborales, y es algo b\u00e1sico que el municipio tiene que garantizar a los ciudadanos\u201d. Expresaba Fischer.<\/p>\n\n\n\n<p><strong>La concejal del bloque Justicialista tambien se refiri\u00f3 a la designaci\u00f3n de la coordinadorade derechos de usuarios y consumidores.<\/strong><\/p>\n\n\n\n<p><strong>\u201c<\/strong><strong>Para nosotros la designacion del cargo para atender la oficina municipal de defensa del consumidor deber\u00eda ser por CONCURSO. Ya que es la forma m\u00e1s transparente, m\u00e1s democr\u00e1tica y m\u00e1s justa de elecci<\/strong><strong>\u00f3<\/strong><strong>n. Pero los concejales no estuvieron de acuerdo\u201d. <\/strong><strong>Expres\u00f3 la concejal.<\/strong><\/p>\n\n\n\n<p><strong>\u201c<\/strong><strong>Cuando tenemos que tomar decisiones, lo \u00fanico que tenemos que tener en cuenta es una sola cosa: que sea beneficio de la ciudad y de la gente\u201d. Finaliz\u00f3 Luz Marina Fischer.<\/strong><\/p>\n","protected":false},"excerpt":{"rendered":"<p>As\u00ed expresaba la concejal Luz Marina Fischer al ser consultada sobre el proyecto que habia presentado su bloque en la \u00faltima sesi\u00f3n. \u201cSolicitamos al municipio para que realice un relevamiento de los carteles que estan en las calles con nombre, direccion, flechas y alturas que hoy en d\u00eda cuentan con indicaciones err\u00f3neas\u201d. \u201cNecesitamos que se <a href=\"https:\/\/armstrongyregion.com.ar\/diario\/fischer-la-carteleria-y-senalizacion-de-las-calles-es-algo-basico-que-el-municipio-tiene-que-garantizar-a-los-ciudadanos\/\" title=\"Read more\" >&#8230;<\/a><\/p>\n","protected":false},"author":1,"featured_media":35934,"comment_status":"open","ping_status":"open","sticky":false,"template":"","format":"image","meta":{"_jetpack_memberships_contains_paid_content":false,"footnotes":"","jetpack_publicize_message":"","jetpack_publicize_feature_enabled":true,"jetpack_social_post_already_shared":true,"jetpack_social_options":{"image_generator_settings":{"template":"highway","default_image_id":0,"enabled":false},"version":2}},"categories":[6,8,1,2,7],"tags":[1985,9263,19,9262,9264,2732],"class_list":["post-38387","post","type-post","status-publish","format-image","has-post-thumbnail","hentry","category-cultura-entretenimiento","category-deliberando","category-diario-armstrong","category-locales","category-politica","tag-calles","tag-carteleria","tag-de","tag-luz-marina-fischer","tag-senalizacion","tag-solicito","post_format-post-format-image"],"jetpack_publicize_connections":[],"jetpack_featured_media_url":"https:\/\/armstrongyregion.com.ar\/diario\/wp-content\/uploads\/2022\/09\/Luz-Marina-Concejal-.jpg","jetpack_shortlink":"https:\/\/wp.me\/p62QDO-9Z9","jetpack_sharing_enabled":true,"amp_enabled":true,"_links":{"self":[{"href":"https:\/\/armstrongyregion.com.ar\/diario\/wp-json\/wp\/v2\/posts\/38387","targetHints":{"allow":["GET"]}}],"collection":[{"href":"https:\/\/armstrongyregion.com.ar\/diario\/wp-json\/wp\/v2\/posts"}],"about":[{"href":"https:\/\/armstrongyregion.com.ar\/diario\/wp-json\/wp\/v2\/types\/post"}],"author":[{"embeddable":true,"href":"https:\/\/armstrongyregion.com.ar\/diario\/wp-json\/wp\/v2\/users\/1"}],"replies":[{"embeddable":true,"href":"https:\/\/armstrongyregion.com.ar\/diario\/wp-json\/wp\/v2\/comments?post=38387"}],"version-history":[{"count":2,"href":"https:\/\/armstrongyregion.com.ar\/diario\/wp-json\/wp\/v2\/posts\/38387\/revisions"}],"predecessor-version":[{"id":38389,"href":"https:\/\/armstrongyregion.com.ar\/diario\/wp-json\/wp\/v2\/posts\/38387\/revisions\/38389"}],"wp:featuredmedia":[{"embeddable":true,"href":"https:\/\/armstrongyregion.com.ar\/diario\/wp-json\/wp\/v2\/media\/35934"}],"wp:attachment":[{"href":"https:\/\/armstrongyregion.com.ar\/diario\/wp-json\/wp\/v2\/media?parent=38387"}],"wp:term":[{"taxonomy":"category","embeddable":true,"href":"https:\/\/armstrongyregion.com.ar\/diario\/wp-json\/wp\/v2\/categories?post=38387"},{"taxonomy":"post_tag","embeddable":true,"href":"https:\/\/armstrongyregion.com.ar\/diario\/wp-json\/wp\/v2\/tags?post=38387"}],"curies":[{"name":"wp","href":"https:\/\/api.w.org\/{rel}","templated":true}]}}