{"id":38367,"date":"2023-04-27T04:04:44","date_gmt":"2023-04-27T04:04:44","guid":{"rendered":"https:\/\/armstrongyregion.com.ar\/diario\/?p=38367"},"modified":"2023-04-27T04:04:47","modified_gmt":"2023-04-27T04:04:47","slug":"gramigna-solicitamos-reparacion-de-calle-radical-y-colocacion-de-segunderos-en-los-semaforos","status":"publish","type":"post","link":"https:\/\/armstrongyregion.com.ar\/diario\/gramigna-solicitamos-reparacion-de-calle-radical-y-colocacion-de-segunderos-en-los-semaforos\/","title":{"rendered":"Gramigna: \u201cSolicitamos reparaci\u00f3n de calle Radical y colocaci\u00f3n de segunderos en los sem\u00e1foros\u201d."},"content":{"rendered":"\n<figure class=\"wp-block-image size-full\"><a href=\"http:\/\/armstrongyregion.com.ar\/diario\/wp-content\/uploads\/2022\/09\/Emiliano-Gramigna-7-9-22-.jpg\"><img loading=\"lazy\" decoding=\"async\" width=\"758\" height=\"563\" src=\"http:\/\/armstrongyregion.com.ar\/diario\/wp-content\/uploads\/2022\/09\/Emiliano-Gramigna-7-9-22-.jpg\" alt=\"\" class=\"wp-image-35725\" srcset=\"https:\/\/armstrongyregion.com.ar\/diario\/wp-content\/uploads\/2022\/09\/Emiliano-Gramigna-7-9-22-.jpg 758w, https:\/\/armstrongyregion.com.ar\/diario\/wp-content\/uploads\/2022\/09\/Emiliano-Gramigna-7-9-22--300x223.jpg 300w\" sizes=\"auto, (max-width: 758px) 100vw, 758px\" \/><\/a><\/figure>\n\n\n\n<p>El concejal de Renovaci\u00f3n por Armstrong, Emiliano Gramigna expresaba: \u201cEn la noche de hoy, presentamos dos minutas de comunicaci\u00f3n, una de ellas es la reparaci\u00f3n de calle radical esquina Vel Bille, ya que existe un notorio desgaste que tambien ocasiona un potencial peligro para los vecinos, hay pozos de gran consideraci\u00f3n; lo que con las \u00faltimas lluvias no solo se agrandandaron sino que tambien se vi\u00f3 afectada la transitabilidad\u201d.<\/p>\n\n\n\n<p>Luego a\u00f1adi\u00f3: \u201cEn la otra minuta solicitamos que se coloquen segunderos en los sem\u00e1foros de calles Fischer y Sanguinetti y calles Fischer Bis y Delfo Cabrera. Hemos visto un beneficio muy grande del transito de la ciudad en calle Roldan y Fischer donde se integr\u00f3 este sistema\u201d.<\/p>\n\n\n\n<p>\u201cDe todas formas- agreg\u00f3- los concejales oficialistas informaron de que el ejecutivo esta trabajando en poder concretarlo, no solamente lo necesitamos para el ordenamiento en los veh\u00edculos sino tambi\u00e9n para los ciclistas y peatones\u201d.<\/p>\n","protected":false},"excerpt":{"rendered":"<p>El concejal de Renovaci\u00f3n por Armstrong, Emiliano Gramigna expresaba: \u201cEn la noche de hoy, presentamos dos minutas de comunicaci\u00f3n, una de ellas es la reparaci\u00f3n de calle radical esquina Vel Bille, ya que existe un notorio desgaste que tambien ocasiona un potencial peligro para los vecinos, hay pozos de gran consideraci\u00f3n; lo que con las <a href=\"https:\/\/armstrongyregion.com.ar\/diario\/gramigna-solicitamos-reparacion-de-calle-radical-y-colocacion-de-segunderos-en-los-semaforos\/\" title=\"Read more\" >&#8230;<\/a><\/p>\n","protected":false},"author":1,"featured_media":35725,"comment_status":"open","ping_status":"open","sticky":false,"template":"","format":"image","meta":{"_jetpack_memberships_contains_paid_content":false,"footnotes":"","jetpack_publicize_message":"","jetpack_publicize_feature_enabled":true,"jetpack_social_post_already_shared":true,"jetpack_social_options":{"image_generator_settings":{"template":"highway","default_image_id":0,"enabled":false},"version":2}},"categories":[8,1,2,7,3],"tags":[345,19,979,9253,1585,9255,9256,9227,9254],"class_list":["post-38367","post","type-post","status-publish","format-image","has-post-thumbnail","hentry","category-deliberando","category-diario-armstrong","category-locales","category-politica","category-region","tag-calle","tag-de","tag-gramigna","tag-radical-2","tag-reparacion","tag-segunderos","tag-semaforos","tag-solicitamos","tag-y-colocacion","post_format-post-format-image"],"jetpack_publicize_connections":[],"jetpack_featured_media_url":"https:\/\/armstrongyregion.com.ar\/diario\/wp-content\/uploads\/2022\/09\/Emiliano-Gramigna-7-9-22-.jpg","jetpack_shortlink":"https:\/\/wp.me\/p62QDO-9YP","jetpack_sharing_enabled":true,"amp_enabled":true,"_links":{"self":[{"href":"https:\/\/armstrongyregion.com.ar\/diario\/wp-json\/wp\/v2\/posts\/38367","targetHints":{"allow":["GET"]}}],"collection":[{"href":"https:\/\/armstrongyregion.com.ar\/diario\/wp-json\/wp\/v2\/posts"}],"about":[{"href":"https:\/\/armstrongyregion.com.ar\/diario\/wp-json\/wp\/v2\/types\/post"}],"author":[{"embeddable":true,"href":"https:\/\/armstrongyregion.com.ar\/diario\/wp-json\/wp\/v2\/users\/1"}],"replies":[{"embeddable":true,"href":"https:\/\/armstrongyregion.com.ar\/diario\/wp-json\/wp\/v2\/comments?post=38367"}],"version-history":[{"count":1,"href":"https:\/\/armstrongyregion.com.ar\/diario\/wp-json\/wp\/v2\/posts\/38367\/revisions"}],"predecessor-version":[{"id":38368,"href":"https:\/\/armstrongyregion.com.ar\/diario\/wp-json\/wp\/v2\/posts\/38367\/revisions\/38368"}],"wp:featuredmedia":[{"embeddable":true,"href":"https:\/\/armstrongyregion.com.ar\/diario\/wp-json\/wp\/v2\/media\/35725"}],"wp:attachment":[{"href":"https:\/\/armstrongyregion.com.ar\/diario\/wp-json\/wp\/v2\/media?parent=38367"}],"wp:term":[{"taxonomy":"category","embeddable":true,"href":"https:\/\/armstrongyregion.com.ar\/diario\/wp-json\/wp\/v2\/categories?post=38367"},{"taxonomy":"post_tag","embeddable":true,"href":"https:\/\/armstrongyregion.com.ar\/diario\/wp-json\/wp\/v2\/tags?post=38367"}],"curies":[{"name":"wp","href":"https:\/\/api.w.org\/{rel}","templated":true}]}}