{"id":38363,"date":"2023-04-27T02:58:28","date_gmt":"2023-04-27T02:58:28","guid":{"rendered":"https:\/\/armstrongyregion.com.ar\/diario\/?p=38363"},"modified":"2023-04-27T03:19:30","modified_gmt":"2023-04-27T03:19:30","slug":"el-pte-del-concejo-ing-guillermo-luzzi-hizo-un-balance-de-la-sesion-ordinaria","status":"publish","type":"post","link":"https:\/\/armstrongyregion.com.ar\/diario\/el-pte-del-concejo-ing-guillermo-luzzi-hizo-un-balance-de-la-sesion-ordinaria\/","title":{"rendered":"El Pte. del Concejo Ing. Guillermo Luzzi hizo un balance de la sesi\u00f3n ordinaria."},"content":{"rendered":"\n<figure class=\"wp-block-image size-full\"><a href=\"http:\/\/armstrongyregion.com.ar\/diario\/wp-content\/uploads\/2023\/04\/Guille-Luzzi-12-4-23-.jpg\"><img loading=\"lazy\" decoding=\"async\" width=\"634\" height=\"544\" src=\"http:\/\/armstrongyregion.com.ar\/diario\/wp-content\/uploads\/2023\/04\/Guille-Luzzi-12-4-23-.jpg\" alt=\"\" class=\"wp-image-38161\" srcset=\"https:\/\/armstrongyregion.com.ar\/diario\/wp-content\/uploads\/2023\/04\/Guille-Luzzi-12-4-23-.jpg 634w, https:\/\/armstrongyregion.com.ar\/diario\/wp-content\/uploads\/2023\/04\/Guille-Luzzi-12-4-23--300x257.jpg 300w\" sizes=\"auto, (max-width: 634px) 100vw, 634px\" \/><\/a><\/figure>\n\n\n\n<p>El Pte del Concejo Guillermo Luzzi, hizo un balance de la sesi\u00f3n ordinaria expresando, <strong>\u201cNuestro bloque present\u00f3 una minuta de declaraci\u00f3n ya que <\/strong><strong>hoy 25 de abril, se conmemora el D\u00eda Internacional de la Lucha Contra el Maltrato Infantil, fecha instituida por Unicef para crear conciencia en la sociedad sobre la necesidad de erradicar todo tipo de violencia contra las infancias y adolescencias.<\/strong><em><strong><em>Los ni\u00f1os y ni\u00f1as tienen derecho al trato cari\u00f1oso, respetuoso y saludable\u201d. <\/em><\/strong><\/em><em>La verdad que las estad\u00edsticas que expres\u00f3 en la sesion Alejandro Pertusati, son para repensar y trabajar en ello. Quiero remarcar que el ejecutivo municipal tiene una secretar\u00eda que esta trabajando seriamente junto al gabinete psicopedagogico y profesionales muy comprometidas\u201d.<\/em><\/p>\n\n\n\n<p><em><strong><em>Desde el concejo tambi\u00e9n se design\u00f3 a la coordinadora para la oficina municipal de defensa de los derechos de usuarios y consumidores, Luzzi fue consultado si no habr\u00eda sido mas transparente de que se llame a concurso para dicho cargo.<\/em><\/strong><\/em><\/p>\n\n\n\n<p><em>\u201cA principios de marzo el bloque del Frente Renovador present\u00f3 la ordenanza y ahi mismo se empezaron a trabajar propuestas, nosotros la apoyamos, ya que es muy positiva y tambien aceptamos la sugerencia de que fuera Brunela Scarafiocca la profesional para ocupar el puesto y se llego a un consenso unanime de que fuera ella. <strong><em>Tambien aclar\u00f3 que los honorarios estar\u00e1n a cargo del presupuesto que maneja el legislativo\u201d.<\/em><\/strong><\/em><\/p>\n","protected":false},"excerpt":{"rendered":"<p>El Pte del Concejo Guillermo Luzzi, hizo un balance de la sesi\u00f3n ordinaria expresando, \u201cNuestro bloque present\u00f3 una minuta de declaraci\u00f3n ya que hoy 25 de abril, se conmemora el D\u00eda Internacional de la Lucha Contra el Maltrato Infantil, fecha instituida por Unicef para crear conciencia en la sociedad sobre la necesidad de erradicar todo <a href=\"https:\/\/armstrongyregion.com.ar\/diario\/el-pte-del-concejo-ing-guillermo-luzzi-hizo-un-balance-de-la-sesion-ordinaria\/\" title=\"Read more\" >&#8230;<\/a><\/p>\n","protected":false},"author":1,"featured_media":38161,"comment_status":"open","ping_status":"open","sticky":false,"template":"","format":"image","meta":{"_jetpack_memberships_contains_paid_content":false,"footnotes":"","jetpack_publicize_message":"","jetpack_publicize_feature_enabled":true,"jetpack_social_post_already_shared":true,"jetpack_social_options":{"image_generator_settings":{"template":"highway","default_image_id":0,"enabled":false},"version":2}},"categories":[8,1,2,7,3],"tags":[237,19,1197,31,8735,9092,2534,192],"class_list":["post-38363","post","type-post","status-publish","format-image","has-post-thumbnail","hentry","category-deliberando","category-diario-armstrong","category-locales","category-politica","category-region","tag-balance","tag-de","tag-hizo","tag-la","tag-luzzi","tag-ordinaria-2","tag-sesion","tag-un","post_format-post-format-image"],"jetpack_publicize_connections":[],"jetpack_featured_media_url":"https:\/\/armstrongyregion.com.ar\/diario\/wp-content\/uploads\/2023\/04\/Guille-Luzzi-12-4-23-.jpg","jetpack_shortlink":"https:\/\/wp.me\/p62QDO-9YL","jetpack_sharing_enabled":true,"amp_enabled":true,"_links":{"self":[{"href":"https:\/\/armstrongyregion.com.ar\/diario\/wp-json\/wp\/v2\/posts\/38363","targetHints":{"allow":["GET"]}}],"collection":[{"href":"https:\/\/armstrongyregion.com.ar\/diario\/wp-json\/wp\/v2\/posts"}],"about":[{"href":"https:\/\/armstrongyregion.com.ar\/diario\/wp-json\/wp\/v2\/types\/post"}],"author":[{"embeddable":true,"href":"https:\/\/armstrongyregion.com.ar\/diario\/wp-json\/wp\/v2\/users\/1"}],"replies":[{"embeddable":true,"href":"https:\/\/armstrongyregion.com.ar\/diario\/wp-json\/wp\/v2\/comments?post=38363"}],"version-history":[{"count":2,"href":"https:\/\/armstrongyregion.com.ar\/diario\/wp-json\/wp\/v2\/posts\/38363\/revisions"}],"predecessor-version":[{"id":38366,"href":"https:\/\/armstrongyregion.com.ar\/diario\/wp-json\/wp\/v2\/posts\/38363\/revisions\/38366"}],"wp:featuredmedia":[{"embeddable":true,"href":"https:\/\/armstrongyregion.com.ar\/diario\/wp-json\/wp\/v2\/media\/38161"}],"wp:attachment":[{"href":"https:\/\/armstrongyregion.com.ar\/diario\/wp-json\/wp\/v2\/media?parent=38363"}],"wp:term":[{"taxonomy":"category","embeddable":true,"href":"https:\/\/armstrongyregion.com.ar\/diario\/wp-json\/wp\/v2\/categories?post=38363"},{"taxonomy":"post_tag","embeddable":true,"href":"https:\/\/armstrongyregion.com.ar\/diario\/wp-json\/wp\/v2\/tags?post=38363"}],"curies":[{"name":"wp","href":"https:\/\/api.w.org\/{rel}","templated":true}]}}