{"id":38330,"date":"2023-04-25T02:15:59","date_gmt":"2023-04-25T02:15:59","guid":{"rendered":"https:\/\/armstrongyregion.com.ar\/diario\/?p=38330"},"modified":"2023-04-25T02:16:02","modified_gmt":"2023-04-25T02:16:02","slug":"el-gobierno-de-santa-fe-puso-en-marcha-una-planta-fotovoltaica-en-canada-de-gomez","status":"publish","type":"post","link":"https:\/\/armstrongyregion.com.ar\/diario\/el-gobierno-de-santa-fe-puso-en-marcha-una-planta-fotovoltaica-en-canada-de-gomez\/","title":{"rendered":"El gobierno de Santa Fe puso en marcha una planta fotovoltaica en Ca\u00f1ada de G\u00f3mez."},"content":{"rendered":"\n<figure class=\"wp-block-image size-full\"><a href=\"http:\/\/armstrongyregion.com.ar\/diario\/wp-content\/uploads\/2023\/04\/canada-pcia-24-4-23-.jpg\"><img loading=\"lazy\" decoding=\"async\" width=\"464\" height=\"270\" src=\"http:\/\/armstrongyregion.com.ar\/diario\/wp-content\/uploads\/2023\/04\/canada-pcia-24-4-23-.jpg\" alt=\"\" class=\"wp-image-38331\" srcset=\"https:\/\/armstrongyregion.com.ar\/diario\/wp-content\/uploads\/2023\/04\/canada-pcia-24-4-23-.jpg 464w, https:\/\/armstrongyregion.com.ar\/diario\/wp-content\/uploads\/2023\/04\/canada-pcia-24-4-23--300x175.jpg 300w\" sizes=\"auto, (max-width: 464px) 100vw, 464px\" \/><\/a><\/figure>\n\n\n\n<h2 class=\"wp-block-heading\">En el marco del programa Energ\u00eda Renovable para el Ambiente, se invirtieron 5 millones de pesos.<\/h2>\n\n\n\n<p>El ministra de Ambiente y Cambio Clim\u00e1tico, Erika Gonnet, puso en marcha una instalaci\u00f3n fotovoltaica de 6,5 KW en Ca\u00f1ada de G\u00f3mez, que se conecta al Programa Energ\u00eda Renovable para el Ambiente, transformando el edificio del correo en usuario generador. La inversi\u00f3n realizada por el Gobierno de Santa Fe alcanza los $5.000.000.<\/p>\n\n\n\n<p>Al respecto, Gonnet se\u00f1al\u00f3 que \u201cpara el Ministerio de Ambiente trabajar en Ca\u00f1ada de G\u00f3mez ya es una cotidianidad, porque tenemos una intendenta comprometida con las cuestiones ambientales, que de manera permanente nos invita a articular en el territorio. El programa Energ\u00eda Renovable para el Ambiente (ERA) lo venimos llevando adelante a lo largo de toda la provincia, sumando energ\u00edas limpias en clubes, pymes, empresas y edificios p\u00fablicos, como es el caso de la obra fotovoltaica que estamos inaugurando\u201d, agreg\u00f3.<\/p>\n\n\n\n<p>Por su parte, el subsecretario de Tecnolog\u00edas para la Sostenibilidad, Franco Blatter, destac\u00f3 que el proyecto fue \u201ccompartido con todos los vecinos, chicos de colegio, adultos mayores, quienes conocieron c\u00f3mo funcionan las renovables para poder comentarlo en la comunidad\u201d.<\/p>\n\n\n\n<p>En tanto, la intendenta de Ca\u00f1ada de G\u00f3mez, Stella Cl\u00e9rici, se\u00f1al\u00f3 que \u201cen la v\u00edspera del D\u00eda Mundial de la Tierra, concretanmos acciones para que Ca\u00f1ada sea una ciudad m\u00e1s ecol\u00f3gica, m\u00e1s sustentable. Se inaugur\u00f3 la planta fotovoltaica con 18 paneles en el edificio donde funciona la nueva muni, el polo tecnol\u00f3gico y tambi\u00e9n la sede del correo\u201d. La mandataria, adem\u00e1s, agradeci\u00f3 a \u201cOmar Perotti y a Erika Gonnet los aportes para la concreci\u00f3n de estas obras\u201d.<\/p>\n\n\n\n<p>Durante la presentaci\u00f3n, estuvieron presentes estudiantes de la escuela N\u00b0492 San Mart\u00edn y de la Colonia de Adultos Mayores del PAMI que funciona en la localidad. Adem\u00e1s, participaron el secretario de Gobierno de la Municipalidad e integrantes de la empresa Pachamama Energ\u00edas, encargados de la obra fotovoltaica.<\/p>\n\n\n\n<p><strong>Forestaci\u00f3n<\/strong><br>Durante la jornada, tambi\u00e9n se realiz\u00f3 una plantaci\u00f3n de \u00e1rboles a la vera del arroyo, una \u201cacci\u00f3n que se viene fortaleciendo en cada temporada\u201d, explic\u00f3 la intendenta. La actividad cont\u00f3 con la participaci\u00f3n de estudiantes de la escuela N\u00ba 494 Almafuerte y vecinales de la localidad.<\/p>\n\n\n\n<p><strong>M\u00e1s acciones clim\u00e1ticas<\/strong><br>Adem\u00e1s de la inversi\u00f3n realizada en materia de energ\u00edas renovables, el Ministerio de Ambiente y Cambio Clim\u00e1tico trabaja en diferentes acciones vinculadas a la gesti\u00f3n de residuos en Ca\u00f1ada de G\u00f3mez.<\/p>\n\n\n\n<p>En ese sentido, la localidad fue beneficiaria del Plan Incluir Ambiente, por un aporte de $4.500.000, mediante el cual adquiri\u00f3 80 contenedores de 1100 litros.<\/p>\n\n\n\n<p>Adem\u00e1s, Ca\u00f1ada de G\u00f3mez se encuentra recibiendo equipamiento para Econom\u00eda Circular, excavadora, balanza de piso, chipeadora de ramas, enfardadora simple, guillotina de neum\u00e1ticos, punto verde fijo y trituradora de vidrio, adquirido gracias al trabajo conjunto del gobierno de Santa Fe con el Ministerio de Ambiente y Desarrollo Sostenible de la Naci\u00f3n.<\/p>\n\n\n\n<p>Desde el Ministerio de Ambiente y Cambio Clim\u00e1tico de la provincia de Santa Fe tambi\u00e9n se entregaron campanas de separaci\u00f3n de residuos.<\/p>\n","protected":false},"excerpt":{"rendered":"<p>En el marco del programa Energ\u00eda Renovable para el Ambiente, se invirtieron 5 millones de pesos. El ministra de Ambiente y Cambio Clim\u00e1tico, Erika Gonnet, puso en marcha una instalaci\u00f3n fotovoltaica de 6,5 KW en Ca\u00f1ada de G\u00f3mez, que se conecta al Programa Energ\u00eda Renovable para el Ambiente, transformando el edificio del correo en usuario <a href=\"https:\/\/armstrongyregion.com.ar\/diario\/el-gobierno-de-santa-fe-puso-en-marcha-una-planta-fotovoltaica-en-canada-de-gomez\/\" title=\"Read more\" >&#8230;<\/a><\/p>\n","protected":false},"author":1,"featured_media":38331,"comment_status":"open","ping_status":"open","sticky":false,"template":"","format":"image","meta":{"_jetpack_memberships_contains_paid_content":false,"footnotes":"","jetpack_publicize_message":"","jetpack_publicize_feature_enabled":true,"jetpack_social_post_already_shared":true,"jetpack_social_options":{"image_generator_settings":{"template":"highway","default_image_id":0,"enabled":false},"version":2}},"categories":[6,8,1,2,7,3],"tags":[420,9235,225],"class_list":["post-38330","post","type-post","status-publish","format-image","has-post-thumbnail","hentry","category-cultura-entretenimiento","category-deliberando","category-diario-armstrong","category-locales","category-politica","category-region","tag-canada-de-gomez","tag-fotovoltaica","tag-planta","post_format-post-format-image"],"jetpack_publicize_connections":[],"jetpack_featured_media_url":"https:\/\/armstrongyregion.com.ar\/diario\/wp-content\/uploads\/2023\/04\/canada-pcia-24-4-23-.jpg","jetpack_shortlink":"https:\/\/wp.me\/p62QDO-9Ye","jetpack_sharing_enabled":true,"amp_enabled":true,"_links":{"self":[{"href":"https:\/\/armstrongyregion.com.ar\/diario\/wp-json\/wp\/v2\/posts\/38330","targetHints":{"allow":["GET"]}}],"collection":[{"href":"https:\/\/armstrongyregion.com.ar\/diario\/wp-json\/wp\/v2\/posts"}],"about":[{"href":"https:\/\/armstrongyregion.com.ar\/diario\/wp-json\/wp\/v2\/types\/post"}],"author":[{"embeddable":true,"href":"https:\/\/armstrongyregion.com.ar\/diario\/wp-json\/wp\/v2\/users\/1"}],"replies":[{"embeddable":true,"href":"https:\/\/armstrongyregion.com.ar\/diario\/wp-json\/wp\/v2\/comments?post=38330"}],"version-history":[{"count":1,"href":"https:\/\/armstrongyregion.com.ar\/diario\/wp-json\/wp\/v2\/posts\/38330\/revisions"}],"predecessor-version":[{"id":38332,"href":"https:\/\/armstrongyregion.com.ar\/diario\/wp-json\/wp\/v2\/posts\/38330\/revisions\/38332"}],"wp:featuredmedia":[{"embeddable":true,"href":"https:\/\/armstrongyregion.com.ar\/diario\/wp-json\/wp\/v2\/media\/38331"}],"wp:attachment":[{"href":"https:\/\/armstrongyregion.com.ar\/diario\/wp-json\/wp\/v2\/media?parent=38330"}],"wp:term":[{"taxonomy":"category","embeddable":true,"href":"https:\/\/armstrongyregion.com.ar\/diario\/wp-json\/wp\/v2\/categories?post=38330"},{"taxonomy":"post_tag","embeddable":true,"href":"https:\/\/armstrongyregion.com.ar\/diario\/wp-json\/wp\/v2\/tags?post=38330"}],"curies":[{"name":"wp","href":"https:\/\/api.w.org\/{rel}","templated":true}]}}