{"id":38303,"date":"2023-04-22T02:55:26","date_gmt":"2023-04-22T02:55:26","guid":{"rendered":"https:\/\/armstrongyregion.com.ar\/diario\/?p=38303"},"modified":"2023-04-23T14:59:59","modified_gmt":"2023-04-23T14:59:59","slug":"caminos-de-la-ruralidad-la-provincia-firmo-un-nuevo-convenio-para-intervenir-un-corredor-productivo-entre-bustinza-y-totoras","status":"publish","type":"post","link":"https:\/\/armstrongyregion.com.ar\/diario\/caminos-de-la-ruralidad-la-provincia-firmo-un-nuevo-convenio-para-intervenir-un-corredor-productivo-entre-bustinza-y-totoras\/","title":{"rendered":"Caminos de la Ruralidad: La provincia firm\u00f3 un nuevo convenio para intervenir un corredor productivo entre Bustinza y Totoras."},"content":{"rendered":"\n<figure class=\"wp-block-image size-full\"><a href=\"http:\/\/armstrongyregion.com.ar\/diario\/wp-content\/uploads\/2023\/04\/Caminos-ruralidad-.jpg\"><img loading=\"lazy\" decoding=\"async\" width=\"702\" height=\"478\" src=\"http:\/\/armstrongyregion.com.ar\/diario\/wp-content\/uploads\/2023\/04\/Caminos-ruralidad-.jpg\" alt=\"\" class=\"wp-image-38304\" srcset=\"https:\/\/armstrongyregion.com.ar\/diario\/wp-content\/uploads\/2023\/04\/Caminos-ruralidad-.jpg 702w, https:\/\/armstrongyregion.com.ar\/diario\/wp-content\/uploads\/2023\/04\/Caminos-ruralidad--300x204.jpg 300w\" sizes=\"auto, (max-width: 702px) 100vw, 702px\" \/><\/a><\/figure>\n\n\n\n<h2 class=\"wp-block-heading\">Se trata de una inversi\u00f3n de 183.449.600 de pesos que beneficiar\u00e1 de manera directa 22.420,15 metros de trazas rurales.&nbsp;<\/h2>\n\n\n\n<p>El gobierno provincial, a trav\u00e9s del Ministerio de Producci\u00f3n, Ciencia y Tecnolog\u00eda y la Direcci\u00f3n Provincial de Vialidad, celebr\u00f3 una nueva firma de convenio para implementar el Programa Caminos de la Ruralidad en el corredor productivo desde Bustinza hacia Totoras uniendo las rutas provinciales 91 y 28s. Se trata de una obra que prev\u00e9 la mejora de 22.420,15 metros de trazas rurales.&nbsp;<\/p>\n\n\n\n<p>Se trata de una inversi\u00f3n de 183.449.600 de pesos, que beneficiar\u00e1 de manera directa al CER N\u00b0 521- La Patria, al Jard\u00edn N\u00b0 282, al CER N\u00b0 268 Belgrano, y al Jard\u00edn N\u00b0 135. Lo har\u00e1 de igual manera con cuatro productores l\u00e1cteos con m\u00e1s de 3.193.750 litros de leche cruda al a\u00f1o, siete productores ganaderos con 940 cabezas de ganado, un productor porcino con 129 cabezas y a 20 productores agr\u00edcolas en 3286 hect\u00e1reas.<\/p>\n\n\n\n<p>Sobre la firma de convenio, el subsecretario de Infraestructura Rural, Mat\u00edas Giorgetti ahond\u00f3: \u201cRecuerdo cuando iniciamos este proyecto con charlas puntuales y reuniones que fueron claves para que al d\u00eda de hoy estemos firmando el convenio. Para nosotros este es un programa que refleja la visi\u00f3n pol\u00edtica de nuestro gobernador para con los que trabajan, producen, invierten y educan todos los d\u00edas en el territorio santafesino\u201d.<\/p>\n\n\n\n<p>\u201cEsto no es solo el mejoramiento de una traza, esto tambi\u00e9n conlleva un proceso de organizaci\u00f3n junto a los consorcios camineros vecinales que van a llevar adelante el cuidado de estas obras. Es a trav\u00e9s de esta metodolog\u00eda que vamos a seguir ejecutando muchos m\u00e1s kil\u00f3metros, convirtiendo a la provincia de Santa Fe en el coraz\u00f3n productivo de Argentina\u201d, concluy\u00f3 Giorgetti.&nbsp;<\/p>\n\n\n\n<p>El senador por el departamento Iriondo, Hugo Rasetto manifest\u00f3: \u201cAgradezco al gobernador Omar Perotti por esta iniciativa, esta es una obra que hay que hacerla porque ustedes se quedaron a vivir en el campo, porque trabajaron y trabajan all\u00ed. Esta es una obra clave y necesaria para el campo\u201d. &nbsp;<\/p>\n\n\n\n<p>En tanto, la intendenta de Totoras, Mar\u00eda Guadalupe Lanatti detall\u00f3: \u201cHoy estamos ante un paso muy importante para todos nosotros que vivimos en el \u00e1mbito de la ruralidad. Realmente esta mejora en la infraestructura rural beneficia a las familias. Celebro que podamos trabajar conjuntamente con el gobierno provincial, esperamos que este sea el puntapi\u00e9 para nuevas trazas rurales\u201d.&nbsp;<\/p>\n\n\n\n<p>El presidente comunal de Bustinza, Fabi\u00e1n Ballori expres\u00f3: \u201cEl Programa Caminos de la Ruralidad es muy interesante, digo esto porque \u00e9l nos brinda &nbsp;la posibilidad de trabajar en una comisi\u00f3n p\u00fablico &#8211; privada a fin de trabajar de manera articulada para administrar los fondos que env\u00eda el gobierno provincial. Tener un ripio es fundamental y me llena de alegr\u00eda por todos los productores que en todo momento estuvieron predispuestos\u201d.&nbsp;<\/p>\n\n\n\n<p>Por su parte, el productor rural, Daniel Sperandio afirm\u00f3: \u201cAgradecemos al gobernador por este proyecto que para nosotros es muy importante porque lo venimos buscando hace a\u00f1os. La infraestructura del campo est\u00e1 relegada hace m\u00e1s o menos 30 a\u00f1os. Esto es un avance que permite que no haya \u00e9xodo rural y eso es clave\u201d.&nbsp;<\/p>\n\n\n\n<p>De la firma de convenio, adem\u00e1s participaron la directora del CER 268, Roxana Riva; la docente del CER 521 Eliana Rufer; los presidentes e intendentes comunales de localidades aleda\u00f1as, y productores rurales.&nbsp;<\/p>\n","protected":false},"excerpt":{"rendered":"<p>Se trata de una inversi\u00f3n de 183.449.600 de pesos que beneficiar\u00e1 de manera directa 22.420,15 metros de trazas rurales.&nbsp; El gobierno provincial, a trav\u00e9s del Ministerio de Producci\u00f3n, Ciencia y Tecnolog\u00eda y la Direcci\u00f3n Provincial de Vialidad, celebr\u00f3 una nueva firma de convenio para implementar el Programa Caminos de la Ruralidad en el corredor productivo <a href=\"https:\/\/armstrongyregion.com.ar\/diario\/caminos-de-la-ruralidad-la-provincia-firmo-un-nuevo-convenio-para-intervenir-un-corredor-productivo-entre-bustinza-y-totoras\/\" title=\"Read more\" >&#8230;<\/a><\/p>\n","protected":false},"author":1,"featured_media":38304,"comment_status":"open","ping_status":"open","sticky":false,"template":"","format":"image","meta":{"_jetpack_memberships_contains_paid_content":false,"footnotes":"","jetpack_publicize_message":"","jetpack_publicize_feature_enabled":true,"jetpack_social_post_already_shared":true,"jetpack_social_options":{"image_generator_settings":{"template":"highway","default_image_id":0,"enabled":false},"version":2}},"categories":[8,1,2,7,3],"tags":[80,9230,19,31,9231,1061],"class_list":["post-38303","post","type-post","status-publish","format-image","has-post-thumbnail","hentry","category-deliberando","category-diario-armstrong","category-locales","category-politica","category-region","tag-bustinza","tag-caminos-2","tag-de","tag-la","tag-ruralidad","tag-totoras","post_format-post-format-image"],"jetpack_publicize_connections":[],"jetpack_featured_media_url":"https:\/\/armstrongyregion.com.ar\/diario\/wp-content\/uploads\/2023\/04\/Caminos-ruralidad-.jpg","jetpack_shortlink":"https:\/\/wp.me\/p62QDO-9XN","jetpack_sharing_enabled":true,"amp_enabled":true,"_links":{"self":[{"href":"https:\/\/armstrongyregion.com.ar\/diario\/wp-json\/wp\/v2\/posts\/38303","targetHints":{"allow":["GET"]}}],"collection":[{"href":"https:\/\/armstrongyregion.com.ar\/diario\/wp-json\/wp\/v2\/posts"}],"about":[{"href":"https:\/\/armstrongyregion.com.ar\/diario\/wp-json\/wp\/v2\/types\/post"}],"author":[{"embeddable":true,"href":"https:\/\/armstrongyregion.com.ar\/diario\/wp-json\/wp\/v2\/users\/1"}],"replies":[{"embeddable":true,"href":"https:\/\/armstrongyregion.com.ar\/diario\/wp-json\/wp\/v2\/comments?post=38303"}],"version-history":[{"count":2,"href":"https:\/\/armstrongyregion.com.ar\/diario\/wp-json\/wp\/v2\/posts\/38303\/revisions"}],"predecessor-version":[{"id":38307,"href":"https:\/\/armstrongyregion.com.ar\/diario\/wp-json\/wp\/v2\/posts\/38303\/revisions\/38307"}],"wp:featuredmedia":[{"embeddable":true,"href":"https:\/\/armstrongyregion.com.ar\/diario\/wp-json\/wp\/v2\/media\/38304"}],"wp:attachment":[{"href":"https:\/\/armstrongyregion.com.ar\/diario\/wp-json\/wp\/v2\/media?parent=38303"}],"wp:term":[{"taxonomy":"category","embeddable":true,"href":"https:\/\/armstrongyregion.com.ar\/diario\/wp-json\/wp\/v2\/categories?post=38303"},{"taxonomy":"post_tag","embeddable":true,"href":"https:\/\/armstrongyregion.com.ar\/diario\/wp-json\/wp\/v2\/tags?post=38303"}],"curies":[{"name":"wp","href":"https:\/\/api.w.org\/{rel}","templated":true}]}}