{"id":38300,"date":"2023-04-21T03:37:39","date_gmt":"2023-04-21T03:37:39","guid":{"rendered":"https:\/\/armstrongyregion.com.ar\/diario\/?p=38300"},"modified":"2023-04-21T03:37:41","modified_gmt":"2023-04-21T03:37:41","slug":"feria-de-sabores-y-colores-en-el-parque-recreativo-bracito-fuerte","status":"publish","type":"post","link":"https:\/\/armstrongyregion.com.ar\/diario\/feria-de-sabores-y-colores-en-el-parque-recreativo-bracito-fuerte\/","title":{"rendered":"Feria de Sabores y Colores en el parque recreativo Bracito Fuerte."},"content":{"rendered":"\n<figure class=\"wp-block-image size-full\"><a href=\"http:\/\/armstrongyregion.com.ar\/diario\/wp-content\/uploads\/2023\/04\/feria_23_abril2023.jpg\"><img loading=\"lazy\" decoding=\"async\" width=\"578\" height=\"578\" src=\"http:\/\/armstrongyregion.com.ar\/diario\/wp-content\/uploads\/2023\/04\/feria_23_abril2023.jpg\" alt=\"\" class=\"wp-image-38301\" srcset=\"https:\/\/armstrongyregion.com.ar\/diario\/wp-content\/uploads\/2023\/04\/feria_23_abril2023.jpg 578w, https:\/\/armstrongyregion.com.ar\/diario\/wp-content\/uploads\/2023\/04\/feria_23_abril2023-300x300.jpg 300w, https:\/\/armstrongyregion.com.ar\/diario\/wp-content\/uploads\/2023\/04\/feria_23_abril2023-150x150.jpg 150w\" sizes=\"auto, (max-width: 578px) 100vw, 578px\" \/><\/a><\/figure>\n\n\n\n<h2 class=\"wp-block-heading\"><strong><em>El domingo 23 de abril se realizar\u00e1 una nueva Feria Sabores y Colores Locales, en el parque recreativo Bracito Fuerte a partir de las 16 hs. organizada como todos los meses por la Municipalidad de Armstrong, con la participaci\u00f3n de m\u00e1s de 30 emprendedores de la ciudad y la regi\u00f3n con muchas novedades.<\/em><\/strong><\/h2>\n\n\n\n<p>La calesita \u201cEl Profe\u201d estar\u00e1 girando para los m\u00e1s peque\u00f1os, habr\u00e1 sorteos en los stands, la mejor m\u00fasica con DJ Gamal, y el servicio de buffet a cargo de los integrantes de grupo de cumbia cruzada \u201cCumbia, Pasi\u00f3n y Confianza\u201d.<\/p>\n\n\n\n<p>Un paseo para que toda la familia pueda pasar una hermosa tarde de domingo, en uno de los espacios m\u00e1s visitados cada fin de semana.<\/p>\n\n\n\n<p>Se suspende en caso de lluvia.<\/p>\n","protected":false},"excerpt":{"rendered":"<p>El domingo 23 de abril se realizar\u00e1 una nueva Feria Sabores y Colores Locales, en el parque recreativo Bracito Fuerte a partir de las 16 hs. organizada como todos los meses por la Municipalidad de Armstrong, con la participaci\u00f3n de m\u00e1s de 30 emprendedores de la ciudad y la regi\u00f3n con muchas novedades. La calesita <a href=\"https:\/\/armstrongyregion.com.ar\/diario\/feria-de-sabores-y-colores-en-el-parque-recreativo-bracito-fuerte\/\" title=\"Read more\" >&#8230;<\/a><\/p>\n","protected":false},"author":1,"featured_media":38301,"comment_status":"open","ping_status":"open","sticky":false,"template":"","format":"image","meta":{"_jetpack_memberships_contains_paid_content":false,"footnotes":"","jetpack_publicize_message":"","jetpack_publicize_feature_enabled":true,"jetpack_social_post_already_shared":true,"jetpack_social_options":{"image_generator_settings":{"template":"highway","default_image_id":0,"enabled":false},"version":2}},"categories":[6,8,1,2,7,3],"tags":[1336,19,1725,2320,1335,13],"class_list":["post-38300","post","type-post","status-publish","format-image","has-post-thumbnail","hentry","category-cultura-entretenimiento","category-deliberando","category-diario-armstrong","category-locales","category-politica","category-region","tag-colores","tag-de","tag-feria","tag-locales","tag-sabores","tag-y","post_format-post-format-image"],"jetpack_publicize_connections":[],"jetpack_featured_media_url":"https:\/\/armstrongyregion.com.ar\/diario\/wp-content\/uploads\/2023\/04\/feria_23_abril2023.jpg","jetpack_shortlink":"https:\/\/wp.me\/p62QDO-9XK","jetpack_sharing_enabled":true,"amp_enabled":true,"_links":{"self":[{"href":"https:\/\/armstrongyregion.com.ar\/diario\/wp-json\/wp\/v2\/posts\/38300","targetHints":{"allow":["GET"]}}],"collection":[{"href":"https:\/\/armstrongyregion.com.ar\/diario\/wp-json\/wp\/v2\/posts"}],"about":[{"href":"https:\/\/armstrongyregion.com.ar\/diario\/wp-json\/wp\/v2\/types\/post"}],"author":[{"embeddable":true,"href":"https:\/\/armstrongyregion.com.ar\/diario\/wp-json\/wp\/v2\/users\/1"}],"replies":[{"embeddable":true,"href":"https:\/\/armstrongyregion.com.ar\/diario\/wp-json\/wp\/v2\/comments?post=38300"}],"version-history":[{"count":1,"href":"https:\/\/armstrongyregion.com.ar\/diario\/wp-json\/wp\/v2\/posts\/38300\/revisions"}],"predecessor-version":[{"id":38302,"href":"https:\/\/armstrongyregion.com.ar\/diario\/wp-json\/wp\/v2\/posts\/38300\/revisions\/38302"}],"wp:featuredmedia":[{"embeddable":true,"href":"https:\/\/armstrongyregion.com.ar\/diario\/wp-json\/wp\/v2\/media\/38301"}],"wp:attachment":[{"href":"https:\/\/armstrongyregion.com.ar\/diario\/wp-json\/wp\/v2\/media?parent=38300"}],"wp:term":[{"taxonomy":"category","embeddable":true,"href":"https:\/\/armstrongyregion.com.ar\/diario\/wp-json\/wp\/v2\/categories?post=38300"},{"taxonomy":"post_tag","embeddable":true,"href":"https:\/\/armstrongyregion.com.ar\/diario\/wp-json\/wp\/v2\/tags?post=38300"}],"curies":[{"name":"wp","href":"https:\/\/api.w.org\/{rel}","templated":true}]}}