{"id":38254,"date":"2023-04-19T22:12:01","date_gmt":"2023-04-19T22:12:01","guid":{"rendered":"https:\/\/armstrongyregion.com.ar\/diario\/?p=38254"},"modified":"2023-04-19T22:12:03","modified_gmt":"2023-04-19T22:12:03","slug":"convocatoria-asamblea-general-extraordinaria-asociacion-de-bomberos-voluntarios-de-montes-de-oca","status":"publish","type":"post","link":"https:\/\/armstrongyregion.com.ar\/diario\/convocatoria-asamblea-general-extraordinaria-asociacion-de-bomberos-voluntarios-de-montes-de-oca\/","title":{"rendered":"CONVOCATORIA: Asamblea General Extraordinaria Asociaci\u00f3n de Bomberos Voluntarios de Montes de Oca."},"content":{"rendered":"\n<figure class=\"wp-block-image size-full\"><a href=\"http:\/\/armstrongyregion.com.ar\/diario\/wp-content\/uploads\/2023\/04\/Bomberos-Montes-de-Oca..jpg\"><img loading=\"lazy\" decoding=\"async\" width=\"360\" height=\"359\" src=\"http:\/\/armstrongyregion.com.ar\/diario\/wp-content\/uploads\/2023\/04\/Bomberos-Montes-de-Oca..jpg\" alt=\"\" class=\"wp-image-38255\" srcset=\"https:\/\/armstrongyregion.com.ar\/diario\/wp-content\/uploads\/2023\/04\/Bomberos-Montes-de-Oca..jpg 360w, https:\/\/armstrongyregion.com.ar\/diario\/wp-content\/uploads\/2023\/04\/Bomberos-Montes-de-Oca.-300x300.jpg 300w, https:\/\/armstrongyregion.com.ar\/diario\/wp-content\/uploads\/2023\/04\/Bomberos-Montes-de-Oca.-150x150.jpg 150w\" sizes=\"auto, (max-width: 360px) 100vw, 360px\" \/><\/a><\/figure>\n\n\n\n<p><strong>Montes de Oca, 19 de abril de 2023.<br>Se convoca a los se\u00f1ores asociados a Asamblea General Extraordinaria conforme<br>al art\u00edculo 55 y 57 a celebrarse el d\u00eda 10 de mayo de 2023, a las 19:00 hs en<br>primera convocatoria y a las 20:00hs en segunda convocatoria, en la sede de calle<br>Belgrano N\u00ba 734 de la ciudad de Montes de Oca, Departamento Belgrano,<br>Provincia de Santa Fe para tratar el siguiente:<\/strong><\/p>\n\n\n\n<p><strong>ORDEN DEL DIA:<\/strong><br>1) Designaci\u00f3n de dos asociados para que conjuntamente con el Presidente y<br>Secretario suscriban el acta de Asamblea.<br>2) Por el motivo de convocar una nueva asamblea donde se trate nuevamente el<br>balance por el ejercicio finalizado el 31\/12\/2021 y una renovaci\u00f3n total de<br>autoridades, donde por \u00fanica vez tendr\u00e1n un mandato de un a\u00f1o, con el fin de<br>poder realizar en el futuro las correspondientes renovaciones por mitades.<br>Respondiendo al DICTAMEN N\u00ba 3493 punto 3.<br>3) Motivo del llamado fuera de termino a Asamblea General Ordinaria para el<br>tratamiento de la Memoria Anual, Balance General e Informe del Sindico<br>correspondiente al ejercicio N\u00b031 finalizado al 31 de Diciembre de 2022.-<br>4) Lectura y consideraci\u00f3n de la Memoria Anual, Balance General e Informe del<br>S\u00edndico, correspondientes a los ejercicios N\u00b0 31 cerrados al 31 de Diciembre de<br>2022.-<br>5) Aprobaci\u00f3n de la gesti\u00f3n realizada por la Comisi\u00f3n Directiva durante el ejercicio<br>econ\u00f3mico finalizado 31 de diciembre de 2022.<br>6) Fijar periodicidad y el monto de la cuota societaria.<br>7) Autorizaci\u00f3n para enajenar y firmar la documentaci\u00f3n necesaria referente al<br>inmueble ubicado en calle Buenos Aires S\/N de esta localidad de Montes de Oca<br>empadronado para el pago del Impuesto Inmobiliario bajo el n\u00famero de partida<br>1304-00-179357\/0003-9, adquirido mediante escritura N\u00b0 109- de Cesi\u00f3n de<br>Derechos y Acciones otorgada por los se\u00f1ores Javier Jos\u00e9 Cerisoli y Daniela<br>Alejandra Ceresoli respecto a los Bienes de las Sucesiones de Jos\u00e9 Luis Cottura y<br>Mar\u00eda de Las Mercedes Mart\u00ednez.<\/p>\n\n\n\n<p>Asociaci\u00f3n Bomberos Voluntarios de Montes de Oca.<\/p>\n\n\n\n<p>Personer\u00eda Jur\u00eddica N\u00b0 6 DE FED. SANTAFESINA DE BOMBEROS VOLUNTARIOS.<\/p>\n\n\n\n<p>PERSONER\u00cfA JUR\u00cfDICA N\u00b0 660\/ 92 DE I.G.P.J.<\/p>\n\n\n\n<p>BELGRANO 734 MONTES DE OCA-2521.<\/p>\n","protected":false},"excerpt":{"rendered":"<p>Montes de Oca, 19 de abril de 2023.Se convoca a los se\u00f1ores asociados a Asamblea General Extraordinaria conformeal art\u00edculo 55 y 57 a celebrarse el d\u00eda 10 de mayo de 2023, a las 19:00 hs enprimera convocatoria y a las 20:00hs en segunda convocatoria, en la sede de calleBelgrano N\u00ba 734 de la ciudad de <a href=\"https:\/\/armstrongyregion.com.ar\/diario\/convocatoria-asamblea-general-extraordinaria-asociacion-de-bomberos-voluntarios-de-montes-de-oca\/\" title=\"Read more\" >&#8230;<\/a><\/p>\n","protected":false},"author":1,"featured_media":38255,"comment_status":"open","ping_status":"open","sticky":false,"template":"","format":"image","meta":{"_jetpack_memberships_contains_paid_content":false,"footnotes":"","jetpack_publicize_message":"","jetpack_publicize_feature_enabled":true,"jetpack_social_post_already_shared":true,"jetpack_social_options":{"image_generator_settings":{"template":"highway","default_image_id":0,"enabled":false},"version":2}},"categories":[6,8,1,2,7,4,3],"tags":[1346,1280,352,451,19,9215,1347,9216,353],"class_list":["post-38254","post","type-post","status-publish","format-image","has-post-thumbnail","hentry","category-cultura-entretenimiento","category-deliberando","category-diario-armstrong","category-locales","category-politica","category-prevencion-salud","category-region","tag-asamblea","tag-asociacion","tag-bomberos","tag-convocatoria","tag-de","tag-extraordinaria","tag-general","tag-montes-de-oca","tag-voluntarios","post_format-post-format-image"],"jetpack_publicize_connections":[],"jetpack_featured_media_url":"https:\/\/armstrongyregion.com.ar\/diario\/wp-content\/uploads\/2023\/04\/Bomberos-Montes-de-Oca..jpg","jetpack_shortlink":"https:\/\/wp.me\/p62QDO-9X0","jetpack_sharing_enabled":true,"amp_enabled":true,"_links":{"self":[{"href":"https:\/\/armstrongyregion.com.ar\/diario\/wp-json\/wp\/v2\/posts\/38254","targetHints":{"allow":["GET"]}}],"collection":[{"href":"https:\/\/armstrongyregion.com.ar\/diario\/wp-json\/wp\/v2\/posts"}],"about":[{"href":"https:\/\/armstrongyregion.com.ar\/diario\/wp-json\/wp\/v2\/types\/post"}],"author":[{"embeddable":true,"href":"https:\/\/armstrongyregion.com.ar\/diario\/wp-json\/wp\/v2\/users\/1"}],"replies":[{"embeddable":true,"href":"https:\/\/armstrongyregion.com.ar\/diario\/wp-json\/wp\/v2\/comments?post=38254"}],"version-history":[{"count":1,"href":"https:\/\/armstrongyregion.com.ar\/diario\/wp-json\/wp\/v2\/posts\/38254\/revisions"}],"predecessor-version":[{"id":38256,"href":"https:\/\/armstrongyregion.com.ar\/diario\/wp-json\/wp\/v2\/posts\/38254\/revisions\/38256"}],"wp:featuredmedia":[{"embeddable":true,"href":"https:\/\/armstrongyregion.com.ar\/diario\/wp-json\/wp\/v2\/media\/38255"}],"wp:attachment":[{"href":"https:\/\/armstrongyregion.com.ar\/diario\/wp-json\/wp\/v2\/media?parent=38254"}],"wp:term":[{"taxonomy":"category","embeddable":true,"href":"https:\/\/armstrongyregion.com.ar\/diario\/wp-json\/wp\/v2\/categories?post=38254"},{"taxonomy":"post_tag","embeddable":true,"href":"https:\/\/armstrongyregion.com.ar\/diario\/wp-json\/wp\/v2\/tags?post=38254"}],"curies":[{"name":"wp","href":"https:\/\/api.w.org\/{rel}","templated":true}]}}