{"id":38247,"date":"2023-04-18T21:29:24","date_gmt":"2023-04-18T21:29:24","guid":{"rendered":"https:\/\/armstrongyregion.com.ar\/diario\/?p=38247"},"modified":"2023-04-18T21:29:26","modified_gmt":"2023-04-18T21:29:26","slug":"jornada-de-cine-debate-en-la-escuela-33","status":"publish","type":"post","link":"https:\/\/armstrongyregion.com.ar\/diario\/jornada-de-cine-debate-en-la-escuela-33\/","title":{"rendered":"Jornada de Cine Debate en la Escuela 33."},"content":{"rendered":"\n<figure class=\"wp-block-image size-full\"><a href=\"http:\/\/armstrongyregion.com.ar\/diario\/wp-content\/uploads\/2023\/04\/Jornada-Cine-debate-.jpg\"><img loading=\"lazy\" decoding=\"async\" width=\"675\" height=\"450\" src=\"http:\/\/armstrongyregion.com.ar\/diario\/wp-content\/uploads\/2023\/04\/Jornada-Cine-debate-.jpg\" alt=\"\" class=\"wp-image-38248\" srcset=\"https:\/\/armstrongyregion.com.ar\/diario\/wp-content\/uploads\/2023\/04\/Jornada-Cine-debate-.jpg 675w, https:\/\/armstrongyregion.com.ar\/diario\/wp-content\/uploads\/2023\/04\/Jornada-Cine-debate--300x200.jpg 300w\" sizes=\"auto, (max-width: 675px) 100vw, 675px\" \/><\/a><\/figure>\n\n\n\n<h2 class=\"wp-block-heading\"><em><strong>En colaboraci\u00f3n y a pedido del Centro de Estudiantes de la Escuela 33, el equipo Promoci\u00f3n Comunitaria de la Municipalidad de Armstrong llevo a cabo una jornada de cine y an\u00e1lisis haciendo foco en la violencia de g\u00e9nero y familiar.<\/strong><\/em><\/h2>\n\n\n\n<p>Durante el evento se proyect\u00f3 el corto espa\u00f1ol \u00abEl Orden de las Cosas\u00bb, que fue el disparador de para que las profesionales del \u00c1rea de Ni\u00f1ez y Adolescencia expongan diferentes tipos de violencias y cual es su rol frente a estas. Tambi\u00e9n contestaron a consultas an\u00f3nimas escritas por alumnos presentes.<\/p>\n\n\n\n<figure class=\"wp-block-image\"><img decoding=\"async\" src=\"https:\/\/www.armstrong.gov.ar\/2020\/images\/articulos2023\/170421.jpg\" alt=\"\"\/><\/figure>\n\n\n\n<p>Recordamos que la Direcci\u00f3n de Promoci\u00f3n Comunitaria est\u00e1 disponible para llevar a cabo este tipo de jornadas siempre que alguna instituci\u00f3n lo solicite.<\/p>\n\n\n\n<figure class=\"wp-block-image\"><img decoding=\"async\" src=\"https:\/\/www.armstrong.gov.ar\/2020\/images\/articulos2023\/170422.jpg\" alt=\"\"\/><\/figure>\n\n\n\n<p>La jornada organizada en conjunto por la Municipalidad y el Centro de Estudiantes fue un gran \u00e9xito y demostr\u00f3 la importancia de la colaboraci\u00f3n entre dos instituciones para promover el di\u00e1logo y la reflexi\u00f3n sobre temas que atraviesan a la juventud.<\/p>\n\n\n\n<figure class=\"wp-block-image\"><img decoding=\"async\" src=\"https:\/\/www.armstrong.gov.ar\/2020\/images\/articulos2023\/170419.jpg\" alt=\"\"\/><\/figure>\n\n\n\n<p>Agradecemos por este medio al equipo de Promoci\u00f3n Comunitaria y a las autoridades de la Escuela Normal N\u00ba 33 por la atenci\u00f3n y predisposici\u00f3n.<\/p>\n","protected":false},"excerpt":{"rendered":"<p>En colaboraci\u00f3n y a pedido del Centro de Estudiantes de la Escuela 33, el equipo Promoci\u00f3n Comunitaria de la Municipalidad de Armstrong llevo a cabo una jornada de cine y an\u00e1lisis haciendo foco en la violencia de g\u00e9nero y familiar. Durante el evento se proyect\u00f3 el corto espa\u00f1ol \u00abEl Orden de las Cosas\u00bb, que fue <a href=\"https:\/\/armstrongyregion.com.ar\/diario\/jornada-de-cine-debate-en-la-escuela-33\/\" title=\"Read more\" >&#8230;<\/a><\/p>\n","protected":false},"author":1,"featured_media":38248,"comment_status":"open","ping_status":"open","sticky":false,"template":"","format":"image","meta":{"_jetpack_memberships_contains_paid_content":false,"footnotes":"","jetpack_publicize_message":"","jetpack_publicize_feature_enabled":true,"jetpack_social_post_already_shared":true,"jetpack_social_options":{"image_generator_settings":{"template":"highway","default_image_id":0,"enabled":false},"version":2}},"categories":[8,1,2,7,3],"tags":[884,1355,1356,744,1291],"class_list":["post-38247","post","type-post","status-publish","format-image","has-post-thumbnail","hentry","category-deliberando","category-diario-armstrong","category-locales","category-politica","category-region","tag-884","tag-cine","tag-debate","tag-escuela","tag-jornada","post_format-post-format-image"],"jetpack_publicize_connections":[],"jetpack_featured_media_url":"https:\/\/armstrongyregion.com.ar\/diario\/wp-content\/uploads\/2023\/04\/Jornada-Cine-debate-.jpg","jetpack_shortlink":"https:\/\/wp.me\/p62QDO-9WT","jetpack_sharing_enabled":true,"amp_enabled":true,"_links":{"self":[{"href":"https:\/\/armstrongyregion.com.ar\/diario\/wp-json\/wp\/v2\/posts\/38247","targetHints":{"allow":["GET"]}}],"collection":[{"href":"https:\/\/armstrongyregion.com.ar\/diario\/wp-json\/wp\/v2\/posts"}],"about":[{"href":"https:\/\/armstrongyregion.com.ar\/diario\/wp-json\/wp\/v2\/types\/post"}],"author":[{"embeddable":true,"href":"https:\/\/armstrongyregion.com.ar\/diario\/wp-json\/wp\/v2\/users\/1"}],"replies":[{"embeddable":true,"href":"https:\/\/armstrongyregion.com.ar\/diario\/wp-json\/wp\/v2\/comments?post=38247"}],"version-history":[{"count":1,"href":"https:\/\/armstrongyregion.com.ar\/diario\/wp-json\/wp\/v2\/posts\/38247\/revisions"}],"predecessor-version":[{"id":38249,"href":"https:\/\/armstrongyregion.com.ar\/diario\/wp-json\/wp\/v2\/posts\/38247\/revisions\/38249"}],"wp:featuredmedia":[{"embeddable":true,"href":"https:\/\/armstrongyregion.com.ar\/diario\/wp-json\/wp\/v2\/media\/38248"}],"wp:attachment":[{"href":"https:\/\/armstrongyregion.com.ar\/diario\/wp-json\/wp\/v2\/media?parent=38247"}],"wp:term":[{"taxonomy":"category","embeddable":true,"href":"https:\/\/armstrongyregion.com.ar\/diario\/wp-json\/wp\/v2\/categories?post=38247"},{"taxonomy":"post_tag","embeddable":true,"href":"https:\/\/armstrongyregion.com.ar\/diario\/wp-json\/wp\/v2\/tags?post=38247"}],"curies":[{"name":"wp","href":"https:\/\/api.w.org\/{rel}","templated":true}]}}