{"id":38228,"date":"2023-04-18T03:43:06","date_gmt":"2023-04-18T03:43:06","guid":{"rendered":"https:\/\/armstrongyregion.com.ar\/diario\/?p=38228"},"modified":"2023-04-18T03:43:09","modified_gmt":"2023-04-18T03:43:09","slug":"clase-inaugural-del-postgrado-en-agronegocios-de-agroeducacion-2023","status":"publish","type":"post","link":"https:\/\/armstrongyregion.com.ar\/diario\/clase-inaugural-del-postgrado-en-agronegocios-de-agroeducacion-2023\/","title":{"rendered":"Clase Inaugural del Postgrado en Agronegocios de AgroEducaci\u00f3n 2023."},"content":{"rendered":"\n<figure class=\"wp-block-image size-full\"><a href=\"http:\/\/armstrongyregion.com.ar\/diario\/wp-content\/uploads\/2023\/04\/nota-17abril-1024x427-1.png\"><img loading=\"lazy\" decoding=\"async\" width=\"1024\" height=\"427\" src=\"http:\/\/armstrongyregion.com.ar\/diario\/wp-content\/uploads\/2023\/04\/nota-17abril-1024x427-1.png\" alt=\"\" class=\"wp-image-38229\" srcset=\"https:\/\/armstrongyregion.com.ar\/diario\/wp-content\/uploads\/2023\/04\/nota-17abril-1024x427-1.png 1024w, https:\/\/armstrongyregion.com.ar\/diario\/wp-content\/uploads\/2023\/04\/nota-17abril-1024x427-1-300x125.png 300w, https:\/\/armstrongyregion.com.ar\/diario\/wp-content\/uploads\/2023\/04\/nota-17abril-1024x427-1-768x320.png 768w\" sizes=\"auto, (max-width: 1024px) 100vw, 1024px\" \/><\/a><figcaption class=\"wp-element-caption\"><strong><strong>Marianela De Emilio\u00a0\u2013 INTA Las Rosas | Directora de Valor Agregado en el Agro<\/strong><\/strong>.<\/figcaption><\/figure>\n\n\n\n<p>Con presencia de alumnos de Buenos Aires, Entre R\u00edos, C\u00f3rdoba y diferentes localidades de Santa Fe, con m\u00e1s de 300 asistentes en modo virtual, arranc\u00f3 la clase inaugural del postgrado en Agro negocios de AgroEducaci\u00f3n el pasado viernes 14 de abril.&nbsp;<\/p>\n\n\n\n<p>Andrea Gentille da sus palabras de bienvenida al postgrado, contando que m\u00e1s de 150 alumnos ya est\u00e1n inscriptos para formarse durante este complejo 2023, a trav\u00e9s de los diferentes m\u00f3dulos del postgrado, que abordar\u00e1 temas coyunturales, de los que esta clase inaugural dar\u00e1 una muestra.<\/p>\n\n\n\n<p>Diego Palomeque, Director acad\u00e9mico del postgrado, comparte con la audiencia las consecuencias de la seca 22\/23 sobre la desaparici\u00f3n del margen agr\u00edcola y capital de trabajo, que habr\u00e1 que refinanciar. Una de sus m\u00e1ximas a tomar es que en \u00e9pocas de estabilidad es fundamental defender el margen, pero en \u00e9pocas de volatilidad lo que debe defenderse es la liquidez. Los productores que queden en el camino, post sequ\u00eda, ser\u00e1n quienes no logren refinanciar sus p\u00e9rdidas, dado que las empresas sobreviven a p\u00e9rdidas, pero no cuando les rechazan una c\u00e1mara de cheques. Gestionar cr\u00e9ditos comerciales, burs\u00e1tiles y\/o bancarios, para no quedar sin caja y atravesar los pr\u00f3ximos doce meses. El gran desaf\u00edo para productores de escala peque\u00f1a que trabajan poco o nada en el desarrollo del acceso a herramientas financieras, es refinanciar la 22\/23 y financiar la 23\/24, dos campa\u00f1as que requieren de gesti\u00f3n financiera, lo que se desarrollar\u00e1 durante la primera clase del postgrado, el pr\u00f3ximo 28 de abril pr\u00f3ximo.<\/p>\n","protected":false},"excerpt":{"rendered":"<p>Con presencia de alumnos de Buenos Aires, Entre R\u00edos, C\u00f3rdoba y diferentes localidades de Santa Fe, con m\u00e1s de 300 asistentes en modo virtual, arranc\u00f3 la clase inaugural del postgrado en Agro negocios de AgroEducaci\u00f3n el pasado viernes 14 de abril.&nbsp; Andrea Gentille da sus palabras de bienvenida al postgrado, contando que m\u00e1s de 150 <a href=\"https:\/\/armstrongyregion.com.ar\/diario\/clase-inaugural-del-postgrado-en-agronegocios-de-agroeducacion-2023\/\" title=\"Read more\" >&#8230;<\/a><\/p>\n","protected":false},"author":1,"featured_media":38229,"comment_status":"open","ping_status":"open","sticky":false,"template":"","format":"image","meta":{"_jetpack_memberships_contains_paid_content":false,"footnotes":"","jetpack_publicize_message":"","jetpack_publicize_feature_enabled":true,"jetpack_social_post_already_shared":true,"jetpack_social_options":{"image_generator_settings":{"template":"highway","default_image_id":0,"enabled":false},"version":2}},"categories":[8,1,2,7,3],"tags":[4537,3601,9205,8883,1074],"class_list":["post-38228","post","type-post","status-publish","format-image","has-post-thumbnail","hentry","category-deliberando","category-diario-armstrong","category-locales","category-politica","category-region","tag-agregado","tag-directora","tag-ing-marianela-de-emilio","tag-las-rosas-2","tag-valor","post_format-post-format-image"],"jetpack_publicize_connections":[],"jetpack_featured_media_url":"https:\/\/armstrongyregion.com.ar\/diario\/wp-content\/uploads\/2023\/04\/nota-17abril-1024x427-1.png","jetpack_shortlink":"https:\/\/wp.me\/p62QDO-9WA","jetpack_sharing_enabled":true,"amp_enabled":true,"_links":{"self":[{"href":"https:\/\/armstrongyregion.com.ar\/diario\/wp-json\/wp\/v2\/posts\/38228","targetHints":{"allow":["GET"]}}],"collection":[{"href":"https:\/\/armstrongyregion.com.ar\/diario\/wp-json\/wp\/v2\/posts"}],"about":[{"href":"https:\/\/armstrongyregion.com.ar\/diario\/wp-json\/wp\/v2\/types\/post"}],"author":[{"embeddable":true,"href":"https:\/\/armstrongyregion.com.ar\/diario\/wp-json\/wp\/v2\/users\/1"}],"replies":[{"embeddable":true,"href":"https:\/\/armstrongyregion.com.ar\/diario\/wp-json\/wp\/v2\/comments?post=38228"}],"version-history":[{"count":1,"href":"https:\/\/armstrongyregion.com.ar\/diario\/wp-json\/wp\/v2\/posts\/38228\/revisions"}],"predecessor-version":[{"id":38230,"href":"https:\/\/armstrongyregion.com.ar\/diario\/wp-json\/wp\/v2\/posts\/38228\/revisions\/38230"}],"wp:featuredmedia":[{"embeddable":true,"href":"https:\/\/armstrongyregion.com.ar\/diario\/wp-json\/wp\/v2\/media\/38229"}],"wp:attachment":[{"href":"https:\/\/armstrongyregion.com.ar\/diario\/wp-json\/wp\/v2\/media?parent=38228"}],"wp:term":[{"taxonomy":"category","embeddable":true,"href":"https:\/\/armstrongyregion.com.ar\/diario\/wp-json\/wp\/v2\/categories?post=38228"},{"taxonomy":"post_tag","embeddable":true,"href":"https:\/\/armstrongyregion.com.ar\/diario\/wp-json\/wp\/v2\/tags?post=38228"}],"curies":[{"name":"wp","href":"https:\/\/api.w.org\/{rel}","templated":true}]}}