{"id":38215,"date":"2023-04-17T14:51:03","date_gmt":"2023-04-17T14:51:03","guid":{"rendered":"https:\/\/armstrongyregion.com.ar\/diario\/?p=38215"},"modified":"2023-04-20T04:06:53","modified_gmt":"2023-04-20T04:06:53","slug":"tratamientos-faciales-en-el-otono-por-dra-rocio-vidal","status":"publish","type":"post","link":"https:\/\/armstrongyregion.com.ar\/diario\/tratamientos-faciales-en-el-otono-por-dra-rocio-vidal\/","title":{"rendered":"Tratamientos faciales en el oto\u00f1o. Por Dra. Roc\u00edo Vidal."},"content":{"rendered":"\n<figure class=\"wp-block-image size-full\"><a href=\"http:\/\/armstrongyregion.com.ar\/diario\/wp-content\/uploads\/2023\/04\/Dra.-Rocio-Vidal.17.04.23.jpg\"><img loading=\"lazy\" decoding=\"async\" width=\"500\" height=\"282\" src=\"http:\/\/armstrongyregion.com.ar\/diario\/wp-content\/uploads\/2023\/04\/Dra.-Rocio-Vidal.17.04.23.jpg\" alt=\"\" class=\"wp-image-38216\" srcset=\"https:\/\/armstrongyregion.com.ar\/diario\/wp-content\/uploads\/2023\/04\/Dra.-Rocio-Vidal.17.04.23.jpg 500w, https:\/\/armstrongyregion.com.ar\/diario\/wp-content\/uploads\/2023\/04\/Dra.-Rocio-Vidal.17.04.23-300x169.jpg 300w\" sizes=\"auto, (max-width: 500px) 100vw, 500px\" \/><\/a><\/figure>\n\n\n\n<h2 class=\"wp-block-heading\">\u00bfCu\u00e1les son los tratamientos faciales en oto\u00f1o?<\/h2>\n\n\n\n<figure class=\"wp-block-embed is-type-video is-provider-youtube wp-block-embed-youtube wp-embed-aspect-4-3 wp-has-aspect-ratio\"><div class=\"wp-block-embed__wrapper\">\n<iframe loading=\"lazy\" title=\"Prevencion 2023. Tratamientos faciales en el oto\u00f1o. Por Dra. Rocio Vidal\/ Lic. Graciela De la Casa.\" width=\"800\" height=\"600\" src=\"https:\/\/www.youtube.com\/embed\/PR94GCjFg3w?feature=oembed\" frameborder=\"0\" allow=\"accelerometer; autoplay; clipboard-write; encrypted-media; gyroscope; picture-in-picture; web-share\" allowfullscreen><\/iframe>\n<\/div><\/figure>\n\n\n\n<p><\/p>\n\n\n\n<p>Para revitalizar tu rostro, la Dra. Roc\u00edo Vidal recomienda los peelings, rejuvenecimiento facial con l\u00e1ser, tratamientos para las manchas o mesoterapia facial con el objetivo de nutrir e hidratar la piel.<\/p>\n\n\n\n<p>\u00abAl final del verano nuestra piel sufre de&nbsp;<strong>fotoenvejecimiento<\/strong>&nbsp;(aparici\u00f3n de manchas, arrugas y p\u00e9rdida de luminosidad) y&nbsp;<strong>deshidrataci\u00f3n<\/strong>&nbsp;producidos por la exposici\u00f3n solar prolongada durante el verano porque, aunque te hayas protegido bien del sol el aumento de la velocidad de evaporaci\u00f3n del agua y el exceso de grasa de las cremas desequilibra el metabolismo de la piel\u00bb. Expresaba la especialista en Medicina Est\u00e9tica.<\/p>\n\n\n\n<h3 class=\"wp-block-heading\">Mesoterapia facial<\/h3>\n\n\n\n<p><strong>La&nbsp;<\/strong><a href=\"https:\/\/clinicapalomaojel.com\/mesoterapia-facial-con-vitaminas\/\"><strong>mesoterapia facial<\/strong>&nbsp;<\/a>es ideal para devolver la luz y naturalidad a la piel, manteniendo el buen aspecto mientras quede algo de bronceado y adem\u00e1s permanecer\u00e1 protegida de los rayos solares del este tiempo.<\/p>\n\n\n\n<p>\u00abLa mesoterapia es tratamiento de&nbsp;<strong>rejuvenecimiento facial<\/strong>&nbsp;que consiste en introducir nutrientes a trav\u00e9s la capa superficial de la piel inyectando vitaminas, \u00e1cido hialur\u00f3nico, amino\u00e1cidos o p\u00e9ptidos, un c\u00f3ctel multivitam\u00ednico y enzimas que favorecen la circulaci\u00f3n sangu\u00ednea de la piel y estimulan la producci\u00f3n de col\u00e1geno. Sus&nbsp;<strong>resultados<\/strong>&nbsp;son muy efectivos y visibles desde la primera sesi\u00f3n\u00bb. A\u00f1adi\u00f3 Vidal.<\/p>\n\n\n\n<h3 class=\"wp-block-heading\">Peeling<\/h3>\n\n\n\n<p>Siguiendo la misma l\u00ednea de discurso, hablo sobre peeling; \u00aba las dos semanas de aplicar la mesoterapia, se puede realizar un&nbsp;<strong>peeling<\/strong>&nbsp;<strong>facial<\/strong>&nbsp;para conseguir un cutis oxigenado y luminoso. El peeling facial se basa en la&nbsp;<strong>exfoliaci\u00f3n&nbsp;<\/strong>y consiste en la renovaci\u00f3n de las capas de la piel para eliminar las c\u00e9lulas muertas y estimular la producci\u00f3n de otras nuevas, as\u00ed como hidratar la piel de forma natural\u00bb.<\/p>\n\n\n\n<p>Tambien se trat\u00f3 el tema Botox y Acido Ialur\u00f3nico.<\/p>\n\n\n\n<p>Fuente: Prevenci\u00f3n y Salud. Invitada: Dra. Roc\u00edo Vidal. <\/p>\n\n\n\n<p>Programa Estreno Lunes 17 de Abril a las 13,30hs.<\/p>\n\n\n\n<p>Reiteraciones Jueves 20,30hs y S\u00e1bados 12,30hs.<\/p>\n\n\n\n<p>Por Cable Imagen Armstrong.<\/p>\n\n\n\n<p><\/p>\n","protected":false},"excerpt":{"rendered":"<p>\u00bfCu\u00e1les son los tratamientos faciales en oto\u00f1o? Para revitalizar tu rostro, la Dra. Roc\u00edo Vidal recomienda los peelings, rejuvenecimiento facial con l\u00e1ser, tratamientos para las manchas o mesoterapia facial con el objetivo de nutrir e hidratar la piel. \u00abAl final del verano nuestra piel sufre de&nbsp;fotoenvejecimiento&nbsp;(aparici\u00f3n de manchas, arrugas y p\u00e9rdida de luminosidad) y&nbsp;deshidrataci\u00f3n&nbsp;producidos por <a href=\"https:\/\/armstrongyregion.com.ar\/diario\/tratamientos-faciales-en-el-otono-por-dra-rocio-vidal\/\" title=\"Read more\" >&#8230;<\/a><\/p>\n","protected":false},"author":1,"featured_media":38216,"comment_status":"open","ping_status":"open","sticky":false,"template":"","format":"image","meta":{"_jetpack_memberships_contains_paid_content":false,"footnotes":"","jetpack_publicize_message":"","jetpack_publicize_feature_enabled":true,"jetpack_social_post_already_shared":true,"jetpack_social_options":{"image_generator_settings":{"template":"highway","default_image_id":0,"enabled":false},"version":2}},"categories":[8,1,2,4,3],"tags":[9203,4087,8777,9204,1805],"class_list":["post-38215","post","type-post","status-publish","format-image","has-post-thumbnail","hentry","category-deliberando","category-diario-armstrong","category-locales","category-prevencion-salud","category-region","tag-dra-rocio-vidal","tag-faciales","tag-lic-graciela-de-la-casa","tag-prevencion-y-salud","tag-tratamientos","post_format-post-format-image"],"jetpack_publicize_connections":[],"jetpack_featured_media_url":"https:\/\/armstrongyregion.com.ar\/diario\/wp-content\/uploads\/2023\/04\/Dra.-Rocio-Vidal.17.04.23.jpg","jetpack_shortlink":"https:\/\/wp.me\/p62QDO-9Wn","jetpack_sharing_enabled":true,"amp_enabled":true,"_links":{"self":[{"href":"https:\/\/armstrongyregion.com.ar\/diario\/wp-json\/wp\/v2\/posts\/38215","targetHints":{"allow":["GET"]}}],"collection":[{"href":"https:\/\/armstrongyregion.com.ar\/diario\/wp-json\/wp\/v2\/posts"}],"about":[{"href":"https:\/\/armstrongyregion.com.ar\/diario\/wp-json\/wp\/v2\/types\/post"}],"author":[{"embeddable":true,"href":"https:\/\/armstrongyregion.com.ar\/diario\/wp-json\/wp\/v2\/users\/1"}],"replies":[{"embeddable":true,"href":"https:\/\/armstrongyregion.com.ar\/diario\/wp-json\/wp\/v2\/comments?post=38215"}],"version-history":[{"count":2,"href":"https:\/\/armstrongyregion.com.ar\/diario\/wp-json\/wp\/v2\/posts\/38215\/revisions"}],"predecessor-version":[{"id":38279,"href":"https:\/\/armstrongyregion.com.ar\/diario\/wp-json\/wp\/v2\/posts\/38215\/revisions\/38279"}],"wp:featuredmedia":[{"embeddable":true,"href":"https:\/\/armstrongyregion.com.ar\/diario\/wp-json\/wp\/v2\/media\/38216"}],"wp:attachment":[{"href":"https:\/\/armstrongyregion.com.ar\/diario\/wp-json\/wp\/v2\/media?parent=38215"}],"wp:term":[{"taxonomy":"category","embeddable":true,"href":"https:\/\/armstrongyregion.com.ar\/diario\/wp-json\/wp\/v2\/categories?post=38215"},{"taxonomy":"post_tag","embeddable":true,"href":"https:\/\/armstrongyregion.com.ar\/diario\/wp-json\/wp\/v2\/tags?post=38215"}],"curies":[{"name":"wp","href":"https:\/\/api.w.org\/{rel}","templated":true}]}}