{"id":38212,"date":"2023-04-17T14:28:51","date_gmt":"2023-04-17T14:28:51","guid":{"rendered":"https:\/\/armstrongyregion.com.ar\/diario\/?p=38212"},"modified":"2023-04-17T14:28:54","modified_gmt":"2023-04-17T14:28:54","slug":"aumento-casi-un-50-el-movimiento-en-el-aeropuerto-de-rosario-este-verano-y-vuelven-los-vuelos-regulares-a-ezeiza","status":"publish","type":"post","link":"https:\/\/armstrongyregion.com.ar\/diario\/aumento-casi-un-50-el-movimiento-en-el-aeropuerto-de-rosario-este-verano-y-vuelven-los-vuelos-regulares-a-ezeiza\/","title":{"rendered":"Aument\u00f3 casi un 50% el movimiento en el aeropuerto de Rosario este verano y vuelven los vuelos regulares a Ezeiza."},"content":{"rendered":"\n<figure class=\"wp-block-image size-full\"><a href=\"http:\/\/armstrongyregion.com.ar\/diario\/wp-content\/uploads\/2023\/04\/aeropuerto_rosario2.jpg_1756841869.jpg\"><img loading=\"lazy\" decoding=\"async\" width=\"400\" height=\"225\" src=\"http:\/\/armstrongyregion.com.ar\/diario\/wp-content\/uploads\/2023\/04\/aeropuerto_rosario2.jpg_1756841869.jpg\" alt=\"\" class=\"wp-image-38213\" srcset=\"https:\/\/armstrongyregion.com.ar\/diario\/wp-content\/uploads\/2023\/04\/aeropuerto_rosario2.jpg_1756841869.jpg 400w, https:\/\/armstrongyregion.com.ar\/diario\/wp-content\/uploads\/2023\/04\/aeropuerto_rosario2.jpg_1756841869-300x169.jpg 300w\" sizes=\"auto, (max-width: 400px) 100vw, 400px\" \/><\/a><\/figure>\n\n\n\n<h2 class=\"wp-block-heading\">Desde el directorio de la&nbsp;terminal aeroportuaria indicaron que entre diciembre y abril hubo 174.800 personas transportadas. Bariloche fue el destino m\u00e1s elegido. Adem\u00e1s, en febrero y marzo se ubic\u00f3 como uno de los cinco ingresos internacionales m\u00e1s utilizados.<\/h2>\n\n\n\n<p>El aeropuerto Islas Malvinas de Rosario (AIR) realiz\u00f3 un balance de la temporada de verano que termin\u00f3 hace algunas semanas. De acuerdo a los datos relevados por el directorio de la entidad, el movimiento en la terminal de Fisherton creci\u00f3 casi un 50 por ciento respecto del a\u00f1o\u00a0pasado.\u00a0<strong>Entre diciembre y abril hubo 174.800 pasajeros. El destino m\u00e1s elegido fue Bariloche. Y ahora regresan los vuelos regulares a Ezeiza.\u00a0<\/strong><\/p>\n\n\n\n<p>A estos datos se le suma que&nbsp;<strong>en los meses de febrero y marzo el AIR fue el quinto ingreso internacional m\u00e1s utilizado en el pa\u00eds, detr\u00e1s de Ezeiza, Aeroparque, C\u00f3rdoba y Mendoza.<\/strong><br>\u201cSi bien es cierto que la actividad aerocomercial a nivel nacional .&nbsp;regional sigue soportando algunos efectos post pandemia, en Rosario venimo.&nbsp;trabajando en una recuperaci\u00f3n sostenida y los resultados los pudimo.&nbsp;observar en este periodo estival\u201d, se\u00f1al\u00f3 el presidente del aeropuerto, Eduardo Romagnoli.<\/p>\n\n\n\n<p>En lo que respecta al principal destino que eligieron los rosarinos para trasladarse durante la temporada de verano, 48.178 lo hicieron hacia Aeroparque, en tanto que\u00a0<strong>el destino tur\u00edstico nacional m\u00e1s elegido fue Bariloche con 23.365 usuarios transportados.<\/strong><\/p>\n\n\n\n<p>Por su parte,&nbsp;<strong>el principal recorrido internacional que sali\u00f3 de Rosario fue el que conecta con Panam\u00e1&nbsp;<\/strong>que fue utilizado por 33.464 pasajeros.<\/p>\n\n\n\n<p>De cara a lo que se viene para el 2023, desde el aeropuerto rosarino se\u00f1alaron que\u00a0<strong>a partir del 11 de abril se van a reiniciar los vuelos regulares a Ezeiza<\/strong>. Adem\u00e1s, ya\u00a0<strong>est\u00e1n a la venta los pasajes con destino a San Mart\u00edn de los Andes\u00a0<\/strong>para los meses de julio, agosto y septiembre.<\/p>\n\n\n\n<p>Por Rosario3.<\/p>\n\n\n\n<p><\/p>\n\n\n\n<p><a href=\"https:\/\/www.rosario3.com\/informaciongeneral\/Aumento-casi-un-50-el-movimiento-en-el-aeropuerto-de-Rosario-este-verano-y-vuelven-los-vuelos-regulares-a-Ezeiza-20230417-0023.html#\"><\/a><a href=\"https:\/\/www.rosario3.com\/informaciongeneral\/Aumento-casi-un-50-el-movimiento-en-el-aeropuerto-de-Rosario-este-verano-y-vuelven-los-vuelos-regulares-a-Ezeiza-20230417-0023.html#\"><\/a><a href=\"https:\/\/www.rosario3.com\/informaciongeneral\/Aumento-casi-un-50-el-movimiento-en-el-aeropuerto-de-Rosario-este-verano-y-vuelven-los-vuelos-regulares-a-Ezeiza-20230417-0023.html#\"><\/a><a rel=\"noreferrer noopener\" href=\"https:\/\/www.facebook.com\/dialog\/send?app_id=798609233530383&amp;redirect_uri=https:\/\/www.rosario3.com\/informaciongeneral\/Aumento-casi-un-50-el-movimiento-en-el-aeropuerto-de-Rosario-este-verano-y-vuelven-los-vuelos-regulares-a-Ezeiza-20230417-0023.html&amp;link=https:\/\/www.rosario3.com\/informaciongeneral\/Aumento-casi-un-50-el-movimiento-en-el-aeropuerto-de-Rosario-este-verano-y-vuelven-los-vuelos-regulares-a-Ezeiza-20230417-0023.html\" target=\"_blank\"><\/a><a href=\"mailto:?subject=Te%20recomiendo%20esta%20nota%20de%20Rosario3&amp;body=Lee%20esta%20nota%20de%20Rosario3:%20https:\/\/www.rosario3.com\/informaciongeneral\/Aumento-casi-un-50-el-movimiento-en-el-aeropuerto-de-Rosario-este-verano-y-vuelven-los-vuelos-regulares-a-Ezeiza-20230417-0023.html\"><\/a><\/p>\n","protected":false},"excerpt":{"rendered":"<p>Desde el directorio de la&nbsp;terminal aeroportuaria indicaron que entre diciembre y abril hubo 174.800 personas transportadas. Bariloche fue el destino m\u00e1s elegido. Adem\u00e1s, en febrero y marzo se ubic\u00f3 como uno de los cinco ingresos internacionales m\u00e1s utilizados. El aeropuerto Islas Malvinas de Rosario (AIR) realiz\u00f3 un balance de la temporada de verano que termin\u00f3 <a href=\"https:\/\/armstrongyregion.com.ar\/diario\/aumento-casi-un-50-el-movimiento-en-el-aeropuerto-de-rosario-este-verano-y-vuelven-los-vuelos-regulares-a-ezeiza\/\" title=\"Read more\" >&#8230;<\/a><\/p>\n","protected":false},"author":1,"featured_media":38213,"comment_status":"open","ping_status":"open","sticky":false,"template":"","format":"image","meta":{"_jetpack_memberships_contains_paid_content":false,"footnotes":"","jetpack_publicize_message":"","jetpack_publicize_feature_enabled":true,"jetpack_social_post_already_shared":true,"jetpack_social_options":{"image_generator_settings":{"template":"highway","default_image_id":0,"enabled":false},"version":2}},"categories":[8,1,2819,2,7,3],"tags":[9200,8870,16,9202,9201,8588],"class_list":["post-38212","post","type-post","status-publish","format-image","has-post-thumbnail","hentry","category-deliberando","category-diario-armstrong","category-el-pais","category-locales","category-politica","category-region","tag-aeropuerto","tag-aumento-2","tag-el","tag-en-casi-un-50","tag-movimiento","tag-rosario-2","post_format-post-format-image"],"jetpack_publicize_connections":[],"jetpack_featured_media_url":"https:\/\/armstrongyregion.com.ar\/diario\/wp-content\/uploads\/2023\/04\/aeropuerto_rosario2.jpg_1756841869.jpg","jetpack_shortlink":"https:\/\/wp.me\/p62QDO-9Wk","jetpack_sharing_enabled":true,"amp_enabled":true,"_links":{"self":[{"href":"https:\/\/armstrongyregion.com.ar\/diario\/wp-json\/wp\/v2\/posts\/38212","targetHints":{"allow":["GET"]}}],"collection":[{"href":"https:\/\/armstrongyregion.com.ar\/diario\/wp-json\/wp\/v2\/posts"}],"about":[{"href":"https:\/\/armstrongyregion.com.ar\/diario\/wp-json\/wp\/v2\/types\/post"}],"author":[{"embeddable":true,"href":"https:\/\/armstrongyregion.com.ar\/diario\/wp-json\/wp\/v2\/users\/1"}],"replies":[{"embeddable":true,"href":"https:\/\/armstrongyregion.com.ar\/diario\/wp-json\/wp\/v2\/comments?post=38212"}],"version-history":[{"count":1,"href":"https:\/\/armstrongyregion.com.ar\/diario\/wp-json\/wp\/v2\/posts\/38212\/revisions"}],"predecessor-version":[{"id":38214,"href":"https:\/\/armstrongyregion.com.ar\/diario\/wp-json\/wp\/v2\/posts\/38212\/revisions\/38214"}],"wp:featuredmedia":[{"embeddable":true,"href":"https:\/\/armstrongyregion.com.ar\/diario\/wp-json\/wp\/v2\/media\/38213"}],"wp:attachment":[{"href":"https:\/\/armstrongyregion.com.ar\/diario\/wp-json\/wp\/v2\/media?parent=38212"}],"wp:term":[{"taxonomy":"category","embeddable":true,"href":"https:\/\/armstrongyregion.com.ar\/diario\/wp-json\/wp\/v2\/categories?post=38212"},{"taxonomy":"post_tag","embeddable":true,"href":"https:\/\/armstrongyregion.com.ar\/diario\/wp-json\/wp\/v2\/tags?post=38212"}],"curies":[{"name":"wp","href":"https:\/\/api.w.org\/{rel}","templated":true}]}}