{"id":38196,"date":"2023-04-16T16:46:40","date_gmt":"2023-04-16T16:46:40","guid":{"rendered":"https:\/\/armstrongyregion.com.ar\/diario\/?p=38196"},"modified":"2023-04-16T16:52:24","modified_gmt":"2023-04-16T16:52:24","slug":"armstrong-se-aprobo-la-creacion-de-la-oficina-municipal-de-defensa-a-los-derechos-de-los-usuarios-y-consumidores","status":"publish","type":"post","link":"https:\/\/armstrongyregion.com.ar\/diario\/armstrong-se-aprobo-la-creacion-de-la-oficina-municipal-de-defensa-a-los-derechos-de-los-usuarios-y-consumidores\/","title":{"rendered":"Armstrong. Se aprob\u00f3 la creaci\u00f3n de la oficina municipal de defensa a los derechos de los usuarios y consumidores."},"content":{"rendered":"\n<figure class=\"wp-block-image size-full\"><a href=\"http:\/\/armstrongyregion.com.ar\/diario\/wp-content\/uploads\/2022\/09\/Emiliano-Gramigna-7-9-22-.jpg\"><img loading=\"lazy\" decoding=\"async\" width=\"758\" height=\"563\" src=\"http:\/\/armstrongyregion.com.ar\/diario\/wp-content\/uploads\/2022\/09\/Emiliano-Gramigna-7-9-22-.jpg\" alt=\"\" class=\"wp-image-35725\" srcset=\"https:\/\/armstrongyregion.com.ar\/diario\/wp-content\/uploads\/2022\/09\/Emiliano-Gramigna-7-9-22-.jpg 758w, https:\/\/armstrongyregion.com.ar\/diario\/wp-content\/uploads\/2022\/09\/Emiliano-Gramigna-7-9-22--300x223.jpg 300w\" sizes=\"auto, (max-width: 758px) 100vw, 758px\" \/><\/a><\/figure>\n\n\n\n<p>En la ultima sesi\u00f3n del concejo municipal de Armstrong, desde la comisi\u00f3n de salud p\u00fablica y promoci\u00f3n comunitaria, se aprobo la creaci\u00f3n de la oficina municipal de defensa a los derechos de los usuarios y consumidores proyecto presentado por Renovaci\u00f3n por Armstrong.<\/p>\n\n\n\n<p>El concejal Emiliano Gramigna, en di\u00e1logo con nuestro medio expresaba: \u201cHoy sali\u00f3 un dict\u00e1men de la comisi\u00f3n de Salud P\u00fablica y Accion Social sobre una ordenanza que habiamos presentado con el concejal Urqu\u00eda que es la creacion de la oficina de la defensa de los derechos de los usuarios y los consumidores y la verdad agradezco a todos los bloques el tratamiento que se hizo en forma responsable y rapida, con propuestas, inclusive  superadoras al proyecto inicial que habiamos presentado\u201d.<\/p>\n\n\n\n<p>Gramigna a\u00f1adi\u00f3: \u201cEsta es una ordenanza que contempla que dentro del concejo se establezca la oficina para poder as\u00ed recibir los reclamos de los consumidores y usuarios como asi tambien las recomendaciones, cursos y capacitaciones a comerciantes y proveedores para evitar la publicidad fraudulenta y maliciosa, las estafas,  y fallas en productos de bienes y servicios\u201d.<\/p>\n\n\n\n<p>El edil continu\u00f3: \u201cEsta seria una ampliaci\u00f3n de los derechos de ciudadanos y ciudadanas armstronenses. Hoy en muchas ciudades se ha implementado y esta dando muy buenos resultados. Orgullosamente nuestro bloque puede hablar de gesti\u00f3n ya que hemos trabajado no solamente en la confecci\u00f3n de la ordenanza sino que hemos realizado la gesti\u00f3n para que el mismo municipio pueda firmar convenios con la provincia y naci\u00f3n para la defensa de dichos derechos\u201d.<\/p>\n","protected":false},"excerpt":{"rendered":"<p>En la ultima sesi\u00f3n del concejo municipal de Armstrong, desde la comisi\u00f3n de salud p\u00fablica y promoci\u00f3n comunitaria, se aprobo la creaci\u00f3n de la oficina municipal de defensa a los derechos de los usuarios y consumidores proyecto presentado por Renovaci\u00f3n por Armstrong. El concejal Emiliano Gramigna, en di\u00e1logo con nuestro medio expresaba: \u201cHoy sali\u00f3 un <a href=\"https:\/\/armstrongyregion.com.ar\/diario\/armstrong-se-aprobo-la-creacion-de-la-oficina-municipal-de-defensa-a-los-derechos-de-los-usuarios-y-consumidores\/\" title=\"Read more\" >&#8230;<\/a><\/p>\n","protected":false},"author":1,"featured_media":35725,"comment_status":"open","ping_status":"open","sticky":false,"template":"","format":"image","meta":{"_jetpack_memberships_contains_paid_content":false,"footnotes":"","jetpack_publicize_message":"","jetpack_publicize_feature_enabled":true,"jetpack_social_post_already_shared":true,"jetpack_social_options":{"image_generator_settings":{"template":"highway","default_image_id":0,"enabled":false},"version":2}},"categories":[8,1,2,7,3],"tags":[2460,20,9193,3143,979,8655,1654,86],"class_list":["post-38196","post","type-post","status-publish","format-image","has-post-thumbnail","hentry","category-deliberando","category-diario-armstrong","category-locales","category-politica","category-region","tag-aprobo","tag-armstrong","tag-consumidores","tag-derechos","tag-gramigna","tag-municipal-2","tag-oficina","tag-se","post_format-post-format-image"],"jetpack_publicize_connections":[],"jetpack_featured_media_url":"https:\/\/armstrongyregion.com.ar\/diario\/wp-content\/uploads\/2022\/09\/Emiliano-Gramigna-7-9-22-.jpg","jetpack_shortlink":"https:\/\/wp.me\/p62QDO-9W4","jetpack_sharing_enabled":true,"amp_enabled":true,"_links":{"self":[{"href":"https:\/\/armstrongyregion.com.ar\/diario\/wp-json\/wp\/v2\/posts\/38196","targetHints":{"allow":["GET"]}}],"collection":[{"href":"https:\/\/armstrongyregion.com.ar\/diario\/wp-json\/wp\/v2\/posts"}],"about":[{"href":"https:\/\/armstrongyregion.com.ar\/diario\/wp-json\/wp\/v2\/types\/post"}],"author":[{"embeddable":true,"href":"https:\/\/armstrongyregion.com.ar\/diario\/wp-json\/wp\/v2\/users\/1"}],"replies":[{"embeddable":true,"href":"https:\/\/armstrongyregion.com.ar\/diario\/wp-json\/wp\/v2\/comments?post=38196"}],"version-history":[{"count":4,"href":"https:\/\/armstrongyregion.com.ar\/diario\/wp-json\/wp\/v2\/posts\/38196\/revisions"}],"predecessor-version":[{"id":38203,"href":"https:\/\/armstrongyregion.com.ar\/diario\/wp-json\/wp\/v2\/posts\/38196\/revisions\/38203"}],"wp:featuredmedia":[{"embeddable":true,"href":"https:\/\/armstrongyregion.com.ar\/diario\/wp-json\/wp\/v2\/media\/35725"}],"wp:attachment":[{"href":"https:\/\/armstrongyregion.com.ar\/diario\/wp-json\/wp\/v2\/media?parent=38196"}],"wp:term":[{"taxonomy":"category","embeddable":true,"href":"https:\/\/armstrongyregion.com.ar\/diario\/wp-json\/wp\/v2\/categories?post=38196"},{"taxonomy":"post_tag","embeddable":true,"href":"https:\/\/armstrongyregion.com.ar\/diario\/wp-json\/wp\/v2\/tags?post=38196"}],"curies":[{"name":"wp","href":"https:\/\/api.w.org\/{rel}","templated":true}]}}