{"id":38192,"date":"2023-04-15T00:41:31","date_gmt":"2023-04-15T00:41:31","guid":{"rendered":"https:\/\/armstrongyregion.com.ar\/diario\/?p=38192"},"modified":"2023-04-15T00:41:33","modified_gmt":"2023-04-15T00:41:33","slug":"raquel-di-paola-participo-de-la-presentacion-de-una-nueva-edicion-de-santa-fe-en-tu-corazon","status":"publish","type":"post","link":"https:\/\/armstrongyregion.com.ar\/diario\/raquel-di-paola-participo-de-la-presentacion-de-una-nueva-edicion-de-santa-fe-en-tu-corazon\/","title":{"rendered":"Raquel Di Paola particip\u00f3 de la presentaci\u00f3n de una nueva edici\u00f3n de \u00abSanta Fe en tu coraz\u00f3n\u00bb."},"content":{"rendered":"\n<p><\/p>\n\n\n\n<figure class=\"wp-block-image size-full\"><a href=\"http:\/\/armstrongyregion.com.ar\/diario\/wp-content\/uploads\/2023\/04\/WhatsApp-Image-2023-04-11-at-09.44.42-1.jpg\"><img loading=\"lazy\" decoding=\"async\" width=\"800\" height=\"600\" src=\"http:\/\/armstrongyregion.com.ar\/diario\/wp-content\/uploads\/2023\/04\/WhatsApp-Image-2023-04-11-at-09.44.42-1.jpg\" alt=\"\" class=\"wp-image-38193\" srcset=\"https:\/\/armstrongyregion.com.ar\/diario\/wp-content\/uploads\/2023\/04\/WhatsApp-Image-2023-04-11-at-09.44.42-1.jpg 800w, https:\/\/armstrongyregion.com.ar\/diario\/wp-content\/uploads\/2023\/04\/WhatsApp-Image-2023-04-11-at-09.44.42-1-300x225.jpg 300w, https:\/\/armstrongyregion.com.ar\/diario\/wp-content\/uploads\/2023\/04\/WhatsApp-Image-2023-04-11-at-09.44.42-1-768x576.jpg 768w\" sizes=\"auto, (max-width: 800px) 100vw, 800px\" \/><\/a><\/figure>\n\n\n\n<p>La secretaria de Educaci\u00f3n, Cultura y Deportes, Raquel Di Paola, acompa\u00f1ada del coordinador de Juventudes, Gaspar Provera, particip\u00f3 de la presentaci\u00f3n del programa Santa Fe en tu Coraz\u00f3n, que lleva adelante el Ministerio de Cultura de Santa Fe, junto al Festival Boleto Educativo Gratuito.<\/p>\n\n\n\n<p>En la jornada de ayer, el ministro Jorge Llonch, junto al director provincial del BEG, Rober Benegui, informaron sobre el evento organizado por el gobierno de la provincia de Santa Fe para celebrar el tercer a\u00f1o de implementaci\u00f3n programa que beneficia a la comunidad educativa, as\u00ed como el lanzamiento de la itinerancia 2023 de ese programa junto a Santa Fe en Tu Coraz\u00f3n.<\/p>\n\n\n\n<p>En nuestra ciudad se realizar\u00e1 el domingo 21 de mayo con la presentaci\u00f3n de Ra\u00fal Lavie. La iniciativa comparte con santafesinas y santafesinos m\u00fasica, voces populares y danzas, convocando a artistas consagrados, int\u00e9rpretes locales, regionales y elencos municipales.&nbsp;\u201cEstamos muy contentos de que la ciudad forme parte de esta propuesta a nivel provincial, permitiendo promover el trabajo que realizamos desde el Municipio en materia de m\u00fasica y cultura\u201d, expres\u00f3 Di Paola.<\/p>\n\n\n\n<p>Por su parte, LLonch agreg\u00f3: \u201cHoy nos est\u00e1n acompa\u00f1ando secretarios y secretarias de Cultura de distintas localidades por las cuales van a girar Santa Fe en Tu Coraz\u00f3n y el BEG; localidades por las cuales no s\u00f3lo habr\u00e1 artistas reconocidos, sino que tambi\u00e9n favorece la difusi\u00f3n de los artistas locales. Y la posibilidad de llevar Boleto Educativo no s\u00f3lo para el que estudia que viaja gratis, sino que el que ense\u00f1a tambi\u00e9n\u201d.<\/p>\n","protected":false},"excerpt":{"rendered":"<p>La secretaria de Educaci\u00f3n, Cultura y Deportes, Raquel Di Paola, acompa\u00f1ada del coordinador de Juventudes, Gaspar Provera, particip\u00f3 de la presentaci\u00f3n del programa Santa Fe en tu Coraz\u00f3n, que lleva adelante el Ministerio de Cultura de Santa Fe, junto al Festival Boleto Educativo Gratuito. En la jornada de ayer, el ministro Jorge Llonch, junto al <a href=\"https:\/\/armstrongyregion.com.ar\/diario\/raquel-di-paola-participo-de-la-presentacion-de-una-nueva-edicion-de-santa-fe-en-tu-corazon\/\" title=\"Read more\" >&#8230;<\/a><\/p>\n","protected":false},"author":1,"featured_media":38194,"comment_status":"open","ping_status":"open","sticky":false,"template":"","format":"image","meta":{"_jetpack_memberships_contains_paid_content":false,"footnotes":"","jetpack_publicize_message":"","jetpack_publicize_feature_enabled":true,"jetpack_social_post_already_shared":true,"jetpack_social_options":{"image_generator_settings":{"template":"highway","default_image_id":0,"enabled":false},"version":2}},"categories":[6,8,1,2,7,3],"tags":[],"class_list":["post-38192","post","type-post","status-publish","format-image","has-post-thumbnail","hentry","category-cultura-entretenimiento","category-deliberando","category-diario-armstrong","category-locales","category-politica","category-region","post_format-post-format-image"],"jetpack_publicize_connections":[],"jetpack_featured_media_url":"https:\/\/armstrongyregion.com.ar\/diario\/wp-content\/uploads\/2023\/04\/raquel-Di-Paola-.jpg","jetpack_shortlink":"https:\/\/wp.me\/p62QDO-9W0","jetpack_sharing_enabled":true,"amp_enabled":true,"_links":{"self":[{"href":"https:\/\/armstrongyregion.com.ar\/diario\/wp-json\/wp\/v2\/posts\/38192","targetHints":{"allow":["GET"]}}],"collection":[{"href":"https:\/\/armstrongyregion.com.ar\/diario\/wp-json\/wp\/v2\/posts"}],"about":[{"href":"https:\/\/armstrongyregion.com.ar\/diario\/wp-json\/wp\/v2\/types\/post"}],"author":[{"embeddable":true,"href":"https:\/\/armstrongyregion.com.ar\/diario\/wp-json\/wp\/v2\/users\/1"}],"replies":[{"embeddable":true,"href":"https:\/\/armstrongyregion.com.ar\/diario\/wp-json\/wp\/v2\/comments?post=38192"}],"version-history":[{"count":1,"href":"https:\/\/armstrongyregion.com.ar\/diario\/wp-json\/wp\/v2\/posts\/38192\/revisions"}],"predecessor-version":[{"id":38195,"href":"https:\/\/armstrongyregion.com.ar\/diario\/wp-json\/wp\/v2\/posts\/38192\/revisions\/38195"}],"wp:featuredmedia":[{"embeddable":true,"href":"https:\/\/armstrongyregion.com.ar\/diario\/wp-json\/wp\/v2\/media\/38194"}],"wp:attachment":[{"href":"https:\/\/armstrongyregion.com.ar\/diario\/wp-json\/wp\/v2\/media?parent=38192"}],"wp:term":[{"taxonomy":"category","embeddable":true,"href":"https:\/\/armstrongyregion.com.ar\/diario\/wp-json\/wp\/v2\/categories?post=38192"},{"taxonomy":"post_tag","embeddable":true,"href":"https:\/\/armstrongyregion.com.ar\/diario\/wp-json\/wp\/v2\/tags?post=38192"}],"curies":[{"name":"wp","href":"https:\/\/api.w.org\/{rel}","templated":true}]}}