{"id":38183,"date":"2023-04-13T21:47:16","date_gmt":"2023-04-13T21:47:16","guid":{"rendered":"https:\/\/armstrongyregion.com.ar\/diario\/?p=38183"},"modified":"2023-04-13T21:47:18","modified_gmt":"2023-04-13T21:47:18","slug":"armstrong-recibe-una-nueva-edicion-de-agroactiva","status":"publish","type":"post","link":"https:\/\/armstrongyregion.com.ar\/diario\/armstrong-recibe-una-nueva-edicion-de-agroactiva\/","title":{"rendered":"Armstrong recibe una nueva edici\u00f3n de AgroActiva."},"content":{"rendered":"\n<figure class=\"wp-block-image size-full\"><a href=\"http:\/\/armstrongyregion.com.ar\/diario\/wp-content\/uploads\/2023\/04\/Convenio-Agroactiva-.jpg\"><img loading=\"lazy\" decoding=\"async\" width=\"675\" height=\"450\" src=\"http:\/\/armstrongyregion.com.ar\/diario\/wp-content\/uploads\/2023\/04\/Convenio-Agroactiva-.jpg\" alt=\"\" class=\"wp-image-38184\" srcset=\"https:\/\/armstrongyregion.com.ar\/diario\/wp-content\/uploads\/2023\/04\/Convenio-Agroactiva-.jpg 675w, https:\/\/armstrongyregion.com.ar\/diario\/wp-content\/uploads\/2023\/04\/Convenio-Agroactiva--300x200.jpg 300w\" sizes=\"auto, (max-width: 675px) 100vw, 675px\" \/><\/a><\/figure>\n\n\n\n<p>El Intendente Dr. Pablo Verdecchia y la Presidente de AgroActiva Arq. Rosana Nardi concretaron la firma de un convenio de cooperaci\u00f3n ante la inminente realizaci\u00f3n de la edici\u00f3n N\u00b0 29, del 7 al 10 de junio pr\u00f3ximos.<\/p>\n\n\n\n<p>\u201cContentos de recibir a esta gran muestra del campo argentino que, a pesar de la situaci\u00f3n, de las dificultades que tenemos en este a\u00f1o, este es el momento justo de tener AgroActiva. El campo siempre es quien pone el esfuerzo, el que se pone al hombro las mejoras tecnol\u00f3gicas que se van a mostrar este a\u00f1o, y AgroActiva esper\u00e1ndolo para que sea una fiesta del productor agropecuario, del interior de la provincia, de la Argentina y de todo lo que genera en el interior del pa\u00eds\u201d, dijo Verdecchia.<\/p>\n\n\n\n<p>Adem\u00e1s agreg\u00f3 que \u201ces una alegr\u00eda volver a encontrarnos y disfrutar de esta muestra que nos representa como ciudad al ver la fuerza de los productores agropecuarios, empresarios, comercios, operarios, instituciones, sectores de servicio\u2026 AgroActiva es el resumen de lo que somos como armstronenses, y se lo mostramos al mundo\u201d.<\/p>\n\n\n\n<p>Por su parte, la responsable m\u00e1xima de la exposici\u00f3n que convoca a todo el pa\u00eds agradeci\u00f3 la recepci\u00f3n que a\u00f1o tras a\u00f1o se le da a la organizaci\u00f3n, valorando el trabajo conjunto con el municipio resaltando que \u201cArmstrong es la casa de AgroActiva. Es el mejor lugar de Argentina para hacer una exposici\u00f3n de las caracter\u00edsticas de la nuestra\u201d.<\/p>\n","protected":false},"excerpt":{"rendered":"<p>El Intendente Dr. Pablo Verdecchia y la Presidente de AgroActiva Arq. Rosana Nardi concretaron la firma de un convenio de cooperaci\u00f3n ante la inminente realizaci\u00f3n de la edici\u00f3n N\u00b0 29, del 7 al 10 de junio pr\u00f3ximos. \u201cContentos de recibir a esta gran muestra del campo argentino que, a pesar de la situaci\u00f3n, de las <a href=\"https:\/\/armstrongyregion.com.ar\/diario\/armstrong-recibe-una-nueva-edicion-de-agroactiva\/\" title=\"Read more\" >&#8230;<\/a><\/p>\n","protected":false},"author":1,"featured_media":38184,"comment_status":"open","ping_status":"open","sticky":false,"template":"","format":"image","meta":{"_jetpack_memberships_contains_paid_content":false,"footnotes":"","jetpack_publicize_message":"","jetpack_publicize_feature_enabled":true,"jetpack_social_post_already_shared":true,"jetpack_social_options":{"image_generator_settings":{"template":"highway","default_image_id":0,"enabled":false},"version":2}},"categories":[6,8,1,2,7,3],"tags":[8750,20,1081,317,275],"class_list":["post-38183","post","type-post","status-publish","format-image","has-post-thumbnail","hentry","category-cultura-entretenimiento","category-deliberando","category-diario-armstrong","category-locales","category-politica","category-region","tag-agroactiva-2","tag-armstrong","tag-convenio","tag-edicion","tag-nueva","post_format-post-format-image"],"jetpack_publicize_connections":[],"jetpack_featured_media_url":"https:\/\/armstrongyregion.com.ar\/diario\/wp-content\/uploads\/2023\/04\/Convenio-Agroactiva-.jpg","jetpack_shortlink":"https:\/\/wp.me\/p62QDO-9VR","jetpack_sharing_enabled":true,"amp_enabled":true,"_links":{"self":[{"href":"https:\/\/armstrongyregion.com.ar\/diario\/wp-json\/wp\/v2\/posts\/38183","targetHints":{"allow":["GET"]}}],"collection":[{"href":"https:\/\/armstrongyregion.com.ar\/diario\/wp-json\/wp\/v2\/posts"}],"about":[{"href":"https:\/\/armstrongyregion.com.ar\/diario\/wp-json\/wp\/v2\/types\/post"}],"author":[{"embeddable":true,"href":"https:\/\/armstrongyregion.com.ar\/diario\/wp-json\/wp\/v2\/users\/1"}],"replies":[{"embeddable":true,"href":"https:\/\/armstrongyregion.com.ar\/diario\/wp-json\/wp\/v2\/comments?post=38183"}],"version-history":[{"count":1,"href":"https:\/\/armstrongyregion.com.ar\/diario\/wp-json\/wp\/v2\/posts\/38183\/revisions"}],"predecessor-version":[{"id":38185,"href":"https:\/\/armstrongyregion.com.ar\/diario\/wp-json\/wp\/v2\/posts\/38183\/revisions\/38185"}],"wp:featuredmedia":[{"embeddable":true,"href":"https:\/\/armstrongyregion.com.ar\/diario\/wp-json\/wp\/v2\/media\/38184"}],"wp:attachment":[{"href":"https:\/\/armstrongyregion.com.ar\/diario\/wp-json\/wp\/v2\/media?parent=38183"}],"wp:term":[{"taxonomy":"category","embeddable":true,"href":"https:\/\/armstrongyregion.com.ar\/diario\/wp-json\/wp\/v2\/categories?post=38183"},{"taxonomy":"post_tag","embeddable":true,"href":"https:\/\/armstrongyregion.com.ar\/diario\/wp-json\/wp\/v2\/tags?post=38183"}],"curies":[{"name":"wp","href":"https:\/\/api.w.org\/{rel}","templated":true}]}}