{"id":38177,"date":"2023-04-13T21:32:28","date_gmt":"2023-04-13T21:32:28","guid":{"rendered":"https:\/\/armstrongyregion.com.ar\/diario\/?p=38177"},"modified":"2023-04-13T23:07:14","modified_gmt":"2023-04-13T23:07:14","slug":"rasetto-entrego-aires-acondicionados-a-escuelas-de-canada-de-gomez","status":"publish","type":"post","link":"https:\/\/armstrongyregion.com.ar\/diario\/rasetto-entrego-aires-acondicionados-a-escuelas-de-canada-de-gomez\/","title":{"rendered":"Rasetto entrego aires acondicionados a escuelas de Ca\u00f1ada de G\u00f3mez."},"content":{"rendered":"\n<figure class=\"wp-block-image size-full\"><a href=\"http:\/\/armstrongyregion.com.ar\/diario\/wp-content\/uploads\/2023\/04\/Raseto-Aires-.jpg\"><img loading=\"lazy\" decoding=\"async\" width=\"512\" height=\"341\" src=\"http:\/\/armstrongyregion.com.ar\/diario\/wp-content\/uploads\/2023\/04\/Raseto-Aires-.jpg\" alt=\"\" class=\"wp-image-38178\" srcset=\"https:\/\/armstrongyregion.com.ar\/diario\/wp-content\/uploads\/2023\/04\/Raseto-Aires-.jpg 512w, https:\/\/armstrongyregion.com.ar\/diario\/wp-content\/uploads\/2023\/04\/Raseto-Aires--300x200.jpg 300w\" sizes=\"auto, (max-width: 512px) 100vw, 512px\" \/><\/a><\/figure>\n\n\n\n<p>El senador por Iriondo Hugo Jes\u00fas Rasetto colabor\u00f3 con la compra de aires<br>acondicionados para las escuelas del departamento. En un verano muy caluroso, el<br>legislador destac\u00f3 la importancia de garantizar un ambiente adecuado para el<br>aprendizaje y la ense\u00f1anza.<br>Junto al presidente de la Juventud Radical de Ca\u00f1ada de G\u00f3mez, Gast\u00f3n Scarola,<br>entreg\u00f3 3 nuevos equipos de aire en las escuelas N\u00b01363 \u00abProfesor Rafael Figueroa\u00bb,<br>N\u00b0452 \u00abSantiago D&#8217;onofrio\u00bb y N\u00b06410 \u00abManuel Belgrano\u201d.<br>\u201cLa educaci\u00f3n debe ser una prioridad en nuestro pa\u00eds. Creo que es el motor del<br>progreso y la igualdad de oportunidades. Por eso, me siento orgulloso de poder<br>colaborar con las escuelas de Iriondo, que hacen un trabajo admirable en la formaci\u00f3n<br>de nuestros ni\u00f1os y j\u00f3venes\u201d indic\u00f3 Rasetto.<\/p>\n","protected":false},"excerpt":{"rendered":"<p>El senador por Iriondo Hugo Jes\u00fas Rasetto colabor\u00f3 con la compra de airesacondicionados para las escuelas del departamento. En un verano muy caluroso, ellegislador destac\u00f3 la importancia de garantizar un ambiente adecuado para elaprendizaje y la ense\u00f1anza.Junto al presidente de la Juventud Radical de Ca\u00f1ada de G\u00f3mez, Gast\u00f3n Scarola,entreg\u00f3 3 nuevos equipos de aire en <a href=\"https:\/\/armstrongyregion.com.ar\/diario\/rasetto-entrego-aires-acondicionados-a-escuelas-de-canada-de-gomez\/\" title=\"Read more\" >&#8230;<\/a><\/p>\n","protected":false},"author":1,"featured_media":38178,"comment_status":"open","ping_status":"open","sticky":false,"template":"","format":"image","meta":{"_jetpack_memberships_contains_paid_content":false,"footnotes":"","jetpack_publicize_message":"","jetpack_publicize_feature_enabled":true,"jetpack_social_post_already_shared":true,"jetpack_social_options":{"image_generator_settings":{"template":"highway","default_image_id":0,"enabled":false},"version":2}},"categories":[6,8,1,7,3],"tags":[9190,9189,112,977],"class_list":["post-38177","post","type-post","status-publish","format-image","has-post-thumbnail","hentry","category-cultura-entretenimiento","category-deliberando","category-diario-armstrong","category-politica","category-region","tag-acondicionados","tag-aires-2","tag-entrego","tag-rasetto","post_format-post-format-image"],"jetpack_publicize_connections":[],"jetpack_featured_media_url":"https:\/\/armstrongyregion.com.ar\/diario\/wp-content\/uploads\/2023\/04\/Raseto-Aires-.jpg","jetpack_shortlink":"https:\/\/wp.me\/p62QDO-9VL","jetpack_sharing_enabled":true,"amp_enabled":true,"_links":{"self":[{"href":"https:\/\/armstrongyregion.com.ar\/diario\/wp-json\/wp\/v2\/posts\/38177","targetHints":{"allow":["GET"]}}],"collection":[{"href":"https:\/\/armstrongyregion.com.ar\/diario\/wp-json\/wp\/v2\/posts"}],"about":[{"href":"https:\/\/armstrongyregion.com.ar\/diario\/wp-json\/wp\/v2\/types\/post"}],"author":[{"embeddable":true,"href":"https:\/\/armstrongyregion.com.ar\/diario\/wp-json\/wp\/v2\/users\/1"}],"replies":[{"embeddable":true,"href":"https:\/\/armstrongyregion.com.ar\/diario\/wp-json\/wp\/v2\/comments?post=38177"}],"version-history":[{"count":1,"href":"https:\/\/armstrongyregion.com.ar\/diario\/wp-json\/wp\/v2\/posts\/38177\/revisions"}],"predecessor-version":[{"id":38179,"href":"https:\/\/armstrongyregion.com.ar\/diario\/wp-json\/wp\/v2\/posts\/38177\/revisions\/38179"}],"wp:featuredmedia":[{"embeddable":true,"href":"https:\/\/armstrongyregion.com.ar\/diario\/wp-json\/wp\/v2\/media\/38178"}],"wp:attachment":[{"href":"https:\/\/armstrongyregion.com.ar\/diario\/wp-json\/wp\/v2\/media?parent=38177"}],"wp:term":[{"taxonomy":"category","embeddable":true,"href":"https:\/\/armstrongyregion.com.ar\/diario\/wp-json\/wp\/v2\/categories?post=38177"},{"taxonomy":"post_tag","embeddable":true,"href":"https:\/\/armstrongyregion.com.ar\/diario\/wp-json\/wp\/v2\/tags?post=38177"}],"curies":[{"name":"wp","href":"https:\/\/api.w.org\/{rel}","templated":true}]}}