{"id":38137,"date":"2023-04-11T21:46:20","date_gmt":"2023-04-11T21:46:20","guid":{"rendered":"https:\/\/armstrongyregion.com.ar\/diario\/?p=38137"},"modified":"2023-04-11T21:46:23","modified_gmt":"2023-04-11T21:46:23","slug":"el-senador-cornaglia-participo-de-una-reunion-para-abordar-politicas-publicas-sobre-trata-de-personas","status":"publish","type":"post","link":"https:\/\/armstrongyregion.com.ar\/diario\/el-senador-cornaglia-participo-de-una-reunion-para-abordar-politicas-publicas-sobre-trata-de-personas\/","title":{"rendered":"El senador Cornaglia particip\u00f3 de una reuni\u00f3n para abordar pol\u00edticas p\u00fablicas sobre trata de personas."},"content":{"rendered":"\n<figure class=\"wp-block-image size-full\"><a href=\"http:\/\/armstrongyregion.com.ar\/diario\/wp-content\/uploads\/2023\/04\/GC-2023-04-11-Cornaglia-Del-Mastro-y-Olguin.jpg\"><img loading=\"lazy\" decoding=\"async\" width=\"480\" height=\"270\" src=\"http:\/\/armstrongyregion.com.ar\/diario\/wp-content\/uploads\/2023\/04\/GC-2023-04-11-Cornaglia-Del-Mastro-y-Olguin.jpg\" alt=\"\" class=\"wp-image-38138\" srcset=\"https:\/\/armstrongyregion.com.ar\/diario\/wp-content\/uploads\/2023\/04\/GC-2023-04-11-Cornaglia-Del-Mastro-y-Olguin.jpg 480w, https:\/\/armstrongyregion.com.ar\/diario\/wp-content\/uploads\/2023\/04\/GC-2023-04-11-Cornaglia-Del-Mastro-y-Olguin-300x169.jpg 300w\" sizes=\"auto, (max-width: 480px) 100vw, 480px\" \/><\/a><\/figure>\n\n\n\n<p>El senador provincial Guillermo Cornaglia mantuvo un encuentro de trabajo con Nicol\u00e1s Del Mastro, delegado de la Regi\u00f3n Centro del Comit\u00e9 Ejecutivo de Lucha contra de la Trata y Explotaci\u00f3n de Personas, y Marisa Olgu\u00edn, madre de Bruno Gentiletti, para diagramar acciones en conjunto con el objetivo de visibilizar la problem\u00e1tica y difundir las herramientas para combatir la trata de personas en todo el departamento Belgrano.<\/p>\n\n\n\n<p>La reuni\u00f3n se realiz\u00f3 en Casa del Senado de Las Rosas y estuvieron presentes tambi\u00e9n los concejales Paola Riccardi y Mart\u00edn Blanco, junto a la colaboradora Catalina Gim\u00e9nez.<\/p>\n","protected":false},"excerpt":{"rendered":"<p>El senador provincial Guillermo Cornaglia mantuvo un encuentro de trabajo con Nicol\u00e1s Del Mastro, delegado de la Regi\u00f3n Centro del Comit\u00e9 Ejecutivo de Lucha contra de la Trata y Explotaci\u00f3n de Personas, y Marisa Olgu\u00edn, madre de Bruno Gentiletti, para diagramar acciones en conjunto con el objetivo de visibilizar la problem\u00e1tica y difundir las herramientas <a href=\"https:\/\/armstrongyregion.com.ar\/diario\/el-senador-cornaglia-participo-de-una-reunion-para-abordar-politicas-publicas-sobre-trata-de-personas\/\" title=\"Read more\" >&#8230;<\/a><\/p>\n","protected":false},"author":1,"featured_media":38138,"comment_status":"open","ping_status":"open","sticky":false,"template":"","format":"image","meta":{"_jetpack_memberships_contains_paid_content":false,"footnotes":"","jetpack_publicize_message":"","jetpack_publicize_feature_enabled":true,"jetpack_social_post_already_shared":true,"jetpack_social_options":{"image_generator_settings":{"template":"highway","default_image_id":0,"enabled":false},"version":2}},"categories":[6,8,1,2,7,3],"tags":[9175,1324,81,992,3084,9176,462],"class_list":["post-38137","post","type-post","status-publish","format-image","has-post-thumbnail","hentry","category-cultura-entretenimiento","category-deliberando","category-diario-armstrong","category-locales","category-politica","category-region","tag-abordar","tag-cornaglia","tag-para","tag-participo","tag-politicas","tag-publicas-3","tag-reunion","post_format-post-format-image"],"jetpack_publicize_connections":[],"jetpack_featured_media_url":"https:\/\/armstrongyregion.com.ar\/diario\/wp-content\/uploads\/2023\/04\/GC-2023-04-11-Cornaglia-Del-Mastro-y-Olguin.jpg","jetpack_shortlink":"https:\/\/wp.me\/p62QDO-9V7","jetpack_sharing_enabled":true,"amp_enabled":true,"_links":{"self":[{"href":"https:\/\/armstrongyregion.com.ar\/diario\/wp-json\/wp\/v2\/posts\/38137","targetHints":{"allow":["GET"]}}],"collection":[{"href":"https:\/\/armstrongyregion.com.ar\/diario\/wp-json\/wp\/v2\/posts"}],"about":[{"href":"https:\/\/armstrongyregion.com.ar\/diario\/wp-json\/wp\/v2\/types\/post"}],"author":[{"embeddable":true,"href":"https:\/\/armstrongyregion.com.ar\/diario\/wp-json\/wp\/v2\/users\/1"}],"replies":[{"embeddable":true,"href":"https:\/\/armstrongyregion.com.ar\/diario\/wp-json\/wp\/v2\/comments?post=38137"}],"version-history":[{"count":1,"href":"https:\/\/armstrongyregion.com.ar\/diario\/wp-json\/wp\/v2\/posts\/38137\/revisions"}],"predecessor-version":[{"id":38139,"href":"https:\/\/armstrongyregion.com.ar\/diario\/wp-json\/wp\/v2\/posts\/38137\/revisions\/38139"}],"wp:featuredmedia":[{"embeddable":true,"href":"https:\/\/armstrongyregion.com.ar\/diario\/wp-json\/wp\/v2\/media\/38138"}],"wp:attachment":[{"href":"https:\/\/armstrongyregion.com.ar\/diario\/wp-json\/wp\/v2\/media?parent=38137"}],"wp:term":[{"taxonomy":"category","embeddable":true,"href":"https:\/\/armstrongyregion.com.ar\/diario\/wp-json\/wp\/v2\/categories?post=38137"},{"taxonomy":"post_tag","embeddable":true,"href":"https:\/\/armstrongyregion.com.ar\/diario\/wp-json\/wp\/v2\/tags?post=38137"}],"curies":[{"name":"wp","href":"https:\/\/api.w.org\/{rel}","templated":true}]}}