{"id":38127,"date":"2023-04-11T01:35:05","date_gmt":"2023-04-11T01:35:05","guid":{"rendered":"https:\/\/armstrongyregion.com.ar\/diario\/?p=38127"},"modified":"2023-04-11T01:35:07","modified_gmt":"2023-04-11T01:35:07","slug":"la-provincia-invirtio-mas-de-43-millones-de-pesos-en-proyectos-liderados-por-jovenes-investigadores","status":"publish","type":"post","link":"https:\/\/armstrongyregion.com.ar\/diario\/la-provincia-invirtio-mas-de-43-millones-de-pesos-en-proyectos-liderados-por-jovenes-investigadores\/","title":{"rendered":"La provincia invirti\u00f3 m\u00e1s de 43 millones de pesos en proyectos liderados por j\u00f3venes investigadores."},"content":{"rendered":"\n<figure class=\"wp-block-image size-full\"><a href=\"http:\/\/armstrongyregion.com.ar\/diario\/wp-content\/uploads\/2023\/04\/Proyectos-jovenes-.jpg\"><img loading=\"lazy\" decoding=\"async\" width=\"480\" height=\"270\" src=\"http:\/\/armstrongyregion.com.ar\/diario\/wp-content\/uploads\/2023\/04\/Proyectos-jovenes-.jpg\" alt=\"\" class=\"wp-image-38128\" srcset=\"https:\/\/armstrongyregion.com.ar\/diario\/wp-content\/uploads\/2023\/04\/Proyectos-jovenes-.jpg 480w, https:\/\/armstrongyregion.com.ar\/diario\/wp-content\/uploads\/2023\/04\/Proyectos-jovenes--300x169.jpg 300w\" sizes=\"auto, (max-width: 480px) 100vw, 480px\" \/><\/a><\/figure>\n\n\n\n<h2 class=\"wp-block-heading\">Con esta nueva l\u00ednea, habr\u00e1 40 nuevos proyectos que buscan fortalecer el sistema cient\u00edfico tecnol\u00f3gico provincial, promoviendo que m\u00e1s j\u00f3venes generen l\u00edneas de investigaci\u00f3n, y sumen capacidades, habilidades y nuevos conocimientos.<\/h2>\n\n\n\n<p>El Gobierno de Santa Fe, a trav\u00e9s de la Agencia Santafesina de Ciencia, Tecnolog\u00eda e Innovaci\u00f3n (AsaCTeI), ejecuta el Plan de Excelencia en Investigaci\u00f3n Cient\u00edfica (PEIC), mediante el cual se busca apoyar, fortalecer y ampliar las capacidades de Investigaci\u00f3n y Desarrollo (I+D) del sistema cient\u00edfico tecnol\u00f3gico provincial y la generaci\u00f3n de conocimiento y desarrollo en temas estrat\u00e9gicos provinciales.<\/p>\n\n\n\n<p>En ese marco, la convocatoria SF PEIC I+D, destinada a grupos de investigadores en formaci\u00f3n, integrados exclusivamente por j\u00f3venes, tiene por objetivo agilizar y facilitar el desarrollo de competencias y habilidades que permitan ampliar la calidad y la pertinencia de las producciones cient\u00edfico-tecnol\u00f3gicas.&nbsp;<\/p>\n\n\n\n<p>Asimismo, esta l\u00ednea tiene entre sus prop\u00f3sitos alentar el financiamiento de proyectos que se inscriban en alguna de las tem\u00e1ticas provinciales que se plantearon como estrat\u00e9gicas: ambiente y cambio clim\u00e1tico; cannabis; acuicultura; ciencias de la vida; ciencias sociales y econ\u00f3micas.&nbsp;<\/p>\n\n\n\n<p>El director provincial de Fortalecimiento a la Investigaci\u00f3n, la Innovaci\u00f3n y el Conocimiento, Juan Ignacio Carrara, resalt\u00f3 la calidad de las propuestas presentadas, \u201cla cual fue puesta de manifiesto por los expertos que intervinieron en la instancia de la evaluaci\u00f3n t\u00e9cnica; habiendo alcanzado un porcentaje de financiamiento superior al 58%, por un monto total de $ 43.639.710,55. Ello va a permitir que 40 grupos de 20 instituciones del ecosistema cient\u00edfico santafesino realicen investigaciones en temas tales como: desarrollo de alimentos funcionales, degradaci\u00f3n de contaminantes org\u00e1nicos; mayores rendimientos de cultivos de soja y tolerancia a la sequ\u00eda, contaminaci\u00f3n de las aguas superficiales por uso de herbicidas, pol\u00edmeros bioinspirados con propiedades antimicrobianas, obtenci\u00f3n de nuevas variedades de cannabis medicinal mediante edici\u00f3n g\u00e9nica, entre otros\u201d.<\/p>\n\n\n\n<p>Resulta valioso destacar que, del total de proyectos seleccionados, el 58% se encuentran dirigidos por mujeres y el 50% en tem\u00e1ticas estrat\u00e9gicas. Al respecto, la secretaria de Ciencia, Tecnolog\u00eda e Innovaci\u00f3n, Marina Baima, afirm\u00f3: \u201cSabemos que tenemos el desaf\u00edo de elevar la excelencia cient\u00edfica, dar oportunidades a las y los j\u00f3venes que deciden iniciar y continuar carreras de investigaci\u00f3n y que puedan tomar temas estrat\u00e9gicos, novedosos, innovadores. Por eso, junto a consejeros de la Agencia Santafesina de Ciencia, Tecnolog\u00eda e Innovaci\u00f3n, desarrollamos una l\u00ednea innovadora para que j\u00f3venes cient\u00edficos o grupos j\u00f3venes en formaci\u00f3n puedan presentar proyectos de investigaci\u00f3n\u201d.<\/p>\n\n\n\n<p>\u201cLa convocatoria tuvo un \u00e9xito rotundo y estamos financiando much\u00edsimos proyectos que no solo tienen l\u00edneas novedosas, sino que hay grandes temas que est\u00e1n circunscritos dentro de nuestro plan de prioridades provinciales y que tambi\u00e9n van a dar respuestas a nuevas l\u00edneas de investigaci\u00f3n, tambi\u00e9n para aquellos grupos consolidados. Esto muestra que Santa Fe es una provincia de ciencia y que aqu\u00ed la ciencia se est\u00e1 haciendo de otra forma\u201d, agreg\u00f3 la funcionaria.<\/p>\n\n\n\n<p>\u201cEstos proyectos dan una nueva plataforma de conocimiento a la provincia -continu\u00f3 Baima-, el cual vamos a seguir acompa\u00f1ando con becas de movilidad; con becas de formaci\u00f3n tambi\u00e9n en \u00e1reas estrat\u00e9gicas que necesiten acompa\u00f1ar para cursos, diplomaturas o posgrados espec\u00edficos; y con las misiones internacionales que desarrollamos junto a la Secretar\u00eda de Cooperaci\u00f3n Internacional\u201d.&nbsp;<\/p>\n\n\n\n<p>La funcionaria agreg\u00f3 que \u201cadem\u00e1s falta muy poco para celebrar el D\u00eda del Investigador y la Investigadora, y en ese sentido estamos desarrollando un d\u00eda especial para compartir tambi\u00e9n con ellas y ellos, con las y los j\u00f3venes investigadores. Un d\u00eda para reflexionar sobre todo lo que hicimos y todo lo que nos queda por hacer, adem\u00e1s de sellar un acuerdo de innovaci\u00f3n para posicionar a la provincia como un Hub de ciencias de la vida, donde el coraz\u00f3n sea todo el conocimiento que se genera en nuestros institutos, toda la atracci\u00f3n tecnol\u00f3gica y de innovaci\u00f3n de nuestras pymes y el incre\u00edble entramado institucional que logramos co-construir. Este modelo de talento m\u00e1s territorio abre una ventana de oportunidades para que el conocimiento sea la plataforma de Santa Fe y genere divisas, trabajo y lo que queremos todas y todos: mejorar nuestros entornos\u201d, concluy\u00f3.<\/p>\n\n\n\n<p>Para consultar el listado completo de los proyectos aprobados ingresar&nbsp;<em><strong><a href=\"https:\/\/www.santafe.gov.ar\/index.php\/web\/content\/download\/270923\/1412516\/file\/N%C3%B3mina%20Proyectos%20Seleccionados%20Modalidad%20A%20-%20SF%20PEICID%202022%20-%20Acta%2041%20CE%20ASaCTeI.pdf\" target=\"_blank\" rel=\"noreferrer noopener\">aqu\u00ed<\/a><\/strong><\/em>.<\/p>\n","protected":false},"excerpt":{"rendered":"<p>Con esta nueva l\u00ednea, habr\u00e1 40 nuevos proyectos que buscan fortalecer el sistema cient\u00edfico tecnol\u00f3gico provincial, promoviendo que m\u00e1s j\u00f3venes generen l\u00edneas de investigaci\u00f3n, y sumen capacidades, habilidades y nuevos conocimientos. El Gobierno de Santa Fe, a trav\u00e9s de la Agencia Santafesina de Ciencia, Tecnolog\u00eda e Innovaci\u00f3n (AsaCTeI), ejecuta el Plan de Excelencia en Investigaci\u00f3n <a href=\"https:\/\/armstrongyregion.com.ar\/diario\/la-provincia-invirtio-mas-de-43-millones-de-pesos-en-proyectos-liderados-por-jovenes-investigadores\/\" title=\"Read more\" >&#8230;<\/a><\/p>\n","protected":false},"author":1,"featured_media":38128,"comment_status":"open","ping_status":"open","sticky":false,"template":"","format":"image","meta":{"_jetpack_memberships_contains_paid_content":false,"footnotes":"","jetpack_publicize_message":"","jetpack_publicize_feature_enabled":true,"jetpack_social_post_already_shared":true,"jetpack_social_options":{"image_generator_settings":{"template":"highway","default_image_id":0,"enabled":false},"version":2}},"categories":[6,8,1,7,3],"tags":[9169,19,9170,15,9168,9171,31,8640,8598],"class_list":["post-38127","post","type-post","status-publish","format-image","has-post-thumbnail","hentry","category-cultura-entretenimiento","category-deliberando","category-diario-armstrong","category-politica","category-region","tag-43millones","tag-de","tag-de-pesos","tag-en","tag-invirtio","tag-jovenes-2","tag-la","tag-provincia-2","tag-proyectos-2","post_format-post-format-image"],"jetpack_publicize_connections":[],"jetpack_featured_media_url":"https:\/\/armstrongyregion.com.ar\/diario\/wp-content\/uploads\/2023\/04\/Proyectos-jovenes-.jpg","jetpack_shortlink":"https:\/\/wp.me\/p62QDO-9UX","jetpack_sharing_enabled":true,"amp_enabled":true,"_links":{"self":[{"href":"https:\/\/armstrongyregion.com.ar\/diario\/wp-json\/wp\/v2\/posts\/38127","targetHints":{"allow":["GET"]}}],"collection":[{"href":"https:\/\/armstrongyregion.com.ar\/diario\/wp-json\/wp\/v2\/posts"}],"about":[{"href":"https:\/\/armstrongyregion.com.ar\/diario\/wp-json\/wp\/v2\/types\/post"}],"author":[{"embeddable":true,"href":"https:\/\/armstrongyregion.com.ar\/diario\/wp-json\/wp\/v2\/users\/1"}],"replies":[{"embeddable":true,"href":"https:\/\/armstrongyregion.com.ar\/diario\/wp-json\/wp\/v2\/comments?post=38127"}],"version-history":[{"count":1,"href":"https:\/\/armstrongyregion.com.ar\/diario\/wp-json\/wp\/v2\/posts\/38127\/revisions"}],"predecessor-version":[{"id":38129,"href":"https:\/\/armstrongyregion.com.ar\/diario\/wp-json\/wp\/v2\/posts\/38127\/revisions\/38129"}],"wp:featuredmedia":[{"embeddable":true,"href":"https:\/\/armstrongyregion.com.ar\/diario\/wp-json\/wp\/v2\/media\/38128"}],"wp:attachment":[{"href":"https:\/\/armstrongyregion.com.ar\/diario\/wp-json\/wp\/v2\/media?parent=38127"}],"wp:term":[{"taxonomy":"category","embeddable":true,"href":"https:\/\/armstrongyregion.com.ar\/diario\/wp-json\/wp\/v2\/categories?post=38127"},{"taxonomy":"post_tag","embeddable":true,"href":"https:\/\/armstrongyregion.com.ar\/diario\/wp-json\/wp\/v2\/tags?post=38127"}],"curies":[{"name":"wp","href":"https:\/\/api.w.org\/{rel}","templated":true}]}}