{"id":38104,"date":"2023-04-09T04:09:37","date_gmt":"2023-04-09T04:09:37","guid":{"rendered":"https:\/\/armstrongyregion.com.ar\/diario\/?p=38104"},"modified":"2023-04-09T04:34:09","modified_gmt":"2023-04-09T04:34:09","slug":"armstrong-emotivo-viernes-santo-se-vivio-con-viacrucis-viviente","status":"publish","type":"post","link":"https:\/\/armstrongyregion.com.ar\/diario\/armstrong-emotivo-viernes-santo-se-vivio-con-viacrucis-viviente\/","title":{"rendered":"Armstrong. Se vivi\u00f3 un emotivo viernes santo con Viacrucis Viviente."},"content":{"rendered":"\n<figure class=\"wp-block-image size-full\"><a href=\"http:\/\/armstrongyregion.com.ar\/diario\/wp-content\/uploads\/2023\/04\/viernes-santo23-a-.jpg\"><img loading=\"lazy\" decoding=\"async\" width=\"512\" height=\"289\" src=\"http:\/\/armstrongyregion.com.ar\/diario\/wp-content\/uploads\/2023\/04\/viernes-santo23-a-.jpg\" alt=\"\" class=\"wp-image-38105\" srcset=\"https:\/\/armstrongyregion.com.ar\/diario\/wp-content\/uploads\/2023\/04\/viernes-santo23-a-.jpg 512w, https:\/\/armstrongyregion.com.ar\/diario\/wp-content\/uploads\/2023\/04\/viernes-santo23-a--300x169.jpg 300w\" sizes=\"auto, (max-width: 512px) 100vw, 512px\" \/><\/a><\/figure>\n\n\n\n<p>\u2026Y Jes\u00fas carg\u00f3 la Cruz, y muri\u00f3 en ella para salvar nuestros pecados, para librarnos de ellos y rescatarnos para la vida divina\u2026<\/p>\n\n\n\n<figure class=\"wp-block-image size-full\"><a href=\"http:\/\/armstrongyregion.com.ar\/diario\/wp-content\/uploads\/2023\/04\/Viernes-Santo-23-b-.jpg\"><img loading=\"lazy\" decoding=\"async\" width=\"480\" height=\"411\" src=\"http:\/\/armstrongyregion.com.ar\/diario\/wp-content\/uploads\/2023\/04\/Viernes-Santo-23-b-.jpg\" alt=\"\" class=\"wp-image-38106\" srcset=\"https:\/\/armstrongyregion.com.ar\/diario\/wp-content\/uploads\/2023\/04\/Viernes-Santo-23-b-.jpg 480w, https:\/\/armstrongyregion.com.ar\/diario\/wp-content\/uploads\/2023\/04\/Viernes-Santo-23-b--300x257.jpg 300w\" sizes=\"auto, (max-width: 480px) 100vw, 480px\" \/><\/a><\/figure>\n\n\n\n<p>La escenificaci\u00f3n del Viacrucis se realiz\u00f3 el pasado Viernes Santo saliendo desde la Plaza Claudio Giaretti hasta la Iglesia Nuestra Sra. de la Merced, las XIV estaciones estuvieron protagonizadas por j\u00f3venes \u00a0y adultos. La imagen de Jesucristo la encarn\u00f3 el joven armstronense Sebastian Vega.<\/p>\n\n\n\n<figure class=\"wp-block-image size-full\"><a href=\"http:\/\/armstrongyregion.com.ar\/diario\/wp-content\/uploads\/2023\/04\/Viernes-santo-23-c-.jpg\"><img loading=\"lazy\" decoding=\"async\" width=\"480\" height=\"307\" src=\"http:\/\/armstrongyregion.com.ar\/diario\/wp-content\/uploads\/2023\/04\/Viernes-santo-23-c-.jpg\" alt=\"\" class=\"wp-image-38107\" srcset=\"https:\/\/armstrongyregion.com.ar\/diario\/wp-content\/uploads\/2023\/04\/Viernes-santo-23-c-.jpg 480w, https:\/\/armstrongyregion.com.ar\/diario\/wp-content\/uploads\/2023\/04\/Viernes-santo-23-c--300x192.jpg 300w\" sizes=\"auto, (max-width: 480px) 100vw, 480px\" \/><\/a><\/figure>\n\n\n\n<p>Los feligreses presenciaron el momento m\u00e1s doliente para los cat\u00f3licos, pero tambi\u00e9n, el m\u00e1s lleno de amor, bondad, humildad, bajo el martirio de los golpes y vejaciones que Jes\u00fas sufri\u00f3 por nosotros.<\/p>\n\n\n\n<figure class=\"wp-block-image size-full\"><a href=\"http:\/\/armstrongyregion.com.ar\/diario\/wp-content\/uploads\/2023\/04\/viernes-santo-23-d-.jpg\"><img loading=\"lazy\" decoding=\"async\" width=\"480\" height=\"477\" src=\"http:\/\/armstrongyregion.com.ar\/diario\/wp-content\/uploads\/2023\/04\/viernes-santo-23-d-.jpg\" alt=\"\" class=\"wp-image-38108\" srcset=\"https:\/\/armstrongyregion.com.ar\/diario\/wp-content\/uploads\/2023\/04\/viernes-santo-23-d-.jpg 480w, https:\/\/armstrongyregion.com.ar\/diario\/wp-content\/uploads\/2023\/04\/viernes-santo-23-d--300x298.jpg 300w, https:\/\/armstrongyregion.com.ar\/diario\/wp-content\/uploads\/2023\/04\/viernes-santo-23-d--150x150.jpg 150w\" sizes=\"auto, (max-width: 480px) 100vw, 480px\" \/><\/a><\/figure>\n\n\n\n<p>La representaci\u00f3n de la Pasi\u00f3n, Crucifixi\u00f3n y muerte de Jesucristo se desarroll\u00f3 en un circuito diagramado desde la plaza Claudio Giaretti, retornando por 14 de Diciembre hasta Fischer, luego se peregrin\u00f3 por San Martin llegando y culminando con las estaciones dentro de la Iglesia donde los protagonistas encarnaron diversos papeles en esta ceremonia, como Jesucristo, Her\u00f3des, Poncio Pilatos, soldados romanos, jud\u00edos y fariseos, la madre de Jes\u00fas Mar\u00eda y Magdalena entre otros, cuya representaci\u00f3n inici\u00f3 a las 20:00 con una excelente convocatoria.<\/p>\n\n\n\n<figure class=\"wp-block-image size-full\"><a href=\"http:\/\/armstrongyregion.com.ar\/diario\/wp-content\/uploads\/2023\/04\/Via-Crucis-23-e-.jpg\"><img loading=\"lazy\" decoding=\"async\" width=\"540\" height=\"468\" src=\"http:\/\/armstrongyregion.com.ar\/diario\/wp-content\/uploads\/2023\/04\/Via-Crucis-23-e-.jpg\" alt=\"\" class=\"wp-image-38109\" srcset=\"https:\/\/armstrongyregion.com.ar\/diario\/wp-content\/uploads\/2023\/04\/Via-Crucis-23-e-.jpg 540w, https:\/\/armstrongyregion.com.ar\/diario\/wp-content\/uploads\/2023\/04\/Via-Crucis-23-e--300x260.jpg 300w\" sizes=\"auto, (max-width: 540px) 100vw, 540px\" \/><\/a><\/figure>\n","protected":false},"excerpt":{"rendered":"<p>\u2026Y Jes\u00fas carg\u00f3 la Cruz, y muri\u00f3 en ella para salvar nuestros pecados, para librarnos de ellos y rescatarnos para la vida divina\u2026 La escenificaci\u00f3n del Viacrucis se realiz\u00f3 el pasado Viernes Santo saliendo desde la Plaza Claudio Giaretti hasta la Iglesia Nuestra Sra. de la Merced, las XIV estaciones estuvieron protagonizadas por j\u00f3venes \u00a0y <a href=\"https:\/\/armstrongyregion.com.ar\/diario\/armstrong-emotivo-viernes-santo-se-vivio-con-viacrucis-viviente\/\" title=\"Read more\" >&#8230;<\/a><\/p>\n","protected":false},"author":1,"featured_media":38107,"comment_status":"open","ping_status":"open","sticky":false,"template":"","format":"image","meta":{"_jetpack_memberships_contains_paid_content":false,"footnotes":"","jetpack_publicize_message":"","jetpack_publicize_feature_enabled":true,"jetpack_social_post_already_shared":true,"jetpack_social_options":{"image_generator_settings":{"template":"highway","default_image_id":0,"enabled":false},"version":2}},"categories":[6,8,1,2819,2,3],"tags":[20,1295,9163,90],"class_list":["post-38104","post","type-post","status-publish","format-image","has-post-thumbnail","hentry","category-cultura-entretenimiento","category-deliberando","category-diario-armstrong","category-el-pais","category-locales","category-region","tag-armstrong","tag-emotivo","tag-viacrucis","tag-viviente","post_format-post-format-image"],"jetpack_publicize_connections":[],"jetpack_featured_media_url":"https:\/\/armstrongyregion.com.ar\/diario\/wp-content\/uploads\/2023\/04\/Viernes-santo-23-c-.jpg","jetpack_shortlink":"https:\/\/wp.me\/p62QDO-9UA","jetpack_sharing_enabled":true,"amp_enabled":true,"_links":{"self":[{"href":"https:\/\/armstrongyregion.com.ar\/diario\/wp-json\/wp\/v2\/posts\/38104","targetHints":{"allow":["GET"]}}],"collection":[{"href":"https:\/\/armstrongyregion.com.ar\/diario\/wp-json\/wp\/v2\/posts"}],"about":[{"href":"https:\/\/armstrongyregion.com.ar\/diario\/wp-json\/wp\/v2\/types\/post"}],"author":[{"embeddable":true,"href":"https:\/\/armstrongyregion.com.ar\/diario\/wp-json\/wp\/v2\/users\/1"}],"replies":[{"embeddable":true,"href":"https:\/\/armstrongyregion.com.ar\/diario\/wp-json\/wp\/v2\/comments?post=38104"}],"version-history":[{"count":6,"href":"https:\/\/armstrongyregion.com.ar\/diario\/wp-json\/wp\/v2\/posts\/38104\/revisions"}],"predecessor-version":[{"id":38116,"href":"https:\/\/armstrongyregion.com.ar\/diario\/wp-json\/wp\/v2\/posts\/38104\/revisions\/38116"}],"wp:featuredmedia":[{"embeddable":true,"href":"https:\/\/armstrongyregion.com.ar\/diario\/wp-json\/wp\/v2\/media\/38107"}],"wp:attachment":[{"href":"https:\/\/armstrongyregion.com.ar\/diario\/wp-json\/wp\/v2\/media?parent=38104"}],"wp:term":[{"taxonomy":"category","embeddable":true,"href":"https:\/\/armstrongyregion.com.ar\/diario\/wp-json\/wp\/v2\/categories?post=38104"},{"taxonomy":"post_tag","embeddable":true,"href":"https:\/\/armstrongyregion.com.ar\/diario\/wp-json\/wp\/v2\/tags?post=38104"}],"curies":[{"name":"wp","href":"https:\/\/api.w.org\/{rel}","templated":true}]}}