{"id":38077,"date":"2023-04-05T02:23:32","date_gmt":"2023-04-05T02:23:32","guid":{"rendered":"https:\/\/armstrongyregion.com.ar\/diario\/?p=38077"},"modified":"2023-04-05T02:23:35","modified_gmt":"2023-04-05T02:23:35","slug":"la-provincia-fortalece-acciones-climaticas-en-las-parejas","status":"publish","type":"post","link":"https:\/\/armstrongyregion.com.ar\/diario\/la-provincia-fortalece-acciones-climaticas-en-las-parejas\/","title":{"rendered":"La provincia fortalece acciones clim\u00e1ticas en Las Parejas."},"content":{"rendered":"\n<figure class=\"wp-block-image size-full\"><a href=\"http:\/\/armstrongyregion.com.ar\/diario\/wp-content\/uploads\/2023\/04\/Laspa-.jpg\"><img loading=\"lazy\" decoding=\"async\" width=\"550\" height=\"320\" src=\"http:\/\/armstrongyregion.com.ar\/diario\/wp-content\/uploads\/2023\/04\/Laspa-.jpg\" alt=\"\" class=\"wp-image-38078\" srcset=\"https:\/\/armstrongyregion.com.ar\/diario\/wp-content\/uploads\/2023\/04\/Laspa-.jpg 550w, https:\/\/armstrongyregion.com.ar\/diario\/wp-content\/uploads\/2023\/04\/Laspa--300x175.jpg 300w\" sizes=\"auto, (max-width: 550px) 100vw, 550px\" \/><\/a><\/figure>\n\n\n\n<h2 class=\"wp-block-heading\">La ministra de Ambiente y Cambio Clim\u00e1tico, Erika Gonnet, llev\u00f3 adelante una recorrida por diferentes puntos de la localidad junto al Intendente Horario Compagnucci.<\/h2>\n\n\n\n<p>El Gobierno de Santa Fe avanza en acciones concretas para el fortalecimiento de la gesti\u00f3n de residuos y las energ\u00edas renovables en municipios y comunas. En ese marco, la ministra de Ambiente y Cambio Clim\u00e1tico, Erika Gonnet, encabez\u00f3 una serie de actividades en Las Parejas junto al Intendente de la localidad, Horario Compagnucci. Los ejes principales fueron econom\u00eda circular y energ\u00edas renovables, como medidas de acci\u00f3n clim\u00e1tica en territorio.<\/p>\n\n\n\n<p><br>La ministra estuvo acompa\u00f1ada de la subsecretaria de Econom\u00eda Circular, Saida Caula, el subsecretario de Tecnolog\u00edas para la Sostenibilidad, Franco Blatter, y el asistente t\u00e9cnico Sebasti\u00e1n Cassale.<\/p>\n\n\n\n<p><strong>ECONOM\u00cdA CIRCULAR<\/strong><br>Durante la visita a Las Parejas, los funcionarios del Ministerio de Ambiente y Cambio Clim\u00e1tico recorrieron el equipamiento para la gesti\u00f3n de residuos al que est\u00e1 accediendo el municipio, a trav\u00e9s de gestiones realizadas por el Gobierno de Santa Fe ante el Ministerio de Ambiente y Desarrollo Sostenible de la Naci\u00f3n, mediante la cual ya fueron otorgados una chipeadora y dos puntos verdes fijos.<\/p>\n\n\n\n<p><br>\u201cSiempre hablamos con el Intendente que hay algunas problem\u00e1ticas ambientales que tienen que analizarse como oportunidades. La gesti\u00f3n de residuos es un tema que a nivel mundial depende de un abordaje integral, junto a diferentes actores de la sociedad y que es un trabajo que tiene que hacerse a largo plazo\u201d, explic\u00f3 la ministra Erika Gonnet durante la visita. \u201cAdem\u00e1s de la maquinaria que gestionamos a trav\u00e9s del Ministerio de Ambiente de la Naci\u00f3n, Las Parejas tambi\u00e9n accedi\u00f3 a financiamiento del gobierno provincial a trav\u00e9s del Plan Incluir Ambiente que permitir\u00e1n realizar mejoras edilicias y aportes para el cerramiento en el Complejo Ambiental\u201d, agreg\u00f3.<\/p>\n\n\n\n<p><br>Por su parte, el intendente Horario Compagnucci subray\u00f3 el \u201capoyo del ministerio\u201d en la tem\u00e1tica ambiental y resalt\u00f3 el compromiso \u201cque toma el Gobierno de la Provincia de Santa Fe no solamente con equipamiento sino con recursos para que esto pueda funcionar\u201d. Adem\u00e1s, explic\u00f3 que en el complejo ambiental de la localidad \u00abya hay cuatro personas trabajando y va a tener una conformaci\u00f3n de cooperativa\u00bb.&nbsp;<\/p>\n\n\n\n<p><strong>ENERG\u00cdAS RENOVABLES<\/strong><br>Por otra parte, tambi\u00e9n se realiz\u00f3 una visita a la empresa Fundici\u00f3n Dadin, especializada en la comercializaci\u00f3n y log\u00edstica de productos especiales para fundiciones e industrias. A trav\u00e9s del Plan Renovable del Gobierno de Santa Fe, la instituci\u00f3n obtuvo un cr\u00e9dito por m\u00e1s de $7.000.000 para el desarrollo de una instalaci\u00f3n fotovoltaica de 30 kw.<\/p>\n\n\n\n<p><br>\u201cEs un d\u00eda importante desde el punto de vista ambiental y de acci\u00f3n clim\u00e1tica. Fundici\u00f3n Dadin no s\u00f3lo forma parte del Plan Renovable, sino que tambi\u00e9n se ha transformado en un usuario generador de energ\u00edas limpias en el marco del Programa Energ\u00edas Renovables para el Ambiente (ERA), obteniendo beneficios econ\u00f3micos y ambientales\u201d, explic\u00f3 la ministra Erika Gonnet. A trav\u00e9s de la iniciativa, realizada en conjunto con la Empresa Provincial de la Energ\u00eda (EPE), la empresa lograr\u00e1 un ahorro anual estimado, en valores actuales, de m\u00e1s de $1.400.000.<\/p>\n\n\n\n<p><br>Cabe recordar que el Plan Renovable consiste en una l\u00ednea de cr\u00e9ditos del Gobierno de Santa Fe y el Consejo Federal de Inversiones destinada a pymes, industrias y vecinos que tiene como objetivo lograr un uso m\u00e1s eficiente y responsable de la energ\u00eda, en el marco de la transici\u00f3n energ\u00e9tica santafesina. La propuesta permite acceder a paneles y calefones solares.<\/p>\n\n\n\n<p><br>Por \u00faltimo, Gonnet y Compagnucci visitaron la empresa Mobel Citta, que dise\u00f1a y fabrica productos para urbanizaciones y espacios p\u00fablicos o privados con materiales reciclados. Desde el gobierno provincial se trabaja con la instituci\u00f3n para el desarrollo de equipamiento en materia de movilidad activa y compostaje. Uno de esos proyectos tiene que ver con la elaboraci\u00f3n de un prototipo de compostera local de uso p\u00fablico, a partir de material tetrapack reconstituido en conjunto con la Universidad Nacional de Rafaela.<\/p>\n\n\n\n<p><br><strong>REUNI\u00d3N CON INDUSTRIALES<\/strong><br>Asimismo, la titular de la cartera ambiental y el intendente se reunieron con integrantes del Centro Industrial Las Parejas, donde se trazaron lineamientos en materia de evaluaci\u00f3n ambiental y energ\u00edas renovables para la regi\u00f3n. Participaron el Gerente General Pablo Basta y el secretario del Centro Industrial, Carlos Eugenio Capisano.<\/p>\n","protected":false},"excerpt":{"rendered":"<p>La ministra de Ambiente y Cambio Clim\u00e1tico, Erika Gonnet, llev\u00f3 adelante una recorrida por diferentes puntos de la localidad junto al Intendente Horario Compagnucci. El Gobierno de Santa Fe avanza en acciones concretas para el fortalecimiento de la gesti\u00f3n de residuos y las energ\u00edas renovables en municipios y comunas. En ese marco, la ministra de <a href=\"https:\/\/armstrongyregion.com.ar\/diario\/la-provincia-fortalece-acciones-climaticas-en-las-parejas\/\" title=\"Read more\" >&#8230;<\/a><\/p>\n","protected":false},"author":1,"featured_media":38078,"comment_status":"open","ping_status":"open","sticky":false,"template":"","format":"image","meta":{"_jetpack_memberships_contains_paid_content":false,"footnotes":"","jetpack_publicize_message":"","jetpack_publicize_feature_enabled":true,"jetpack_social_post_already_shared":true,"jetpack_social_options":{"image_generator_settings":{"template":"highway","default_image_id":0,"enabled":false},"version":2}},"categories":[6,8,1,2,7,3],"tags":[3582,9157,8797,31,8640],"class_list":["post-38077","post","type-post","status-publish","format-image","has-post-thumbnail","hentry","category-cultura-entretenimiento","category-deliberando","category-diario-armstrong","category-locales","category-politica","category-region","tag-acciones","tag-climaticas","tag-fortalece","tag-la","tag-provincia-2","post_format-post-format-image"],"jetpack_publicize_connections":[],"jetpack_featured_media_url":"https:\/\/armstrongyregion.com.ar\/diario\/wp-content\/uploads\/2023\/04\/Laspa-.jpg","jetpack_shortlink":"https:\/\/wp.me\/p62QDO-9U9","jetpack_sharing_enabled":true,"amp_enabled":true,"_links":{"self":[{"href":"https:\/\/armstrongyregion.com.ar\/diario\/wp-json\/wp\/v2\/posts\/38077","targetHints":{"allow":["GET"]}}],"collection":[{"href":"https:\/\/armstrongyregion.com.ar\/diario\/wp-json\/wp\/v2\/posts"}],"about":[{"href":"https:\/\/armstrongyregion.com.ar\/diario\/wp-json\/wp\/v2\/types\/post"}],"author":[{"embeddable":true,"href":"https:\/\/armstrongyregion.com.ar\/diario\/wp-json\/wp\/v2\/users\/1"}],"replies":[{"embeddable":true,"href":"https:\/\/armstrongyregion.com.ar\/diario\/wp-json\/wp\/v2\/comments?post=38077"}],"version-history":[{"count":1,"href":"https:\/\/armstrongyregion.com.ar\/diario\/wp-json\/wp\/v2\/posts\/38077\/revisions"}],"predecessor-version":[{"id":38079,"href":"https:\/\/armstrongyregion.com.ar\/diario\/wp-json\/wp\/v2\/posts\/38077\/revisions\/38079"}],"wp:featuredmedia":[{"embeddable":true,"href":"https:\/\/armstrongyregion.com.ar\/diario\/wp-json\/wp\/v2\/media\/38078"}],"wp:attachment":[{"href":"https:\/\/armstrongyregion.com.ar\/diario\/wp-json\/wp\/v2\/media?parent=38077"}],"wp:term":[{"taxonomy":"category","embeddable":true,"href":"https:\/\/armstrongyregion.com.ar\/diario\/wp-json\/wp\/v2\/categories?post=38077"},{"taxonomy":"post_tag","embeddable":true,"href":"https:\/\/armstrongyregion.com.ar\/diario\/wp-json\/wp\/v2\/tags?post=38077"}],"curies":[{"name":"wp","href":"https:\/\/api.w.org\/{rel}","templated":true}]}}