{"id":38074,"date":"2023-04-05T02:03:42","date_gmt":"2023-04-05T02:03:42","guid":{"rendered":"https:\/\/armstrongyregion.com.ar\/diario\/?p=38074"},"modified":"2023-04-05T02:03:44","modified_gmt":"2023-04-05T02:03:44","slug":"santa-fe-conectada-la-provincia-firmo-convenios-de-colaboracion-con-municipios-y-comunas","status":"publish","type":"post","link":"https:\/\/armstrongyregion.com.ar\/diario\/santa-fe-conectada-la-provincia-firmo-convenios-de-colaboracion-con-municipios-y-comunas\/","title":{"rendered":"Santa Fe + Conectada: La provincia firm\u00f3 convenios de colaboraci\u00f3n con municipios y comunas."},"content":{"rendered":"\n<figure class=\"wp-block-image size-full\"><a href=\"http:\/\/armstrongyregion.com.ar\/diario\/wp-content\/uploads\/2023\/04\/clerici-conectar-santa-fe.jpg\"><img loading=\"lazy\" decoding=\"async\" width=\"556\" height=\"320\" src=\"http:\/\/armstrongyregion.com.ar\/diario\/wp-content\/uploads\/2023\/04\/clerici-conectar-santa-fe.jpg\" alt=\"\" class=\"wp-image-38075\" srcset=\"https:\/\/armstrongyregion.com.ar\/diario\/wp-content\/uploads\/2023\/04\/clerici-conectar-santa-fe.jpg 556w, https:\/\/armstrongyregion.com.ar\/diario\/wp-content\/uploads\/2023\/04\/clerici-conectar-santa-fe-300x173.jpg 300w\" sizes=\"auto, (max-width: 556px) 100vw, 556px\" \/><\/a><\/figure>\n\n\n\n<h2 class=\"wp-block-heading\">\u201cHoy, al igual que la inversi\u00f3n que est\u00e1 haciendo el gobierno de la provincia en acueductos y gasoductos, lo estamos haciendo con la conectividad como una enorme herramienta de inclusi\u00f3n social\u201d, explic\u00f3 el ministro Corach.<\/h2>\n\n\n\n<p>El ministro de Gesti\u00f3n P\u00fablica de la provincia, Marcos Corach, encabez\u00f3 este martes, en el Centro de la Juventud de Ca\u00f1ada de G\u00f3mez, la firma de convenios para la colaboraci\u00f3n, asistencia y adhesi\u00f3n al programa Santa Fe + Conectada con municipios y comunas de los departamentos Iriondo, Belgrano, San Mart\u00edn, Castellanos, Rosario, San Lorenzo, San Jer\u00f3nimo y Las Colonias.<\/p>\n\n\n\n<p>El objetivo del encuentro, adem\u00e1s, fue abordar el plan de acci\u00f3n del programa que busca ampliar y modernizar la infraestructura del sistema de conectividad de la provincia, que permitir\u00e1 brindar un servicio de internet de calidad, reducir las brechas tecnol\u00f3gicas y prestar de manera eficiente los servicios p\u00fablicos en las 365 localidades santafesinas.<\/p>\n\n\n\n<p>En la oportunidad, Corach sostuvo que \u201choy estamos ac\u00e1 para contarles el estado de avance de programa Santa Fe + Conectada y formalmente firmar con municipios y comunas convenios para obtener permisos para que la traza pueda usar el ejido urbano, en el caso que sea necesario\u201d.<\/p>\n\n\n\n<p>\u201cSanta Fe + Conectada es una promesa que el gobernador hizo en campa\u00f1a y que hoy estamos llevando a cabo. Tuvimos que atravesar la pandemia, estamos atravesando a\u00fan el conflicto de la guerra, la inflaci\u00f3n y las complejidades de cada una de las empresas adjudicatarias para que puedan tener los insumos necesarios para poder construir el tejido de fibra \u00f3ptica. Independientemente de eso, nosotros nunca claudicamos, obtuvimos un cr\u00e9dito de 100 millones de d\u00f3lares para poder tirar m\u00e1s de 4500 kil\u00f3metros de fibra \u00f3ptica en toda la provincia\u201d, detall\u00f3 el ministro.<\/p>\n\n\n\n<p>Seguidamente hizo hincapi\u00e9 en que \u201ces una obra que va a cambiar rotundamente la calidad de vida de todos los santafesinos y santafesinas. Calidad de vida que se vio plenamente disminuida durante la pandemia, donde puso al desnudo una situaci\u00f3n de inequidad, porque los chicos que ten\u00edan que quedarse en sus casas no pod\u00edan estudiar porque no ten\u00edan internet. Hoy, al igual que la inversi\u00f3n que est\u00e1 haciendo el gobierno de la provincia en acueductos y gasoductos, lo estamos haciendo con la conectividad como una enorme herramienta de inclusi\u00f3n social, igualadora de oportunidades de todos y todas\u201d, finaliz\u00f3 Corach.<\/p>\n\n\n\n<p><strong>POTENCIAR TECNOLOG\u00cdA<\/strong><\/p>\n\n\n\n<p>Por su parte, el secretario de Tecnolog\u00eda para la Gesti\u00f3n, Sergio Bleynat, dijo que \u00abla idea del gobernador es potenciar todo lo que es tecnolog\u00eda y nos pidi\u00f3 que tengamos la capacidad de concebir un proyecto que incluya a todas las localidades de la provincia de Santa Fe\u00bb.<\/p>\n\n\n\n<p>\u201cEl programa se inici\u00f3 por barrios populares de Rosario y Santa Fe, dando wifi libre alrededor de 45 mil familias en las zonas m\u00e1s carenciadas para no s\u00f3lo potenciar la educaci\u00f3n sino tambi\u00e9n para poder incluir desde lo laboral\u00bb, indico el funcionario.<\/p>\n\n\n\n<p>Actualmente, \u00abse est\u00e1 lanzando la construcci\u00f3n de 26 trazas de 4.500 kil\u00f3metros, que interconectan todas las localidades de la provincia de Santa Fe\u00bb, concluy\u00f3 Bleynat.<\/p>\n\n\n\n<p>Por su parte, la intendenta de Ca\u00f1ada de G\u00f3mez, Stella Clerici, indic\u00f3 que \u00abrealmente hay una decisi\u00f3n provincial de invertir en sumas muy importantes en lo que es la conectividad troncal, todos sabemos que la conexi\u00f3n virtual es igualdad. Abrir estos caminos virtuales es la posibilidad de seguir adelante y posicionar a Santa Fe al frente de lo que es el desarrollo productivo y educativo\u00bb.<\/p>\n\n\n\n<p><strong>AUTORIDADES<\/strong><\/p>\n\n\n\n<p>Estuvieron presentes, adem\u00e1s, el ministro de Desarrollo Social de la provincia, Danilo Capitani; los senadores provinciales Miguel Rabbia y Cristina Berra; la diputada provincial Cesira Arcando; la secretaria de Gesti\u00f3n Federal, Candelaria Gonz\u00e1lez del Pino; el secretario de Integraci\u00f3n y Fortalecimiento Institucional, Jos\u00e9 Luis Freyre; la secretaria de Gesti\u00f3n P\u00fablica, Luisina Giovannini; el subsecretario de Proyectos de Inversi\u00f3n del Ministerio de la Producci\u00f3n, Claudio Vissio; el subsecretario de Comunas, Carlos Kaufmann; as\u00ed como intendentes y presidentes comunales.<\/p>\n\n\n\n<p><strong>CONVENIOS<\/strong><\/p>\n\n\n\n<p>Se firmaron convenios de colaboraci\u00f3n, asistencia y adhesi\u00f3n al Programa que se desarrollar\u00e1 con: Ca\u00f1ada de G\u00f3mez, Las Parejas, Las Rosas, Los Cardos, El Tr\u00e9bol, Carlos Pellegrini, San Jorge, Sastre, Crispi, Las Petacas, Castelar, Mar\u00eda Juana, Garibaldi, Margarita, Estaci\u00f3n Clucellas, Clucellas, Saguier, Rafaela.<\/p>\n\n\n\n<p>Tambi\u00e9n, Granadero Baigorria, Ybarlucea, Luis Palacios, Lucio V L\u00f3pez, Salto Grande, Totoras, Clason, San Genaro, Centeno, Las Bandurrias, Casas, Ca\u00f1ada Rosqu\u00edn, San Mart\u00edn de las Escobas, San Vicente, Ang\u00e9lica, San Lorenzo, Ricardone, Aldao, Pueblo Andino, Serodino, Carrizales, D\u00edaz, Casalengo, Bernardo Irigoyen, Irigoyen, G\u00e1lvez, San Eugenio, Loma Alta, L\u00f3pez y Santa Clara de Buena Vista.<\/p>\n\n\n\n<p>Lo har\u00e1n Rosario, Capit\u00e1n Berm\u00fadez, Fray Luis Beltr\u00e1n, San Lorenzo, Tortugas, Montes de Oca, Bouquet, Mar\u00eda Susana, Piamonte, Landeta, Santa Fe, Santo Tom\u00e9, Sauce Viejo, Barrio Caima, Desv\u00edo Arij\u00f3n, Coronda, Larrechea, Arocena, San Fabi\u00e1n, Barrancas, Monje, Maciel, Gaboto, Olivero, Villa La Ribera, Timb\u00faes, Puerto General San Mart\u00edn, Matilde, San Carlos Sur, San Carlos Centro, San Carlos Norte, San Mariano, Sa Pereira, Susana, Bauer y Siguel, Josefina, Santa Clara de Saguier, Zenon Pereyra, Sastre, Esmeralda, Eustolia, Campo Piaggio, Colonia Belgrano y Gessler.<\/p>\n\n\n\n<p><strong>SANTA FE + CONECTADA<\/strong><\/p>\n\n\n\n<p>El organismo ejecutor del programa es la unidad de gesti\u00f3n conformada por los ministerios de Econom\u00eda, de Educaci\u00f3n, y de Gesti\u00f3n P\u00fablica de la provincia.<\/p>\n","protected":false},"excerpt":{"rendered":"<p>\u201cHoy, al igual que la inversi\u00f3n que est\u00e1 haciendo el gobierno de la provincia en acueductos y gasoductos, lo estamos haciendo con la conectividad como una enorme herramienta de inclusi\u00f3n social\u201d, explic\u00f3 el ministro Corach. El ministro de Gesti\u00f3n P\u00fablica de la provincia, Marcos Corach, encabez\u00f3 este martes, en el Centro de la Juventud de <a href=\"https:\/\/armstrongyregion.com.ar\/diario\/santa-fe-conectada-la-provincia-firmo-convenios-de-colaboracion-con-municipios-y-comunas\/\" title=\"Read more\" >&#8230;<\/a><\/p>\n","protected":false},"author":1,"featured_media":38075,"comment_status":"open","ping_status":"open","sticky":false,"template":"","format":"image","meta":{"_jetpack_memberships_contains_paid_content":false,"footnotes":"","jetpack_publicize_message":"","jetpack_publicize_feature_enabled":true,"jetpack_social_post_already_shared":true,"jetpack_social_options":{"image_generator_settings":{"template":"highway","default_image_id":0,"enabled":false},"version":2}},"categories":[8,1,2,7,3],"tags":[9156,9155,541,77,9022,399],"class_list":["post-38074","post","type-post","status-publish","format-image","has-post-thumbnail","hentry","category-deliberando","category-diario-armstrong","category-locales","category-politica","category-region","tag-clerici-2","tag-conectada","tag-convenios","tag-fe","tag-mas-2","tag-santa","post_format-post-format-image"],"jetpack_publicize_connections":[],"jetpack_featured_media_url":"https:\/\/armstrongyregion.com.ar\/diario\/wp-content\/uploads\/2023\/04\/clerici-conectar-santa-fe.jpg","jetpack_shortlink":"https:\/\/wp.me\/p62QDO-9U6","jetpack_sharing_enabled":true,"amp_enabled":true,"_links":{"self":[{"href":"https:\/\/armstrongyregion.com.ar\/diario\/wp-json\/wp\/v2\/posts\/38074","targetHints":{"allow":["GET"]}}],"collection":[{"href":"https:\/\/armstrongyregion.com.ar\/diario\/wp-json\/wp\/v2\/posts"}],"about":[{"href":"https:\/\/armstrongyregion.com.ar\/diario\/wp-json\/wp\/v2\/types\/post"}],"author":[{"embeddable":true,"href":"https:\/\/armstrongyregion.com.ar\/diario\/wp-json\/wp\/v2\/users\/1"}],"replies":[{"embeddable":true,"href":"https:\/\/armstrongyregion.com.ar\/diario\/wp-json\/wp\/v2\/comments?post=38074"}],"version-history":[{"count":1,"href":"https:\/\/armstrongyregion.com.ar\/diario\/wp-json\/wp\/v2\/posts\/38074\/revisions"}],"predecessor-version":[{"id":38076,"href":"https:\/\/armstrongyregion.com.ar\/diario\/wp-json\/wp\/v2\/posts\/38074\/revisions\/38076"}],"wp:featuredmedia":[{"embeddable":true,"href":"https:\/\/armstrongyregion.com.ar\/diario\/wp-json\/wp\/v2\/media\/38075"}],"wp:attachment":[{"href":"https:\/\/armstrongyregion.com.ar\/diario\/wp-json\/wp\/v2\/media?parent=38074"}],"wp:term":[{"taxonomy":"category","embeddable":true,"href":"https:\/\/armstrongyregion.com.ar\/diario\/wp-json\/wp\/v2\/categories?post=38074"},{"taxonomy":"post_tag","embeddable":true,"href":"https:\/\/armstrongyregion.com.ar\/diario\/wp-json\/wp\/v2\/tags?post=38074"}],"curies":[{"name":"wp","href":"https:\/\/api.w.org\/{rel}","templated":true}]}}