{"id":38055,"date":"2023-04-02T16:50:02","date_gmt":"2023-04-02T16:50:02","guid":{"rendered":"https:\/\/armstrongyregion.com.ar\/diario\/?p=38055"},"modified":"2023-04-02T16:50:05","modified_gmt":"2023-04-02T16:50:05","slug":"armstrong-acto-por-el-dia-del-veterano-y-de-los-caidos-en-malvinas-se-realizara-en-el-salon-delmo-daro","status":"publish","type":"post","link":"https:\/\/armstrongyregion.com.ar\/diario\/armstrong-acto-por-el-dia-del-veterano-y-de-los-caidos-en-malvinas-se-realizara-en-el-salon-delmo-daro\/","title":{"rendered":"Armstrong. Acto por el D\u00eda del Veterano y de los Ca\u00eddos en Malvinas se realizar\u00e1 en el Sal\u00f3n Delmo Dar\u00f3."},"content":{"rendered":"\n<figure class=\"wp-block-image size-full\"><a href=\"http:\/\/armstrongyregion.com.ar\/diario\/wp-content\/uploads\/2023\/04\/acto-Malvinas-.jpg\"><img loading=\"lazy\" decoding=\"async\" width=\"400\" height=\"294\" src=\"http:\/\/armstrongyregion.com.ar\/diario\/wp-content\/uploads\/2023\/04\/acto-Malvinas-.jpg\" alt=\"\" class=\"wp-image-38056\" srcset=\"https:\/\/armstrongyregion.com.ar\/diario\/wp-content\/uploads\/2023\/04\/acto-Malvinas-.jpg 400w, https:\/\/armstrongyregion.com.ar\/diario\/wp-content\/uploads\/2023\/04\/acto-Malvinas--300x221.jpg 300w\" sizes=\"auto, (max-width: 400px) 100vw, 400px\" \/><\/a><\/figure>\n\n\n\n<p>La Municipalidad de Armstrong informa que debido a la situaci\u00f3n clim\u00e1tica,<strong> el acto por el D\u00eda del Veterano y de los Ca\u00eddos en la Guerra de Malvinas se realizar\u00e1 a las 18:30 hs en el sal\u00f3n Delmo Dar\u00f3\u00bb<\/strong>.<\/p>\n","protected":false},"excerpt":{"rendered":"<p>La Municipalidad de Armstrong informa que debido a la situaci\u00f3n clim\u00e1tica, el acto por el D\u00eda del Veterano y de los Ca\u00eddos en la Guerra de Malvinas se realizar\u00e1 a las 18:30 hs en el sal\u00f3n Delmo Dar\u00f3\u00bb.<\/p>\n","protected":false},"author":1,"featured_media":38056,"comment_status":"open","ping_status":"open","sticky":false,"template":"","format":"image","meta":{"_jetpack_memberships_contains_paid_content":false,"footnotes":"","jetpack_publicize_message":"","jetpack_publicize_feature_enabled":true,"jetpack_social_post_already_shared":true,"jetpack_social_options":{"image_generator_settings":{"template":"highway","default_image_id":0,"enabled":false},"version":2}},"categories":[6,8,1,2,7,3],"tags":[1212,20,9147,19,1055,793,16,9136,60],"class_list":["post-38055","post","type-post","status-publish","format-image","has-post-thumbnail","hentry","category-cultura-entretenimiento","category-deliberando","category-diario-armstrong","category-locales","category-politica","category-region","tag-acto","tag-armstrong","tag-daro-2","tag-de","tag-delmo","tag-dia","tag-el","tag-malvinas-2","tag-por","post_format-post-format-image"],"jetpack_publicize_connections":[],"jetpack_featured_media_url":"https:\/\/armstrongyregion.com.ar\/diario\/wp-content\/uploads\/2023\/04\/acto-Malvinas-.jpg","jetpack_shortlink":"https:\/\/wp.me\/p62QDO-9TN","jetpack_sharing_enabled":true,"amp_enabled":true,"_links":{"self":[{"href":"https:\/\/armstrongyregion.com.ar\/diario\/wp-json\/wp\/v2\/posts\/38055","targetHints":{"allow":["GET"]}}],"collection":[{"href":"https:\/\/armstrongyregion.com.ar\/diario\/wp-json\/wp\/v2\/posts"}],"about":[{"href":"https:\/\/armstrongyregion.com.ar\/diario\/wp-json\/wp\/v2\/types\/post"}],"author":[{"embeddable":true,"href":"https:\/\/armstrongyregion.com.ar\/diario\/wp-json\/wp\/v2\/users\/1"}],"replies":[{"embeddable":true,"href":"https:\/\/armstrongyregion.com.ar\/diario\/wp-json\/wp\/v2\/comments?post=38055"}],"version-history":[{"count":1,"href":"https:\/\/armstrongyregion.com.ar\/diario\/wp-json\/wp\/v2\/posts\/38055\/revisions"}],"predecessor-version":[{"id":38057,"href":"https:\/\/armstrongyregion.com.ar\/diario\/wp-json\/wp\/v2\/posts\/38055\/revisions\/38057"}],"wp:featuredmedia":[{"embeddable":true,"href":"https:\/\/armstrongyregion.com.ar\/diario\/wp-json\/wp\/v2\/media\/38056"}],"wp:attachment":[{"href":"https:\/\/armstrongyregion.com.ar\/diario\/wp-json\/wp\/v2\/media?parent=38055"}],"wp:term":[{"taxonomy":"category","embeddable":true,"href":"https:\/\/armstrongyregion.com.ar\/diario\/wp-json\/wp\/v2\/categories?post=38055"},{"taxonomy":"post_tag","embeddable":true,"href":"https:\/\/armstrongyregion.com.ar\/diario\/wp-json\/wp\/v2\/tags?post=38055"}],"curies":[{"name":"wp","href":"https:\/\/api.w.org\/{rel}","templated":true}]}}