{"id":38043,"date":"2023-04-02T16:32:21","date_gmt":"2023-04-02T16:32:21","guid":{"rendered":"https:\/\/armstrongyregion.com.ar\/diario\/?p=38043"},"modified":"2023-04-02T16:32:23","modified_gmt":"2023-04-02T16:32:23","slug":"como-duele-malvinas-por-ruben-eduardo-kelo-moreno","status":"publish","type":"post","link":"https:\/\/armstrongyregion.com.ar\/diario\/como-duele-malvinas-por-ruben-eduardo-kelo-moreno\/","title":{"rendered":"Como duele Malvinas. Por Ruben Eduardo Kelo Moreno."},"content":{"rendered":"\n<figure class=\"wp-block-image size-full\"><a href=\"http:\/\/armstrongyregion.com.ar\/diario\/wp-content\/uploads\/2023\/04\/Malvinas-2-4-23-.jpg\"><img loading=\"lazy\" decoding=\"async\" width=\"720\" height=\"408\" src=\"http:\/\/armstrongyregion.com.ar\/diario\/wp-content\/uploads\/2023\/04\/Malvinas-2-4-23-.jpg\" alt=\"\" class=\"wp-image-38044\" srcset=\"https:\/\/armstrongyregion.com.ar\/diario\/wp-content\/uploads\/2023\/04\/Malvinas-2-4-23-.jpg 720w, https:\/\/armstrongyregion.com.ar\/diario\/wp-content\/uploads\/2023\/04\/Malvinas-2-4-23--300x170.jpg 300w\" sizes=\"auto, (max-width: 720px) 100vw, 720px\" \/><\/a><\/figure>\n\n\n\n<p>Ense\u00f1emos a los chicos que esto no fue guerra. Fue un hecho en el que un pa\u00eds usurpador mat\u00f3 chicos de 18 a\u00f1os que fueron mandados por unos asesinos que tomaron el pa\u00eds de forma antidemocr\u00e1tica cargada de una violencia que nunca olvidaremos.<\/p>\n\n\n\n<p>Persiguieron, desaparecieron y mataron a sus compatriotas. Los soldados no fueron h\u00e9roes sino que fueron v\u00edctimas. No fueron, los llevaron; maltrataron, hambrearon, torturaron, abandonaron y&nbsp; asesinaron. Dejando en sus familias ese dolor que solo ellos sienten y que los acompa\u00f1ar\u00e1 por el resto de sus vidas.<\/p>\n\n\n\n<p>&nbsp;Los que volvieron fueron invisibles a los ojos de la mayor\u00eda que meses antes vitoreaban a un borracho y gritaban como si fueran goles las noticias del canal oficial como, por ejemplo, diciendo que est\u00e1bamos ganando Malvinas.<\/p>\n\n\n\n<p>&nbsp;Es un d\u00eda de memoria en el que recordemos a esos ni\u00f1os que los vistieron de soldados como si una guerra fuese un juego igual que cuando \u00e9ramos chicos y jug\u00e1bamos a los soldaditos<\/p>\n\n\n\n<p>Cuando llega este d\u00eda siento un profundo dolor. El mismo que sent\u00ed ese d\u00eda que llen\u00f3 de tristeza mi coraz\u00f3n.<\/p>\n\n\n\n<p>&nbsp;El contexto pol\u00edtico de ese tiempo est\u00e1 en muchos documentos en peri\u00f3dicos o libros en donde se contaran historias parciales desde muchos puntos de vista. La historia se mira en el tiempo donde aparece la filosof\u00eda m\u00e1s l\u00f3gica a la realidad; la locura colectiva agitada desde unos mes\u00edas de la \u00e9poca y toda lo que se construy\u00f3 con Malvinas.<\/p>\n\n\n\n<p>No vale la vida de un pobre pibe que muere inocentemente en ese gran absurdo que fue una guerra organizada por poderes que nada ten\u00edan que ver con una bandera o patria. La patria seguir\u00e1 siendo siempre el otro y no los poderosos que siguen recicl\u00e1ndose solo para da\u00f1ar al otro con su cultura de ambiciones desmedida que tanto nos siguen da\u00f1ando, quiero en este d\u00eda como cada d\u00eda del a\u00f1o abrazar a todas esas madres y familiares para compartir con ellos ese profundo dolor que mientras haya vida seguir\u00e1 presente.&nbsp; .<\/p>\n\n\n\n<p>\u201cUn error no se convierte en verdad por el hecho de que todo el mundo crea en \u00e9l\u201d. Mahatma Gandhi \u2014<\/p>\n\n\n\n<p>*El dibujo llamado \u201c\u00c9l estaba ah\u00ed\u201d es de Jos\u00e9 Garay&nbsp; un dibujante y artista pl\u00e1stico de Entre R\u00edos, realiz\u00f3 un conmovedor dibujo sobre Malvinas. En \u00e9l, retrata la historia de Emilia Fern\u00e1ndez, quien se reencontr\u00f3 con la tumba de su hijo Luis Fern\u00e1ndez 35 a\u00f1os despu\u00e9s de la guerra de Malvinas. Es que su hijo fue uno de los&nbsp; ca\u00eddos enterrado como \u00absoldado s\u00f3lo conocido por Dios\u00bb<\/p>\n\n\n\n<p>Ruben Eduardo Kelo Moreno.<\/p>\n","protected":false},"excerpt":{"rendered":"<p>Ense\u00f1emos a los chicos que esto no fue guerra. Fue un hecho en el que un pa\u00eds usurpador mat\u00f3 chicos de 18 a\u00f1os que fueron mandados por unos asesinos que tomaron el pa\u00eds de forma antidemocr\u00e1tica cargada de una violencia que nunca olvidaremos. Persiguieron, desaparecieron y mataron a sus compatriotas. Los soldados no fueron h\u00e9roes <a href=\"https:\/\/armstrongyregion.com.ar\/diario\/como-duele-malvinas-por-ruben-eduardo-kelo-moreno\/\" title=\"Read more\" >&#8230;<\/a><\/p>\n","protected":false},"author":1,"featured_media":38044,"comment_status":"open","ping_status":"open","sticky":false,"template":"","format":"image","meta":{"_jetpack_memberships_contains_paid_content":false,"footnotes":"","jetpack_publicize_message":"","jetpack_publicize_feature_enabled":true,"jetpack_social_post_already_shared":true,"jetpack_social_options":{"image_generator_settings":{"template":"highway","default_image_id":0,"enabled":false},"version":2}},"categories":[6,8,1,2,7,3],"tags":[572,4036,9140,9136],"class_list":["post-38043","post","type-post","status-publish","format-image","has-post-thumbnail","hentry","category-cultura-entretenimiento","category-deliberando","category-diario-armstrong","category-locales","category-politica","category-region","tag-como","tag-duele","tag-mallvina","tag-malvinas-2","post_format-post-format-image"],"jetpack_publicize_connections":[],"jetpack_featured_media_url":"https:\/\/armstrongyregion.com.ar\/diario\/wp-content\/uploads\/2023\/04\/Malvinas-2-4-23-.jpg","jetpack_shortlink":"https:\/\/wp.me\/p62QDO-9TB","jetpack_sharing_enabled":true,"amp_enabled":true,"_links":{"self":[{"href":"https:\/\/armstrongyregion.com.ar\/diario\/wp-json\/wp\/v2\/posts\/38043","targetHints":{"allow":["GET"]}}],"collection":[{"href":"https:\/\/armstrongyregion.com.ar\/diario\/wp-json\/wp\/v2\/posts"}],"about":[{"href":"https:\/\/armstrongyregion.com.ar\/diario\/wp-json\/wp\/v2\/types\/post"}],"author":[{"embeddable":true,"href":"https:\/\/armstrongyregion.com.ar\/diario\/wp-json\/wp\/v2\/users\/1"}],"replies":[{"embeddable":true,"href":"https:\/\/armstrongyregion.com.ar\/diario\/wp-json\/wp\/v2\/comments?post=38043"}],"version-history":[{"count":1,"href":"https:\/\/armstrongyregion.com.ar\/diario\/wp-json\/wp\/v2\/posts\/38043\/revisions"}],"predecessor-version":[{"id":38045,"href":"https:\/\/armstrongyregion.com.ar\/diario\/wp-json\/wp\/v2\/posts\/38043\/revisions\/38045"}],"wp:featuredmedia":[{"embeddable":true,"href":"https:\/\/armstrongyregion.com.ar\/diario\/wp-json\/wp\/v2\/media\/38044"}],"wp:attachment":[{"href":"https:\/\/armstrongyregion.com.ar\/diario\/wp-json\/wp\/v2\/media?parent=38043"}],"wp:term":[{"taxonomy":"category","embeddable":true,"href":"https:\/\/armstrongyregion.com.ar\/diario\/wp-json\/wp\/v2\/categories?post=38043"},{"taxonomy":"post_tag","embeddable":true,"href":"https:\/\/armstrongyregion.com.ar\/diario\/wp-json\/wp\/v2\/tags?post=38043"}],"curies":[{"name":"wp","href":"https:\/\/api.w.org\/{rel}","templated":true}]}}