{"id":38032,"date":"2023-03-30T22:28:36","date_gmt":"2023-03-30T22:28:36","guid":{"rendered":"https:\/\/armstrongyregion.com.ar\/diario\/?p=38032"},"modified":"2023-03-30T22:28:38","modified_gmt":"2023-03-30T22:28:38","slug":"dia-del-veterano-y-de-los-caidos-en-la-guerra-de-malvinas","status":"publish","type":"post","link":"https:\/\/armstrongyregion.com.ar\/diario\/dia-del-veterano-y-de-los-caidos-en-la-guerra-de-malvinas\/","title":{"rendered":"D\u00eda del Veterano y de los Ca\u00eddos en la Guerra de Malvinas."},"content":{"rendered":"\n<figure class=\"wp-block-image size-full\"><a href=\"http:\/\/armstrongyregion.com.ar\/diario\/wp-content\/uploads\/2023\/03\/2_de_abril.jpg\"><img loading=\"lazy\" decoding=\"async\" width=\"400\" height=\"400\" src=\"http:\/\/armstrongyregion.com.ar\/diario\/wp-content\/uploads\/2023\/03\/2_de_abril.jpg\" alt=\"\" class=\"wp-image-38033\" srcset=\"https:\/\/armstrongyregion.com.ar\/diario\/wp-content\/uploads\/2023\/03\/2_de_abril.jpg 400w, https:\/\/armstrongyregion.com.ar\/diario\/wp-content\/uploads\/2023\/03\/2_de_abril-300x300.jpg 300w, https:\/\/armstrongyregion.com.ar\/diario\/wp-content\/uploads\/2023\/03\/2_de_abril-150x150.jpg 150w\" sizes=\"auto, (max-width: 400px) 100vw, 400px\" \/><\/a><\/figure>\n\n\n\n<p>La Municipalidad de Armstrong invita a participar del acto homenaje por el D\u00eda del Veterano y de los Ca\u00eddos en la Guerra de Malvinas que se realizar\u00e1 el domingo 2 abril a partir de las 18 hs. en la Plaza Claudio Giaretti.<\/p>\n\n\n\n<p>El Conservatorio Municipal de M\u00fasica abrir\u00e1 la tarde con la presentaci\u00f3n de la Banda Infanto Juvenil y el Ensamble de Vientos.&nbsp;<\/p>\n\n\n\n<p>A las 18:30 hs. se realizar\u00e1 el acto oficial con la presencia de autoridades, veteranos de guerra,&nbsp; familiares de nuestro H\u00e9roe Nacional y Gustavo Borgatello con su m\u00fasica. A continuaci\u00f3n se podr\u00e1 disfrutar de Relax, banda tributo a Virus.<\/p>\n","protected":false},"excerpt":{"rendered":"<p>La Municipalidad de Armstrong invita a participar del acto homenaje por el D\u00eda del Veterano y de los Ca\u00eddos en la Guerra de Malvinas que se realizar\u00e1 el domingo 2 abril a partir de las 18 hs. en la Plaza Claudio Giaretti. El Conservatorio Municipal de M\u00fasica abrir\u00e1 la tarde con la presentaci\u00f3n de la <a href=\"https:\/\/armstrongyregion.com.ar\/diario\/dia-del-veterano-y-de-los-caidos-en-la-guerra-de-malvinas\/\" title=\"Read more\" >&#8230;<\/a><\/p>\n","protected":false},"author":1,"featured_media":38033,"comment_status":"open","ping_status":"open","sticky":false,"template":"","format":"image","meta":{"_jetpack_memberships_contains_paid_content":false,"footnotes":"","jetpack_publicize_message":"","jetpack_publicize_feature_enabled":true,"jetpack_social_post_already_shared":true,"jetpack_social_options":{"image_generator_settings":{"template":"highway","default_image_id":0,"enabled":false},"version":2}},"categories":[6,8,1,2852,7,3],"tags":[1328,19,53,793,9135,31,42,9136,1327,13],"class_list":["post-38032","post","type-post","status-publish","format-image","has-post-thumbnail","hentry","category-cultura-entretenimiento","category-deliberando","category-diario-armstrong","category-policiales","category-politica","category-region","tag-caidos","tag-de","tag-del","tag-dia","tag-guerra","tag-la","tag-los","tag-malvinas-2","tag-veterano","tag-y","post_format-post-format-image"],"jetpack_publicize_connections":[],"jetpack_featured_media_url":"https:\/\/armstrongyregion.com.ar\/diario\/wp-content\/uploads\/2023\/03\/2_de_abril.jpg","jetpack_shortlink":"https:\/\/wp.me\/p62QDO-9Tq","jetpack_sharing_enabled":true,"amp_enabled":true,"_links":{"self":[{"href":"https:\/\/armstrongyregion.com.ar\/diario\/wp-json\/wp\/v2\/posts\/38032","targetHints":{"allow":["GET"]}}],"collection":[{"href":"https:\/\/armstrongyregion.com.ar\/diario\/wp-json\/wp\/v2\/posts"}],"about":[{"href":"https:\/\/armstrongyregion.com.ar\/diario\/wp-json\/wp\/v2\/types\/post"}],"author":[{"embeddable":true,"href":"https:\/\/armstrongyregion.com.ar\/diario\/wp-json\/wp\/v2\/users\/1"}],"replies":[{"embeddable":true,"href":"https:\/\/armstrongyregion.com.ar\/diario\/wp-json\/wp\/v2\/comments?post=38032"}],"version-history":[{"count":1,"href":"https:\/\/armstrongyregion.com.ar\/diario\/wp-json\/wp\/v2\/posts\/38032\/revisions"}],"predecessor-version":[{"id":38034,"href":"https:\/\/armstrongyregion.com.ar\/diario\/wp-json\/wp\/v2\/posts\/38032\/revisions\/38034"}],"wp:featuredmedia":[{"embeddable":true,"href":"https:\/\/armstrongyregion.com.ar\/diario\/wp-json\/wp\/v2\/media\/38033"}],"wp:attachment":[{"href":"https:\/\/armstrongyregion.com.ar\/diario\/wp-json\/wp\/v2\/media?parent=38032"}],"wp:term":[{"taxonomy":"category","embeddable":true,"href":"https:\/\/armstrongyregion.com.ar\/diario\/wp-json\/wp\/v2\/categories?post=38032"},{"taxonomy":"post_tag","embeddable":true,"href":"https:\/\/armstrongyregion.com.ar\/diario\/wp-json\/wp\/v2\/tags?post=38032"}],"curies":[{"name":"wp","href":"https:\/\/api.w.org\/{rel}","templated":true}]}}