{"id":3803,"date":"2015-08-28T03:15:46","date_gmt":"2015-08-28T03:15:46","guid":{"rendered":"https:\/\/armstrongyregion.com.ar\/diario\/?p=3803"},"modified":"2015-08-28T03:15:46","modified_gmt":"2015-08-28T03:15:46","slug":"comenzaron-desde-armstrong-hacia-el-sur-los-trabajos-de-re-asfaltado-en-la-ruta-pcial-n-15","status":"publish","type":"post","link":"https:\/\/armstrongyregion.com.ar\/diario\/comenzaron-desde-armstrong-hacia-el-sur-los-trabajos-de-re-asfaltado-en-la-ruta-pcial-n-15\/","title":{"rendered":"Comenzaron desde Armstrong hacia el sur los trabajos de re asfaltado en la Ruta Pcial. N\u00b0 15."},"content":{"rendered":"<p><a href=\"http:\/\/armstrongyregion.com.ar\/diario\/wp-content\/uploads\/2015\/08\/IMG-20150827-WA0019.jpg\"><img loading=\"lazy\" decoding=\"async\" class=\"alignnone size-medium wp-image-3804\" src=\"http:\/\/armstrongyregion.com.ar\/diario\/wp-content\/uploads\/2015\/08\/IMG-20150827-WA0019-300x169.jpg\" alt=\"asfaltoruta15-\" width=\"300\" height=\"169\" srcset=\"https:\/\/armstrongyregion.com.ar\/diario\/wp-content\/uploads\/2015\/08\/IMG-20150827-WA0019-300x169.jpg 300w, https:\/\/armstrongyregion.com.ar\/diario\/wp-content\/uploads\/2015\/08\/IMG-20150827-WA0019-1024x575.jpg 1024w, https:\/\/armstrongyregion.com.ar\/diario\/wp-content\/uploads\/2015\/08\/IMG-20150827-WA0019.jpg 1296w\" sizes=\"auto, (max-width: 300px) 100vw, 300px\" \/><\/a>En la ma\u00f1ana de \u00e9ste jueves, maquinaria pesada estaba realizando tareas en la Zona del \u00e1rea Industrial de Armstrong. Se recomienda circular con precauci\u00f3n por ese sector de la carpeta asf\u00e1ltica.<\/p>\n<p>Informe, Jorge Tagina.<\/p>\n","protected":false},"excerpt":{"rendered":"<p>En la ma\u00f1ana de \u00e9ste jueves, maquinaria pesada estaba realizando tareas en la Zona del \u00e1rea Industrial de Armstrong. Se recomienda circular con precauci\u00f3n por ese sector de la carpeta asf\u00e1ltica. Informe, Jorge Tagina.<\/p>\n","protected":false},"author":2,"featured_media":3804,"comment_status":"open","ping_status":"open","sticky":false,"template":"","format":"standard","meta":{"_jetpack_memberships_contains_paid_content":false,"footnotes":"","jetpack_publicize_message":"","jetpack_publicize_feature_enabled":true,"jetpack_social_post_already_shared":false,"jetpack_social_options":{"image_generator_settings":{"template":"highway","default_image_id":0,"enabled":false},"version":2}},"categories":[1,2,7],"tags":[1158,20,2630,701,19,2105,16,15,1534,31,42,1123,2631,2629,484,954,422],"class_list":["post-3803","post","type-post","status-publish","format-standard","has-post-thumbnail","hentry","category-diario-armstrong","category-locales","category-politica","tag-1158","tag-armstrong","tag-asfaltado","tag-comenzaron","tag-de","tag-desde","tag-el","tag-en","tag-hacia","tag-la","tag-los","tag-n","tag-pcial","tag-re","tag-ruta","tag-sur","tag-trabajos"],"jetpack_publicize_connections":[],"jetpack_featured_media_url":"https:\/\/armstrongyregion.com.ar\/diario\/wp-content\/uploads\/2015\/08\/IMG-20150827-WA0019.jpg","jetpack_shortlink":"https:\/\/wp.me\/p62QDO-Zl","jetpack_sharing_enabled":true,"amp_enabled":true,"_links":{"self":[{"href":"https:\/\/armstrongyregion.com.ar\/diario\/wp-json\/wp\/v2\/posts\/3803","targetHints":{"allow":["GET"]}}],"collection":[{"href":"https:\/\/armstrongyregion.com.ar\/diario\/wp-json\/wp\/v2\/posts"}],"about":[{"href":"https:\/\/armstrongyregion.com.ar\/diario\/wp-json\/wp\/v2\/types\/post"}],"author":[{"embeddable":true,"href":"https:\/\/armstrongyregion.com.ar\/diario\/wp-json\/wp\/v2\/users\/2"}],"replies":[{"embeddable":true,"href":"https:\/\/armstrongyregion.com.ar\/diario\/wp-json\/wp\/v2\/comments?post=3803"}],"version-history":[{"count":0,"href":"https:\/\/armstrongyregion.com.ar\/diario\/wp-json\/wp\/v2\/posts\/3803\/revisions"}],"wp:featuredmedia":[{"embeddable":true,"href":"https:\/\/armstrongyregion.com.ar\/diario\/wp-json\/wp\/v2\/media\/3804"}],"wp:attachment":[{"href":"https:\/\/armstrongyregion.com.ar\/diario\/wp-json\/wp\/v2\/media?parent=3803"}],"wp:term":[{"taxonomy":"category","embeddable":true,"href":"https:\/\/armstrongyregion.com.ar\/diario\/wp-json\/wp\/v2\/categories?post=3803"},{"taxonomy":"post_tag","embeddable":true,"href":"https:\/\/armstrongyregion.com.ar\/diario\/wp-json\/wp\/v2\/tags?post=3803"}],"curies":[{"name":"wp","href":"https:\/\/api.w.org\/{rel}","templated":true}]}}