{"id":38028,"date":"2023-03-30T22:21:05","date_gmt":"2023-03-30T22:21:05","guid":{"rendered":"https:\/\/armstrongyregion.com.ar\/diario\/?p=38028"},"modified":"2023-03-30T22:21:07","modified_gmt":"2023-03-30T22:21:07","slug":"la-provincia-entrego-creditos-a-productores-del-departamento-iriondo-afectados-por-la-sequia","status":"publish","type":"post","link":"https:\/\/armstrongyregion.com.ar\/diario\/la-provincia-entrego-creditos-a-productores-del-departamento-iriondo-afectados-por-la-sequia\/","title":{"rendered":"La provincia entreg\u00f3 cr\u00e9ditos a productores del departamento Iriondo afectados por la sequ\u00eda."},"content":{"rendered":"\n<figure class=\"wp-block-image size-full\"><a href=\"http:\/\/armstrongyregion.com.ar\/diario\/wp-content\/uploads\/2023\/03\/clerici-productores-30-3-23-.jpg\"><img loading=\"lazy\" decoding=\"async\" width=\"562\" height=\"375\" src=\"http:\/\/armstrongyregion.com.ar\/diario\/wp-content\/uploads\/2023\/03\/clerici-productores-30-3-23-.jpg\" alt=\"\" class=\"wp-image-38029\" srcset=\"https:\/\/armstrongyregion.com.ar\/diario\/wp-content\/uploads\/2023\/03\/clerici-productores-30-3-23-.jpg 562w, https:\/\/armstrongyregion.com.ar\/diario\/wp-content\/uploads\/2023\/03\/clerici-productores-30-3-23--300x200.jpg 300w\" sizes=\"auto, (max-width: 562px) 100vw, 562px\" \/><\/a><\/figure>\n\n\n\n<h2 class=\"wp-block-heading\">En el marco de la Emergencia Agropecuaria, 79 productores recibieron m\u00e1s de 30 millones de pesos.<\/h2>\n\n\n\n<p>En el marco de la Emergencia Agropecuaria, el ministro de Producci\u00f3n, Ciencia y Tecnolog\u00eda, Daniel Costamagna, entreg\u00f3, en Ca\u00f1ada de G\u00f3mez, cr\u00e9ditos a 79 productores del departamento Iriondo afectados por la sequ\u00eda. Se trata de cr\u00e9ditos a tasa cero, de hasta 400.000 pesos por productor, con un plazo total de reintegro de 12 meses y hasta 12 meses de gracia.<\/p>\n\n\n\n<p>El financiamiento proviene de un fondo rotatorio generado a partir de un aporte no reintegrable de $32.864.000 que el gobierno provincial realiz\u00f3 a la Fundaci\u00f3n para el Desarrollo de Ca\u00f1ada de G\u00f3mez (Fudeca). A partir de dicho fondo se puede brindar asistencia financiera a peque\u00f1os y medianos productores agr\u00edcolas, ganaderos y mixtos afectados por el fen\u00f3meno clim\u00e1tico.<\/p>\n\n\n\n<p>Los fondos recibidos por los productores ser\u00e1n destinados a la adquisici\u00f3n de insumos y servicios vinculados a la siembra\/resiembra de cultivos afectados, semillas de ma\u00edz, soja, verdeos, pasturas, combustible, fertilizantes, productos de protecci\u00f3n vegetal, silobolsas, bobinas de hilo para rotoenfardadoras, alambre de fardo, pago de fletes para provisi\u00f3n de agua y traslado de animales, limpieza de represas o mejoras en el aprovisionamiento de agua, compra de alimentos (forrajes, conservados o concentradas), entre otros.<\/p>\n\n\n\n<p>En la oportunidad, Costamagna se\u00f1al\u00f3 que \u201ccontinuamos trabajando para acompa\u00f1ar a los productores afectados por la sequ\u00eda, porque estamos ante una situaci\u00f3n extraordinaria que requiere una labor articulada con todos los actores de la cadena de valor. Por eso trabajamos codo a codo con las entidades de productores, las autoridades locales y las agencias y asociaciones para la ejecuci\u00f3n de la asistencia, y as\u00ed dar respuestas a los problemas que atraviesa el productor en su d\u00eda a d\u00eda como consecuencia de esta situaci\u00f3n\u00bb.<\/p>\n\n\n\n<p>Por su parte, el secretario de Desarrollo Territorial y Arraigo, Fabricio Medina, indic\u00f3 que \u201cesto es el fruto de la decisi\u00f3n del trabajo articulado que nace de la voluntad pol\u00edtica de que las asociaciones y agencias para el desarrollo est\u00e9n cerca del que produce, trabaja e invierte. En esta oportunidad Fudeca, que es una instituci\u00f3n de alcance regional y con una fuerte articulaci\u00f3n p\u00fablico &#8211; privado a nivel local y regional, es el instrumento por el cual llegamos a cada productor\u00bb.<\/p>\n\n\n\n<p>\u00abEs fundamental que desde la gesti\u00f3n podamos brindar la asistencia necesaria para contrarrestar esta dif\u00edcil situaci\u00f3n, acompa\u00f1ando a los productores y trabajando de manera articulada con instituciones del sector agropecuario, los municipios y comunas para lograr llegar a cada uno de los afectados\u201d, concluy\u00f3 el funcionario.<\/p>\n\n\n\n<p>Adem\u00e1s de las autoridades mencionadas, participaron del acto la intendenta de Ca\u00f1ada de G\u00f3mez, Stella Cl\u00e9rici; y la presidenta de Fudeca, Natalia Ottaviani.<\/p>\n","protected":false},"excerpt":{"rendered":"<p>En el marco de la Emergencia Agropecuaria, 79 productores recibieron m\u00e1s de 30 millones de pesos. En el marco de la Emergencia Agropecuaria, el ministro de Producci\u00f3n, Ciencia y Tecnolog\u00eda, Daniel Costamagna, entreg\u00f3, en Ca\u00f1ada de G\u00f3mez, cr\u00e9ditos a 79 productores del departamento Iriondo afectados por la sequ\u00eda. Se trata de cr\u00e9ditos a tasa cero, <a href=\"https:\/\/armstrongyregion.com.ar\/diario\/la-provincia-entrego-creditos-a-productores-del-departamento-iriondo-afectados-por-la-sequia\/\" title=\"Read more\" >&#8230;<\/a><\/p>\n","protected":false},"author":1,"featured_media":38029,"comment_status":"open","ping_status":"open","sticky":false,"template":"","format":"image","meta":{"_jetpack_memberships_contains_paid_content":false,"footnotes":"","jetpack_publicize_message":"","jetpack_publicize_feature_enabled":true,"jetpack_social_post_already_shared":true,"jetpack_social_options":{"image_generator_settings":{"template":"highway","default_image_id":0,"enabled":false},"version":2}},"categories":[8,1,2,7,3],"tags":[33,1916,53,872,8605,31,536,8834],"class_list":["post-38028","post","type-post","status-publish","format-image","has-post-thumbnail","hentry","category-deliberando","category-diario-armstrong","category-locales","category-politica","category-region","tag-a","tag-creditos","tag-del","tag-departamento","tag-iriondo-2","tag-la","tag-productores","tag-sequia","post_format-post-format-image"],"jetpack_publicize_connections":[],"jetpack_featured_media_url":"https:\/\/armstrongyregion.com.ar\/diario\/wp-content\/uploads\/2023\/03\/clerici-productores-30-3-23-.jpg","jetpack_shortlink":"https:\/\/wp.me\/p62QDO-9Tm","jetpack_sharing_enabled":true,"amp_enabled":true,"_links":{"self":[{"href":"https:\/\/armstrongyregion.com.ar\/diario\/wp-json\/wp\/v2\/posts\/38028","targetHints":{"allow":["GET"]}}],"collection":[{"href":"https:\/\/armstrongyregion.com.ar\/diario\/wp-json\/wp\/v2\/posts"}],"about":[{"href":"https:\/\/armstrongyregion.com.ar\/diario\/wp-json\/wp\/v2\/types\/post"}],"author":[{"embeddable":true,"href":"https:\/\/armstrongyregion.com.ar\/diario\/wp-json\/wp\/v2\/users\/1"}],"replies":[{"embeddable":true,"href":"https:\/\/armstrongyregion.com.ar\/diario\/wp-json\/wp\/v2\/comments?post=38028"}],"version-history":[{"count":1,"href":"https:\/\/armstrongyregion.com.ar\/diario\/wp-json\/wp\/v2\/posts\/38028\/revisions"}],"predecessor-version":[{"id":38030,"href":"https:\/\/armstrongyregion.com.ar\/diario\/wp-json\/wp\/v2\/posts\/38028\/revisions\/38030"}],"wp:featuredmedia":[{"embeddable":true,"href":"https:\/\/armstrongyregion.com.ar\/diario\/wp-json\/wp\/v2\/media\/38029"}],"wp:attachment":[{"href":"https:\/\/armstrongyregion.com.ar\/diario\/wp-json\/wp\/v2\/media?parent=38028"}],"wp:term":[{"taxonomy":"category","embeddable":true,"href":"https:\/\/armstrongyregion.com.ar\/diario\/wp-json\/wp\/v2\/categories?post=38028"},{"taxonomy":"post_tag","embeddable":true,"href":"https:\/\/armstrongyregion.com.ar\/diario\/wp-json\/wp\/v2\/tags?post=38028"}],"curies":[{"name":"wp","href":"https:\/\/api.w.org\/{rel}","templated":true}]}}