{"id":38024,"date":"2023-03-30T22:10:02","date_gmt":"2023-03-30T22:10:02","guid":{"rendered":"https:\/\/armstrongyregion.com.ar\/diario\/?p=38024"},"modified":"2023-03-30T22:10:05","modified_gmt":"2023-03-30T22:10:05","slug":"trabajos-de-vialidad-nacional-en-rn-178","status":"publish","type":"post","link":"https:\/\/armstrongyregion.com.ar\/diario\/trabajos-de-vialidad-nacional-en-rn-178\/","title":{"rendered":"Trabajos de vialidad nacional en RN 178."},"content":{"rendered":"\n<figure class=\"wp-block-image size-full\"><a href=\"http:\/\/armstrongyregion.com.ar\/diario\/wp-content\/uploads\/2023\/03\/RN-178-TRABAJOS-DE-BACHEO-Y-CONSERVACION-30-3-23-3.jpg\"><img loading=\"lazy\" decoding=\"async\" width=\"479\" height=\"332\" src=\"http:\/\/armstrongyregion.com.ar\/diario\/wp-content\/uploads\/2023\/03\/RN-178-TRABAJOS-DE-BACHEO-Y-CONSERVACION-30-3-23-3.jpg\" alt=\"\" class=\"wp-image-38025\" srcset=\"https:\/\/armstrongyregion.com.ar\/diario\/wp-content\/uploads\/2023\/03\/RN-178-TRABAJOS-DE-BACHEO-Y-CONSERVACION-30-3-23-3.jpg 479w, https:\/\/armstrongyregion.com.ar\/diario\/wp-content\/uploads\/2023\/03\/RN-178-TRABAJOS-DE-BACHEO-Y-CONSERVACION-30-3-23-3-300x208.jpg 300w\" sizes=\"auto, (max-width: 479px) 100vw, 479px\" \/><\/a><\/figure>\n\n\n\n<p>Vialidad Nacional desarrolla esta semana intervenciones de conservaci\u00f3n en la Ruta Nacional N\u00ba 178. Las tareas se ejecutan con personal y equipamiento del 7\u00ba Distrito Santa Fe en el tramo comprendido entre Armstrong y el l\u00edmite con Buenos Aires. Puntualmente, esta ma\u00f1ana se realizaba el recambio de luminarias LED en el acceso de RN 178 a Villa Elo\u00edsa, mientras que otro frente de trabajo avanzaba con obras de bacheo entre la mencionada localidad y el cruce con la Autopista Rosario-C\u00f3rdoba (RN 9). Paralelamente, otra cuadrilla de trabajadores viales proced\u00eda al recalce de banquinas en la rotonda de RN 178 en cercan\u00edas de Alcorta.<\/p>\n\n\n\n<figure class=\"wp-block-image size-full\"><a href=\"http:\/\/armstrongyregion.com.ar\/diario\/wp-content\/uploads\/2023\/03\/RN-178-TRABAJOS-DE-BACHEO-Y-CONSERVACION-30-3-23-4.jpg\"><img loading=\"lazy\" decoding=\"async\" width=\"477\" height=\"567\" src=\"http:\/\/armstrongyregion.com.ar\/diario\/wp-content\/uploads\/2023\/03\/RN-178-TRABAJOS-DE-BACHEO-Y-CONSERVACION-30-3-23-4.jpg\" alt=\"\" class=\"wp-image-38026\" srcset=\"https:\/\/armstrongyregion.com.ar\/diario\/wp-content\/uploads\/2023\/03\/RN-178-TRABAJOS-DE-BACHEO-Y-CONSERVACION-30-3-23-4.jpg 477w, https:\/\/armstrongyregion.com.ar\/diario\/wp-content\/uploads\/2023\/03\/RN-178-TRABAJOS-DE-BACHEO-Y-CONSERVACION-30-3-23-4-252x300.jpg 252w\" sizes=\"auto, (max-width: 477px) 100vw, 477px\" \/><\/a><\/figure>\n\n\n\n<p>Las tareas de mejoramiento de la transitabilidad producen reducciones de carril, con paso alternado de a una mano por vez, coordinado por banderilleros, en los tramos con presencia de equipos y personal. Desde Vialidad Nacional se solicita los conductores acatar las indicaciones y extremar las precauciones al transitar por el lugar.<\/p>\n","protected":false},"excerpt":{"rendered":"<p>Vialidad Nacional desarrolla esta semana intervenciones de conservaci\u00f3n en la Ruta Nacional N\u00ba 178. Las tareas se ejecutan con personal y equipamiento del 7\u00ba Distrito Santa Fe en el tramo comprendido entre Armstrong y el l\u00edmite con Buenos Aires. Puntualmente, esta ma\u00f1ana se realizaba el recambio de luminarias LED en el acceso de RN 178 <a href=\"https:\/\/armstrongyregion.com.ar\/diario\/trabajos-de-vialidad-nacional-en-rn-178\/\" title=\"Read more\" >&#8230;<\/a><\/p>\n","protected":false},"author":1,"featured_media":38025,"comment_status":"open","ping_status":"open","sticky":false,"template":"","format":"image","meta":{"_jetpack_memberships_contains_paid_content":false,"footnotes":"","jetpack_publicize_message":"","jetpack_publicize_feature_enabled":true,"jetpack_social_post_already_shared":true,"jetpack_social_options":{"image_generator_settings":{"template":"highway","default_image_id":0,"enabled":false},"version":2}},"categories":[8,1,2,7,3],"tags":[19,15,621,9133,422,2267],"class_list":["post-38024","post","type-post","status-publish","format-image","has-post-thumbnail","hentry","category-deliberando","category-diario-armstrong","category-locales","category-politica","category-region","tag-de","tag-en","tag-nacional","tag-rn-178","tag-trabajos","tag-vialidad","post_format-post-format-image"],"jetpack_publicize_connections":[],"jetpack_featured_media_url":"https:\/\/armstrongyregion.com.ar\/diario\/wp-content\/uploads\/2023\/03\/RN-178-TRABAJOS-DE-BACHEO-Y-CONSERVACION-30-3-23-3.jpg","jetpack_shortlink":"https:\/\/wp.me\/p62QDO-9Ti","jetpack_sharing_enabled":true,"amp_enabled":true,"_links":{"self":[{"href":"https:\/\/armstrongyregion.com.ar\/diario\/wp-json\/wp\/v2\/posts\/38024","targetHints":{"allow":["GET"]}}],"collection":[{"href":"https:\/\/armstrongyregion.com.ar\/diario\/wp-json\/wp\/v2\/posts"}],"about":[{"href":"https:\/\/armstrongyregion.com.ar\/diario\/wp-json\/wp\/v2\/types\/post"}],"author":[{"embeddable":true,"href":"https:\/\/armstrongyregion.com.ar\/diario\/wp-json\/wp\/v2\/users\/1"}],"replies":[{"embeddable":true,"href":"https:\/\/armstrongyregion.com.ar\/diario\/wp-json\/wp\/v2\/comments?post=38024"}],"version-history":[{"count":1,"href":"https:\/\/armstrongyregion.com.ar\/diario\/wp-json\/wp\/v2\/posts\/38024\/revisions"}],"predecessor-version":[{"id":38027,"href":"https:\/\/armstrongyregion.com.ar\/diario\/wp-json\/wp\/v2\/posts\/38024\/revisions\/38027"}],"wp:featuredmedia":[{"embeddable":true,"href":"https:\/\/armstrongyregion.com.ar\/diario\/wp-json\/wp\/v2\/media\/38025"}],"wp:attachment":[{"href":"https:\/\/armstrongyregion.com.ar\/diario\/wp-json\/wp\/v2\/media?parent=38024"}],"wp:term":[{"taxonomy":"category","embeddable":true,"href":"https:\/\/armstrongyregion.com.ar\/diario\/wp-json\/wp\/v2\/categories?post=38024"},{"taxonomy":"post_tag","embeddable":true,"href":"https:\/\/armstrongyregion.com.ar\/diario\/wp-json\/wp\/v2\/tags?post=38024"}],"curies":[{"name":"wp","href":"https:\/\/api.w.org\/{rel}","templated":true}]}}