{"id":38001,"date":"2023-03-29T01:25:26","date_gmt":"2023-03-29T01:25:26","guid":{"rendered":"https:\/\/armstrongyregion.com.ar\/diario\/?p=38001"},"modified":"2023-03-29T01:25:28","modified_gmt":"2023-03-29T01:25:28","slug":"clerici-recibio-a-autoridades-del-conicet-en-el-acto-de-apertura-de-canada-tecnociencia","status":"publish","type":"post","link":"https:\/\/armstrongyregion.com.ar\/diario\/clerici-recibio-a-autoridades-del-conicet-en-el-acto-de-apertura-de-canada-tecnociencia\/","title":{"rendered":"Cl\u00e9rici recibi\u00f3 a autoridades del Conicet en el acto de apertura de Ca\u00f1ada Tecnociencia."},"content":{"rendered":"\n<figure class=\"wp-block-image size-full\"><a href=\"http:\/\/armstrongyregion.com.ar\/diario\/wp-content\/uploads\/2023\/03\/clerici-conicet-1-.jpg\"><img loading=\"lazy\" decoding=\"async\" width=\"400\" height=\"267\" src=\"http:\/\/armstrongyregion.com.ar\/diario\/wp-content\/uploads\/2023\/03\/clerici-conicet-1-.jpg\" alt=\"\" class=\"wp-image-38002\" srcset=\"https:\/\/armstrongyregion.com.ar\/diario\/wp-content\/uploads\/2023\/03\/clerici-conicet-1-.jpg 400w, https:\/\/armstrongyregion.com.ar\/diario\/wp-content\/uploads\/2023\/03\/clerici-conicet-1--300x200.jpg 300w\" sizes=\"auto, (max-width: 400px) 100vw, 400px\" \/><\/a><\/figure>\n\n\n\n<p>En la tarde de este lunes, la intendenta Stella Cl\u00e9rici recibi\u00f3 a la presidenta del Consejo Nacional de Investigaciones Cient\u00edficas y T\u00e9cnicas, Ana Franchi, y la directora de Conicet Rosario, Sandra Fern\u00e1ndez, para el acto apertura de Ca\u00f1ada Tecnociencia.<\/p>\n\n\n\n<figure class=\"wp-block-image size-full\"><a href=\"http:\/\/armstrongyregion.com.ar\/diario\/wp-content\/uploads\/2023\/03\/clerici-conicet-2-.jpg\"><img loading=\"lazy\" decoding=\"async\" width=\"400\" height=\"267\" src=\"http:\/\/armstrongyregion.com.ar\/diario\/wp-content\/uploads\/2023\/03\/clerici-conicet-2-.jpg\" alt=\"\" class=\"wp-image-38003\" srcset=\"https:\/\/armstrongyregion.com.ar\/diario\/wp-content\/uploads\/2023\/03\/clerici-conicet-2-.jpg 400w, https:\/\/armstrongyregion.com.ar\/diario\/wp-content\/uploads\/2023\/03\/clerici-conicet-2--300x200.jpg 300w\" sizes=\"auto, (max-width: 400px) 100vw, 400px\" \/><\/a><\/figure>\n\n\n\n<p>La muestra, declarada de inter\u00e9s municipal y educativo provincial, fue habilitada el pasado s\u00e1bado y durante el fin de semana fue visitada por m\u00e1s de mil personas, mientras que esta semana cuenta con la visita de escuelas de la ciudad y la regi\u00f3n y el pr\u00f3ximo fin de semana, el p\u00fablico puede volver a disfrutarla de 15 a 21 hs, compartiendo los talleres y m\u00f3dulos permanentes.<\/p>\n\n\n\n<p>Este evento se presenta como una muestra itinerante de gran magnitud para la promoci\u00f3n y defensa de la ciencia y tecnolog\u00eda en la ciudad, como las inherentes al Polo Tecnol\u00f3gico y el Centro de Prototipado local, ubicando a Ca\u00f1ada como un Polo de Desarrollo Educativo Regional.&nbsp;\u201cGracias por este trabajo conjunto. Hacer ciencia es una forma de igualar, una nueva oportunidad para despertar vocaciones cient\u00edficas\u201d, expres\u00f3 Cl\u00e9rici.&nbsp;<\/p>\n","protected":false},"excerpt":{"rendered":"<p>En la tarde de este lunes, la intendenta Stella Cl\u00e9rici recibi\u00f3 a la presidenta del Consejo Nacional de Investigaciones Cient\u00edficas y T\u00e9cnicas, Ana Franchi, y la directora de Conicet Rosario, Sandra Fern\u00e1ndez, para el acto apertura de Ca\u00f1ada Tecnociencia. La muestra, declarada de inter\u00e9s municipal y educativo provincial, fue habilitada el pasado s\u00e1bado y durante <a href=\"https:\/\/armstrongyregion.com.ar\/diario\/clerici-recibio-a-autoridades-del-conicet-en-el-acto-de-apertura-de-canada-tecnociencia\/\" title=\"Read more\" >&#8230;<\/a><\/p>\n","protected":false},"author":1,"featured_media":38002,"comment_status":"open","ping_status":"open","sticky":false,"template":"","format":"image","meta":{"_jetpack_memberships_contains_paid_content":false,"footnotes":"","jetpack_publicize_message":"","jetpack_publicize_feature_enabled":true,"jetpack_social_post_already_shared":true,"jetpack_social_options":{"image_generator_settings":{"template":"highway","default_image_id":0,"enabled":false},"version":2}},"categories":[6,8,1,7,3],"tags":[33,857,83,8680,53,496],"class_list":["post-38001","post","type-post","status-publish","format-image","has-post-thumbnail","hentry","category-cultura-entretenimiento","category-deliberando","category-diario-armstrong","category-politica","category-region","tag-a","tag-autoridades","tag-clerici","tag-conicet","tag-del","tag-recibio","post_format-post-format-image"],"jetpack_publicize_connections":[],"jetpack_featured_media_url":"https:\/\/armstrongyregion.com.ar\/diario\/wp-content\/uploads\/2023\/03\/clerici-conicet-1-.jpg","jetpack_shortlink":"https:\/\/wp.me\/p62QDO-9SV","jetpack_sharing_enabled":true,"amp_enabled":true,"_links":{"self":[{"href":"https:\/\/armstrongyregion.com.ar\/diario\/wp-json\/wp\/v2\/posts\/38001","targetHints":{"allow":["GET"]}}],"collection":[{"href":"https:\/\/armstrongyregion.com.ar\/diario\/wp-json\/wp\/v2\/posts"}],"about":[{"href":"https:\/\/armstrongyregion.com.ar\/diario\/wp-json\/wp\/v2\/types\/post"}],"author":[{"embeddable":true,"href":"https:\/\/armstrongyregion.com.ar\/diario\/wp-json\/wp\/v2\/users\/1"}],"replies":[{"embeddable":true,"href":"https:\/\/armstrongyregion.com.ar\/diario\/wp-json\/wp\/v2\/comments?post=38001"}],"version-history":[{"count":1,"href":"https:\/\/armstrongyregion.com.ar\/diario\/wp-json\/wp\/v2\/posts\/38001\/revisions"}],"predecessor-version":[{"id":38004,"href":"https:\/\/armstrongyregion.com.ar\/diario\/wp-json\/wp\/v2\/posts\/38001\/revisions\/38004"}],"wp:featuredmedia":[{"embeddable":true,"href":"https:\/\/armstrongyregion.com.ar\/diario\/wp-json\/wp\/v2\/media\/38002"}],"wp:attachment":[{"href":"https:\/\/armstrongyregion.com.ar\/diario\/wp-json\/wp\/v2\/media?parent=38001"}],"wp:term":[{"taxonomy":"category","embeddable":true,"href":"https:\/\/armstrongyregion.com.ar\/diario\/wp-json\/wp\/v2\/categories?post=38001"},{"taxonomy":"post_tag","embeddable":true,"href":"https:\/\/armstrongyregion.com.ar\/diario\/wp-json\/wp\/v2\/tags?post=38001"}],"curies":[{"name":"wp","href":"https:\/\/api.w.org\/{rel}","templated":true}]}}