{"id":37993,"date":"2023-03-29T00:49:35","date_gmt":"2023-03-29T00:49:35","guid":{"rendered":"https:\/\/armstrongyregion.com.ar\/diario\/?p=37993"},"modified":"2023-03-29T00:49:39","modified_gmt":"2023-03-29T00:49:39","slug":"armstrong-orden-del-dia-28-de-marzo-2023","status":"publish","type":"post","link":"https:\/\/armstrongyregion.com.ar\/diario\/armstrong-orden-del-dia-28-de-marzo-2023\/","title":{"rendered":"Armstrong. Orden del D\u00eda 28 de Marzo 2023."},"content":{"rendered":"\n<figure class=\"wp-block-image size-full\"><a href=\"http:\/\/armstrongyregion.com.ar\/diario\/wp-content\/uploads\/2021\/12\/concejo-extraord.27-12-21.jpg\"><img loading=\"lazy\" decoding=\"async\" width=\"504\" height=\"378\" src=\"http:\/\/armstrongyregion.com.ar\/diario\/wp-content\/uploads\/2021\/12\/concejo-extraord.27-12-21.jpg\" alt=\"\" class=\"wp-image-32743\" srcset=\"https:\/\/armstrongyregion.com.ar\/diario\/wp-content\/uploads\/2021\/12\/concejo-extraord.27-12-21.jpg 504w, https:\/\/armstrongyregion.com.ar\/diario\/wp-content\/uploads\/2021\/12\/concejo-extraord.27-12-21-300x225.jpg 300w\" sizes=\"auto, (max-width: 504px) 100vw, 504px\" \/><\/a><\/figure>\n\n\n\n<p>1- ACTAS ANTERIORES:<br>\uf0b7 ACTA SESI\u00d3N ORDINARIA N\u00ba 1110<br>2- MENSAJES DEL D.E.:<br>A- DIRECCI\u00d3N DE CULTURA Y DEPORTE: INVITACI\u00d3N AL ACTO POR EL D\u00cdA DE LOS<br>VETERANOS Y CA\u00cdDOS EN LA GUERRA DE MALVINAS.<br>B- PROYECTO DE ORDENANZA: DONACI\u00d3N DE UNA FRACCI\u00d3N DE TERRENO,<br>PROPIEDAD DE LOS SE\u00d1ORES SEBASTIAN, GERMAN Y EZEQUIEL ORLANDI.<br>3- CORRESPONDENCIA:<br>4- DICT\u00c1MENES DE COMISIONES:<br>5- PROYECTOS DE CONCEJALES:<br>A- BLOQUE DE FRENTE PROGRESISTA, C\u00cdVICO Y SOCIAL:<br>1- M.D.: HOMENAJE Y RECONOCIMIENTO AL EX PRESIDENTE DE LA NACI\u00d3N DR.<br>RA\u00daL ALFONS\u00cdN, POR LOS 14 A\u00d1OS DE SU DESAPARICI\u00d3N F\u00cdSICA.<br>B- BLOQUE DE RENOVACI\u00d3N POR ARMSTRONG:<br>2- M.C.: COLOCACI\u00d3N DE ALCANTARILLA EN ESQUINA DE CALLES BELL VILLE Y<br>SARMIENTO.<br>C- BLOQUE JUSTICIALISTA:<br>D- CONCEJO:<br>3- M.D.: D\u00cdA DE LOS VETERANOS Y CA\u00cdDOS EN LA GUERRA DE MALVINAS<br>INICIO A LAS 20:00 HORAS.<\/p>\n","protected":false},"excerpt":{"rendered":"<p>1- ACTAS ANTERIORES:\uf0b7 ACTA SESI\u00d3N ORDINARIA N\u00ba 11102- MENSAJES DEL D.E.:A- DIRECCI\u00d3N DE CULTURA Y DEPORTE: INVITACI\u00d3N AL ACTO POR EL D\u00cdA DE LOSVETERANOS Y CA\u00cdDOS EN LA GUERRA DE MALVINAS.B- PROYECTO DE ORDENANZA: DONACI\u00d3N DE UNA FRACCI\u00d3N DE TERRENO,PROPIEDAD DE LOS SE\u00d1ORES SEBASTIAN, GERMAN Y EZEQUIEL ORLANDI.3- CORRESPONDENCIA:4- DICT\u00c1MENES DE COMISIONES:5- PROYECTOS DE CONCEJALES:A- <a href=\"https:\/\/armstrongyregion.com.ar\/diario\/armstrong-orden-del-dia-28-de-marzo-2023\/\" title=\"Read more\" >&#8230;<\/a><\/p>\n","protected":false},"author":1,"featured_media":37781,"comment_status":"open","ping_status":"open","sticky":false,"template":"","format":"image","meta":{"_jetpack_memberships_contains_paid_content":false,"footnotes":"","jetpack_publicize_message":"","jetpack_publicize_feature_enabled":true,"jetpack_social_post_already_shared":true,"jetpack_social_options":{"image_generator_settings":{"template":"highway","default_image_id":0,"enabled":false},"version":2}},"categories":[8,1,2,7,3],"tags":[20,53,793,1570],"class_list":["post-37993","post","type-post","status-publish","format-image","has-post-thumbnail","hentry","category-deliberando","category-diario-armstrong","category-locales","category-politica","category-region","tag-armstrong","tag-del","tag-dia","tag-orden","post_format-post-format-image"],"jetpack_publicize_connections":[],"jetpack_featured_media_url":"https:\/\/armstrongyregion.com.ar\/diario\/wp-content\/uploads\/2023\/03\/Pablo-Apertura-concejo-A-1-.jpg","jetpack_shortlink":"https:\/\/wp.me\/p62QDO-9SN","jetpack_sharing_enabled":true,"amp_enabled":true,"_links":{"self":[{"href":"https:\/\/armstrongyregion.com.ar\/diario\/wp-json\/wp\/v2\/posts\/37993","targetHints":{"allow":["GET"]}}],"collection":[{"href":"https:\/\/armstrongyregion.com.ar\/diario\/wp-json\/wp\/v2\/posts"}],"about":[{"href":"https:\/\/armstrongyregion.com.ar\/diario\/wp-json\/wp\/v2\/types\/post"}],"author":[{"embeddable":true,"href":"https:\/\/armstrongyregion.com.ar\/diario\/wp-json\/wp\/v2\/users\/1"}],"replies":[{"embeddable":true,"href":"https:\/\/armstrongyregion.com.ar\/diario\/wp-json\/wp\/v2\/comments?post=37993"}],"version-history":[{"count":1,"href":"https:\/\/armstrongyregion.com.ar\/diario\/wp-json\/wp\/v2\/posts\/37993\/revisions"}],"predecessor-version":[{"id":37994,"href":"https:\/\/armstrongyregion.com.ar\/diario\/wp-json\/wp\/v2\/posts\/37993\/revisions\/37994"}],"wp:featuredmedia":[{"embeddable":true,"href":"https:\/\/armstrongyregion.com.ar\/diario\/wp-json\/wp\/v2\/media\/37781"}],"wp:attachment":[{"href":"https:\/\/armstrongyregion.com.ar\/diario\/wp-json\/wp\/v2\/media?parent=37993"}],"wp:term":[{"taxonomy":"category","embeddable":true,"href":"https:\/\/armstrongyregion.com.ar\/diario\/wp-json\/wp\/v2\/categories?post=37993"},{"taxonomy":"post_tag","embeddable":true,"href":"https:\/\/armstrongyregion.com.ar\/diario\/wp-json\/wp\/v2\/tags?post=37993"}],"curies":[{"name":"wp","href":"https:\/\/api.w.org\/{rel}","templated":true}]}}