{"id":37983,"date":"2023-03-28T01:00:16","date_gmt":"2023-03-28T01:00:16","guid":{"rendered":"https:\/\/armstrongyregion.com.ar\/diario\/?p=37983"},"modified":"2023-03-28T01:00:18","modified_gmt":"2023-03-28T01:00:18","slug":"la-intendenta-clerici-reconocio-a-mujeres-cientificas","status":"publish","type":"post","link":"https:\/\/armstrongyregion.com.ar\/diario\/la-intendenta-clerici-reconocio-a-mujeres-cientificas\/","title":{"rendered":"La intendenta Cl\u00e9rici reconoci\u00f3 a mujeres cient\u00edficas."},"content":{"rendered":"\n<figure class=\"wp-block-image size-full\"><a href=\"http:\/\/armstrongyregion.com.ar\/diario\/wp-content\/uploads\/2023\/03\/OM-cientificas-.jpg\"><img loading=\"lazy\" decoding=\"async\" width=\"381\" height=\"254\" src=\"http:\/\/armstrongyregion.com.ar\/diario\/wp-content\/uploads\/2023\/03\/OM-cientificas-.jpg\" alt=\"\" class=\"wp-image-37984\" srcset=\"https:\/\/armstrongyregion.com.ar\/diario\/wp-content\/uploads\/2023\/03\/OM-cientificas-.jpg 381w, https:\/\/armstrongyregion.com.ar\/diario\/wp-content\/uploads\/2023\/03\/OM-cientificas--300x200.jpg 300w\" sizes=\"auto, (max-width: 381px) 100vw, 381px\" \/><\/a><\/figure>\n\n\n\n<p>La gesti\u00f3n municipal de la intendenta Stella Cl\u00e9rici realiz\u00f3 en el marco de Ca\u00f1ada Tecnociencia y Marzo Mes de la Mujer, un emotivo reconocimiento a mujeres cient\u00edficas. La actividad cont\u00f3 con la presencia de la directora de Conicet Rosario Dra. Sandra Fern\u00e1ndez y la secretaria de Ciencia, Tecnolog\u00eda e Innovaci\u00f3n de Santa Fe, Marina Baima, quienes tambi\u00e9n fueron reconocidas.<\/p>\n\n\n\n<p>Las mujeres ca\u00f1adenses que recibieron el reconocimiento son: Lic. Ma. Bel\u00e9n Bernardi, Lic. Eliana Maiolino, Dra. Laura Pasquali, Dra. Mar\u00eda Victoria Busi, Lic. Paula Calace, Lic. Florencia Torresi, Lic. Marisol Giustozzi, Dra. Victoria Alonso, Dra. Carla Borini, Dra. Gabriela Breccia, Dra. Ma. Florencia S\u00e1nchez, Dra. Ver\u00f3nica Tessaro, Lic. Ver\u00f3nica Solis, Dra. Cecilia Castells y Lic. Luciana Paoletti<\/p>\n\n\n\n<p>\u201cEn el marco de Ca\u00f1ada Tecnociencia junto al Conicet y el cierre de marzo, Mes de la Mujer, reconocimos a mujeres cient\u00edficas de nuestra ciudad.&nbsp; Gracias por la labor en los distintos espacios, la fuerza y el amor. Estamos muy orgullosos de ustedes\u201d, expres\u00f3.<\/p>\n\n\n\n<p>Ca\u00f1ada Tecnociencia,\u00a0la muestra itinerante del Conicet,\u00a0fue habilitada el s\u00e1bado y durante el fin de semana\u00a0la visitaron\u00a0cientos de familias\u00a0para recorrer los m\u00f3dulos permanentes interactivos y talleres que favorecen la divulgaci\u00f3n y popularizaci\u00f3n cient\u00edfica-tecnol\u00f3gica. Durante la semana se espera la visita de tres mil alumnos de escuelas de Ca\u00f1ada y la regi\u00f3n.\u00a0<\/p>\n","protected":false},"excerpt":{"rendered":"<p>La gesti\u00f3n municipal de la intendenta Stella Cl\u00e9rici realiz\u00f3 en el marco de Ca\u00f1ada Tecnociencia y Marzo Mes de la Mujer, un emotivo reconocimiento a mujeres cient\u00edficas. La actividad cont\u00f3 con la presencia de la directora de Conicet Rosario Dra. Sandra Fern\u00e1ndez y la secretaria de Ciencia, Tecnolog\u00eda e Innovaci\u00f3n de Santa Fe, Marina Baima, <a href=\"https:\/\/armstrongyregion.com.ar\/diario\/la-intendenta-clerici-reconocio-a-mujeres-cientificas\/\" title=\"Read more\" >&#8230;<\/a><\/p>\n","protected":false},"author":1,"featured_media":37984,"comment_status":"open","ping_status":"open","sticky":false,"template":"","format":"image","meta":{"_jetpack_memberships_contains_paid_content":false,"footnotes":"","jetpack_publicize_message":"","jetpack_publicize_feature_enabled":true,"jetpack_social_post_already_shared":true,"jetpack_social_options":{"image_generator_settings":{"template":"highway","default_image_id":0,"enabled":false},"version":2}},"categories":[8,1,2,7,3],"tags":[],"class_list":["post-37983","post","type-post","status-publish","format-image","has-post-thumbnail","hentry","category-deliberando","category-diario-armstrong","category-locales","category-politica","category-region","post_format-post-format-image"],"jetpack_publicize_connections":[],"jetpack_featured_media_url":"https:\/\/armstrongyregion.com.ar\/diario\/wp-content\/uploads\/2023\/03\/OM-cientificas-.jpg","jetpack_shortlink":"https:\/\/wp.me\/p62QDO-9SD","jetpack_sharing_enabled":true,"amp_enabled":true,"_links":{"self":[{"href":"https:\/\/armstrongyregion.com.ar\/diario\/wp-json\/wp\/v2\/posts\/37983","targetHints":{"allow":["GET"]}}],"collection":[{"href":"https:\/\/armstrongyregion.com.ar\/diario\/wp-json\/wp\/v2\/posts"}],"about":[{"href":"https:\/\/armstrongyregion.com.ar\/diario\/wp-json\/wp\/v2\/types\/post"}],"author":[{"embeddable":true,"href":"https:\/\/armstrongyregion.com.ar\/diario\/wp-json\/wp\/v2\/users\/1"}],"replies":[{"embeddable":true,"href":"https:\/\/armstrongyregion.com.ar\/diario\/wp-json\/wp\/v2\/comments?post=37983"}],"version-history":[{"count":2,"href":"https:\/\/armstrongyregion.com.ar\/diario\/wp-json\/wp\/v2\/posts\/37983\/revisions"}],"predecessor-version":[{"id":37986,"href":"https:\/\/armstrongyregion.com.ar\/diario\/wp-json\/wp\/v2\/posts\/37983\/revisions\/37986"}],"wp:featuredmedia":[{"embeddable":true,"href":"https:\/\/armstrongyregion.com.ar\/diario\/wp-json\/wp\/v2\/media\/37984"}],"wp:attachment":[{"href":"https:\/\/armstrongyregion.com.ar\/diario\/wp-json\/wp\/v2\/media?parent=37983"}],"wp:term":[{"taxonomy":"category","embeddable":true,"href":"https:\/\/armstrongyregion.com.ar\/diario\/wp-json\/wp\/v2\/categories?post=37983"},{"taxonomy":"post_tag","embeddable":true,"href":"https:\/\/armstrongyregion.com.ar\/diario\/wp-json\/wp\/v2\/tags?post=37983"}],"curies":[{"name":"wp","href":"https:\/\/api.w.org\/{rel}","templated":true}]}}