{"id":37971,"date":"2023-03-28T00:36:58","date_gmt":"2023-03-28T00:36:58","guid":{"rendered":"https:\/\/armstrongyregion.com.ar\/diario\/?p=37971"},"modified":"2023-03-28T00:37:01","modified_gmt":"2023-03-28T00:37:01","slug":"el-senador-cornaglia-acompana-un-proyecto-que-ataca-la-comercializacion-de-cables-robados","status":"publish","type":"post","link":"https:\/\/armstrongyregion.com.ar\/diario\/el-senador-cornaglia-acompana-un-proyecto-que-ataca-la-comercializacion-de-cables-robados\/","title":{"rendered":"El senador Cornaglia acompa\u00f1a un proyecto que ataca la comercializaci\u00f3n de cables robados."},"content":{"rendered":"\n<figure class=\"wp-block-image size-full\"><a href=\"http:\/\/armstrongyregion.com.ar\/diario\/wp-content\/uploads\/2023\/03\/GC-2023-03-16-Cornaglia-sobre-modificacion-Cod-Penal-1.jpg\"><img loading=\"lazy\" decoding=\"async\" width=\"480\" height=\"270\" src=\"http:\/\/armstrongyregion.com.ar\/diario\/wp-content\/uploads\/2023\/03\/GC-2023-03-16-Cornaglia-sobre-modificacion-Cod-Penal-1.jpg\" alt=\"\" class=\"wp-image-37972\" srcset=\"https:\/\/armstrongyregion.com.ar\/diario\/wp-content\/uploads\/2023\/03\/GC-2023-03-16-Cornaglia-sobre-modificacion-Cod-Penal-1.jpg 480w, https:\/\/armstrongyregion.com.ar\/diario\/wp-content\/uploads\/2023\/03\/GC-2023-03-16-Cornaglia-sobre-modificacion-Cod-Penal-1-300x169.jpg 300w\" sizes=\"auto, (max-width: 480px) 100vw, 480px\" \/><\/a><\/figure>\n\n\n\n<h2 class=\"wp-block-heading\"><strong>Se propone la creaci\u00f3n de un registro provincial \u00fanico de comerciantes de metales no ferrosos.<\/strong><\/h2>\n\n\n\n<p>El senador provincial Guillermo Cornaglia acompa\u00f1a el proyecto de ley para crear un registro provincial \u00fanico de comerciantes de metales no ferrosos, con el objetivo de reducir el mercado negro producto de la venta ilegal de cables robados en la v\u00eda p\u00fablica, el cual ha crecido considerablemente en los \u00faltimos a\u00f1os.<\/p>\n\n\n\n<p>\u201cLa creaci\u00f3n de un registro \u00fanico de comerciantes de metales no ferrosos proporcionar\u00e1 una herramienta m\u00e1s para combatir el robo de cables que luego son comprados y vendidos en el mercado ilegal\u201d, manifest\u00f3 Guillermo Cornaglia.<\/p>\n\n\n\n<p>El legislador por el departamento Belgrano explic\u00f3 que se entiende por \u201cmetales no ferrosos\u201d a todos los metales que no son hierro y a sus aleaciones, donde \u00e9ste es componente principal, por ejemplo, cobre, esta\u00f1o, plomo, n\u00edquel, cobalto, cromo, entre otros. Deber\u00e1n inscribirse las personas f\u00edsicas o jur\u00eddicas, titulares o responsables de comercios y locales, y quienes realicen actividades de car\u00e1cter comercial o industrial en forma permanente o eventual con metales no ferrosos.<\/p>\n","protected":false},"excerpt":{"rendered":"<p>Se propone la creaci\u00f3n de un registro provincial \u00fanico de comerciantes de metales no ferrosos. El senador provincial Guillermo Cornaglia acompa\u00f1a el proyecto de ley para crear un registro provincial \u00fanico de comerciantes de metales no ferrosos, con el objetivo de reducir el mercado negro producto de la venta ilegal de cables robados en la <a href=\"https:\/\/armstrongyregion.com.ar\/diario\/el-senador-cornaglia-acompana-un-proyecto-que-ataca-la-comercializacion-de-cables-robados\/\" title=\"Read more\" >&#8230;<\/a><\/p>\n","protected":false},"author":1,"featured_media":37972,"comment_status":"open","ping_status":"open","sticky":false,"template":"","format":"image","meta":{"_jetpack_memberships_contains_paid_content":false,"footnotes":"","jetpack_publicize_message":"","jetpack_publicize_feature_enabled":true,"jetpack_social_post_already_shared":true,"jetpack_social_options":{"image_generator_settings":{"template":"highway","default_image_id":0,"enabled":false},"version":2}},"categories":[8,1,2,7,3],"tags":[644,9125,9126,1324,639,108,9127,192],"class_list":["post-37971","post","type-post","status-publish","format-image","has-post-thumbnail","hentry","category-deliberando","category-diario-armstrong","category-locales","category-politica","category-region","tag-acompana","tag-ataca","tag-comercializacion-de-cables","tag-cornaglia","tag-proyecto","tag-que","tag-robados","tag-un","post_format-post-format-image"],"jetpack_publicize_connections":[],"jetpack_featured_media_url":"https:\/\/armstrongyregion.com.ar\/diario\/wp-content\/uploads\/2023\/03\/GC-2023-03-16-Cornaglia-sobre-modificacion-Cod-Penal-1.jpg","jetpack_shortlink":"https:\/\/wp.me\/p62QDO-9Sr","jetpack_sharing_enabled":true,"amp_enabled":true,"_links":{"self":[{"href":"https:\/\/armstrongyregion.com.ar\/diario\/wp-json\/wp\/v2\/posts\/37971","targetHints":{"allow":["GET"]}}],"collection":[{"href":"https:\/\/armstrongyregion.com.ar\/diario\/wp-json\/wp\/v2\/posts"}],"about":[{"href":"https:\/\/armstrongyregion.com.ar\/diario\/wp-json\/wp\/v2\/types\/post"}],"author":[{"embeddable":true,"href":"https:\/\/armstrongyregion.com.ar\/diario\/wp-json\/wp\/v2\/users\/1"}],"replies":[{"embeddable":true,"href":"https:\/\/armstrongyregion.com.ar\/diario\/wp-json\/wp\/v2\/comments?post=37971"}],"version-history":[{"count":2,"href":"https:\/\/armstrongyregion.com.ar\/diario\/wp-json\/wp\/v2\/posts\/37971\/revisions"}],"predecessor-version":[{"id":37974,"href":"https:\/\/armstrongyregion.com.ar\/diario\/wp-json\/wp\/v2\/posts\/37971\/revisions\/37974"}],"wp:featuredmedia":[{"embeddable":true,"href":"https:\/\/armstrongyregion.com.ar\/diario\/wp-json\/wp\/v2\/media\/37972"}],"wp:attachment":[{"href":"https:\/\/armstrongyregion.com.ar\/diario\/wp-json\/wp\/v2\/media?parent=37971"}],"wp:term":[{"taxonomy":"category","embeddable":true,"href":"https:\/\/armstrongyregion.com.ar\/diario\/wp-json\/wp\/v2\/categories?post=37971"},{"taxonomy":"post_tag","embeddable":true,"href":"https:\/\/armstrongyregion.com.ar\/diario\/wp-json\/wp\/v2\/tags?post=37971"}],"curies":[{"name":"wp","href":"https:\/\/api.w.org\/{rel}","templated":true}]}}