{"id":3797,"date":"2015-08-28T02:11:34","date_gmt":"2015-08-28T02:11:34","guid":{"rendered":"https:\/\/armstrongyregion.com.ar\/diario\/?p=3797"},"modified":"2015-08-28T02:11:34","modified_gmt":"2015-08-28T02:11:34","slug":"asesores-del-senador-rasetto-participaron-de-reunion-de-la-comision-de-emergencia-agropecuaria-en-santa-fe","status":"publish","type":"post","link":"https:\/\/armstrongyregion.com.ar\/diario\/asesores-del-senador-rasetto-participaron-de-reunion-de-la-comision-de-emergencia-agropecuaria-en-santa-fe\/","title":{"rendered":"Asesores del Senador Rasetto participaron de reuni\u00f3n de la Comisi\u00f3n de Emergencia Agropecuaria, en Santa Fe."},"content":{"rendered":"<p><a href=\"http:\/\/armstrongyregion.com.ar\/diario\/wp-content\/uploads\/2015\/08\/16.07.14-Cno.-Base-a-La-Patria-copia.jpg\"><img loading=\"lazy\" decoding=\"async\" class=\"alignnone size-medium wp-image-3798\" src=\"http:\/\/armstrongyregion.com.ar\/diario\/wp-content\/uploads\/2015\/08\/16.07.14-Cno.-Base-a-La-Patria-copia-300x181.jpg\" alt=\"Rassetto-\" width=\"300\" height=\"181\" srcset=\"https:\/\/armstrongyregion.com.ar\/diario\/wp-content\/uploads\/2015\/08\/16.07.14-Cno.-Base-a-La-Patria-copia-300x181.jpg 300w, https:\/\/armstrongyregion.com.ar\/diario\/wp-content\/uploads\/2015\/08\/16.07.14-Cno.-Base-a-La-Patria-copia.jpg 800w\" sizes=\"auto, (max-width: 300px) 100vw, 300px\" \/><\/a>Todos los distritos del Departamento Iriondo se encuentran comprendidos en la declaraci\u00f3n de emergencia, seg\u00fan el decreto 1019\/2015, dicho decreto ha sido homologado por el Estado Nacional. Se va a proponer una pr\u00f3rroga de la emergencia por seis meses, y se analizar\u00e1 solicitarla hasta el mes de abril del a\u00f1o 2016.<\/p>\n<p>Aquellos productores que hayan obtenido el certificado de emergencia, podr\u00e1n solicitar una ayuda crediticia del CFI, a tasa del 0%, por un monto m\u00e1ximo $70.000.-, con un plazo de gracia de 12 meses, y por un plazo total de 48 meses. Tambi\u00e9n, podr\u00e1n solicitar una ayuda crediticia del Nuevo Banco de Santa Fe, a una tasa fija del 19,75%, con un monto m\u00e1ximo de $500.000.-, las cuotas son semestrales y el plazo m\u00e1ximo es de 18 meses. Dichos beneficios pueden acumularse.<\/p>\n<p>Por \u00faltimo se trat\u00f3 la cuesti\u00f3n del creciente aumento de las inundaciones y los anegamientos, y de las formas de prevenir el riesgo y reducir las vulnerabilidades.<\/p>\n<p>En ese sentido se menciona que el Senador Hugo Rasetto, se encuentra impulsando un proyecto de Ley de su autor\u00eda, que origina una herramienta para la explotaci\u00f3n sustentable del suelo, y la regulaci\u00f3n racional del escurrimiento del agua excedente.<\/p>\n","protected":false},"excerpt":{"rendered":"<p>Todos los distritos del Departamento Iriondo se encuentran comprendidos en la declaraci\u00f3n de emergencia, seg\u00fan el decreto 1019\/2015, dicho decreto ha sido homologado por el Estado Nacional. Se va a proponer una pr\u00f3rroga de la emergencia por seis meses, y se analizar\u00e1 solicitarla hasta el mes de abril del a\u00f1o 2016. Aquellos productores que hayan <a href=\"https:\/\/armstrongyregion.com.ar\/diario\/asesores-del-senador-rasetto-participaron-de-reunion-de-la-comision-de-emergencia-agropecuaria-en-santa-fe\/\" title=\"Read more\" >&#8230;<\/a><\/p>\n","protected":false},"author":2,"featured_media":3798,"comment_status":"open","ping_status":"open","sticky":false,"template":"","format":"standard","meta":{"_jetpack_memberships_contains_paid_content":false,"footnotes":"","jetpack_publicize_message":"","jetpack_publicize_feature_enabled":true,"jetpack_social_post_already_shared":false,"jetpack_social_options":{"image_generator_settings":{"template":"highway","default_image_id":0,"enabled":false},"version":2}},"categories":[1,7,3],"tags":[1138,2626,2624,19,53,2625,15,77,31,66,977,462,399,238],"class_list":["post-3797","post","type-post","status-publish","format-standard","has-post-thumbnail","hentry","category-diario-armstrong","category-politica","category-region","tag-comision","tag-agropecuaria","tag-asesores","tag-de","tag-del","tag-emergencia","tag-en","tag-fe","tag-la","tag-participaron","tag-rasetto","tag-reunion","tag-santa","tag-senador"],"jetpack_publicize_connections":[],"jetpack_featured_media_url":"https:\/\/armstrongyregion.com.ar\/diario\/wp-content\/uploads\/2015\/08\/16.07.14-Cno.-Base-a-La-Patria-copia.jpg","jetpack_shortlink":"https:\/\/wp.me\/p62QDO-Zf","jetpack_sharing_enabled":true,"amp_enabled":true,"_links":{"self":[{"href":"https:\/\/armstrongyregion.com.ar\/diario\/wp-json\/wp\/v2\/posts\/3797","targetHints":{"allow":["GET"]}}],"collection":[{"href":"https:\/\/armstrongyregion.com.ar\/diario\/wp-json\/wp\/v2\/posts"}],"about":[{"href":"https:\/\/armstrongyregion.com.ar\/diario\/wp-json\/wp\/v2\/types\/post"}],"author":[{"embeddable":true,"href":"https:\/\/armstrongyregion.com.ar\/diario\/wp-json\/wp\/v2\/users\/2"}],"replies":[{"embeddable":true,"href":"https:\/\/armstrongyregion.com.ar\/diario\/wp-json\/wp\/v2\/comments?post=3797"}],"version-history":[{"count":0,"href":"https:\/\/armstrongyregion.com.ar\/diario\/wp-json\/wp\/v2\/posts\/3797\/revisions"}],"wp:featuredmedia":[{"embeddable":true,"href":"https:\/\/armstrongyregion.com.ar\/diario\/wp-json\/wp\/v2\/media\/3798"}],"wp:attachment":[{"href":"https:\/\/armstrongyregion.com.ar\/diario\/wp-json\/wp\/v2\/media?parent=3797"}],"wp:term":[{"taxonomy":"category","embeddable":true,"href":"https:\/\/armstrongyregion.com.ar\/diario\/wp-json\/wp\/v2\/categories?post=3797"},{"taxonomy":"post_tag","embeddable":true,"href":"https:\/\/armstrongyregion.com.ar\/diario\/wp-json\/wp\/v2\/tags?post=3797"}],"curies":[{"name":"wp","href":"https:\/\/api.w.org\/{rel}","templated":true}]}}