{"id":37962,"date":"2023-03-24T17:03:34","date_gmt":"2023-03-24T17:03:34","guid":{"rendered":"https:\/\/armstrongyregion.com.ar\/diario\/?p=37962"},"modified":"2023-03-24T17:03:36","modified_gmt":"2023-03-24T17:03:36","slug":"la-provincia-lanza-la-convocatoria-40-murales-40-anos-de-democracia","status":"publish","type":"post","link":"https:\/\/armstrongyregion.com.ar\/diario\/la-provincia-lanza-la-convocatoria-40-murales-40-anos-de-democracia\/","title":{"rendered":"La provincia lanza la convocatoria \u201c40 Murales &#8211; 40 a\u00f1os de Democracia\u201d."},"content":{"rendered":"\n<figure class=\"wp-block-image size-full\"><a href=\"http:\/\/armstrongyregion.com.ar\/diario\/wp-content\/uploads\/2023\/03\/Murales-concurso-.png\"><img loading=\"lazy\" decoding=\"async\" width=\"640\" height=\"479\" src=\"http:\/\/armstrongyregion.com.ar\/diario\/wp-content\/uploads\/2023\/03\/Murales-concurso-.png\" alt=\"\" class=\"wp-image-37963\" srcset=\"https:\/\/armstrongyregion.com.ar\/diario\/wp-content\/uploads\/2023\/03\/Murales-concurso-.png 640w, https:\/\/armstrongyregion.com.ar\/diario\/wp-content\/uploads\/2023\/03\/Murales-concurso--300x225.png 300w\" sizes=\"auto, (max-width: 640px) 100vw, 640px\" \/><\/a><\/figure>\n\n\n\n<h2 class=\"wp-block-heading\">La propuesta invita a artistas a producir obras en murales que ser\u00e1n distribuidas en todo el territorio santafesino, en el marco del 40\u00ba aniversario de la recuperaci\u00f3n de la democracia.<\/h2>\n\n\n\n<p>El Ministerio de Cultura lanz\u00f3 la convocatoria \u201c40 Murales &#8211; 40 a\u00f1os de Democracia\u201d, dirigida a artistas de toda la provincia para la producci\u00f3n de 40 murales que tendr\u00e1n como eje conceptual el 40\u00ba aniversario de la recuperaci\u00f3n de la democracia.<\/p>\n\n\n\n<p>Al respecto, el ministro de Cultura, Jorge Llonch, expres\u00f3 que \u201clos murales constituyen uno de los elementos m\u00e1s significativos de la cultura visual urbana; expresan la voz de los movimientos sociales, las comunidades y sus instituciones. Los muros se convierten de elementos divisorios a escenarios de comunicaci\u00f3n que habitan el espacio p\u00fablico\u201d.<\/p>\n\n\n\n<p>\u201cEste a\u00f1o se conmemoran 40 a\u00f1os ininterrumpidos de democracia en la Rep\u00fablica Argentina. Este retorno institucional se obtuvo gracias al papel desempe\u00f1ado por una gran parte de la sociedad civil y, sobre todo, por el compromiso de los partidos pol\u00edticos, el movimiento obrero, las organizaciones sociales y los organismos de derechos humanos, entre muchos otros actores que articularon una ardua y genuina lucha contra la dictadura c\u00edvico militar, con el fin de recuperar la democracia tantas veces perdida en el per\u00edodo 1930-1983\u201d, complet\u00f3 Llonch.<\/p>\n\n\n\n<p><strong>LA CONVOCATORIA<\/strong><\/p>\n\n\n\n<p>Los proyectos de mural deber\u00e1n representar de modo evocativo, conceptual o metaf\u00f3rico el lema: &nbsp;\u201cCuarenta a\u00f1os ininterrumpidos de democracia\u201d, considerando que esta convocatoria pretende destacar, difundir y concientizar acerca de los valores democr\u00e1ticos y la importancia y el significado hist\u00f3rico, pol\u00edtico y social que posee la democracia.&nbsp;<\/p>\n\n\n\n<p>Se seleccionar\u00e1 un total de 40 murales en todo el territorio santafesino y podr\u00e1n participar creadoras, creadores y artistas visuales, con residencia en la provincia de Santa Fe y que sean mayores de 18 a\u00f1os.<\/p>\n\n\n\n<p>Se admitir\u00e1n presentaciones individuales o colectivas, a trav\u00e9s de un\/a representante designado\/a. La selecci\u00f3n de los proyectos estar\u00e1 a cargo de un jurado seleccionado por el Ministerio de Cultura.<\/p>\n\n\n\n<p>A partir del 29 de marzo pr\u00f3ximo, se dar\u00e1n a conocer m\u00e1s informaci\u00f3n sobre bases, condiciones e inscripci\u00f3n.&nbsp;<\/p>\n","protected":false},"excerpt":{"rendered":"<p>La propuesta invita a artistas a producir obras en murales que ser\u00e1n distribuidas en todo el territorio santafesino, en el marco del 40\u00ba aniversario de la recuperaci\u00f3n de la democracia. El Ministerio de Cultura lanz\u00f3 la convocatoria \u201c40 Murales &#8211; 40 a\u00f1os de Democracia\u201d, dirigida a artistas de toda la provincia para la producci\u00f3n de <a href=\"https:\/\/armstrongyregion.com.ar\/diario\/la-provincia-lanza-la-convocatoria-40-murales-40-anos-de-democracia\/\" title=\"Read more\" >&#8230;<\/a><\/p>\n","protected":false},"author":1,"featured_media":37963,"comment_status":"open","ping_status":"open","sticky":false,"template":"","format":"image","meta":{"_jetpack_memberships_contains_paid_content":false,"footnotes":"","jetpack_publicize_message":"","jetpack_publicize_feature_enabled":true,"jetpack_social_post_already_shared":true,"jetpack_social_options":{"image_generator_settings":{"template":"highway","default_image_id":0,"enabled":false},"version":2}},"categories":[6,8,1,2,7,3],"tags":[2994,197,451,19,3515,9118],"class_list":["post-37962","post","type-post","status-publish","format-image","has-post-thumbnail","hentry","category-cultura-entretenimiento","category-deliberando","category-diario-armstrong","category-locales","category-politica","category-region","tag-2994","tag-anos","tag-convocatoria","tag-de","tag-democracia","tag-murales","post_format-post-format-image"],"jetpack_publicize_connections":[],"jetpack_featured_media_url":"https:\/\/armstrongyregion.com.ar\/diario\/wp-content\/uploads\/2023\/03\/Murales-concurso-.png","jetpack_shortlink":"https:\/\/wp.me\/p62QDO-9Si","jetpack_sharing_enabled":true,"amp_enabled":true,"_links":{"self":[{"href":"https:\/\/armstrongyregion.com.ar\/diario\/wp-json\/wp\/v2\/posts\/37962","targetHints":{"allow":["GET"]}}],"collection":[{"href":"https:\/\/armstrongyregion.com.ar\/diario\/wp-json\/wp\/v2\/posts"}],"about":[{"href":"https:\/\/armstrongyregion.com.ar\/diario\/wp-json\/wp\/v2\/types\/post"}],"author":[{"embeddable":true,"href":"https:\/\/armstrongyregion.com.ar\/diario\/wp-json\/wp\/v2\/users\/1"}],"replies":[{"embeddable":true,"href":"https:\/\/armstrongyregion.com.ar\/diario\/wp-json\/wp\/v2\/comments?post=37962"}],"version-history":[{"count":1,"href":"https:\/\/armstrongyregion.com.ar\/diario\/wp-json\/wp\/v2\/posts\/37962\/revisions"}],"predecessor-version":[{"id":37964,"href":"https:\/\/armstrongyregion.com.ar\/diario\/wp-json\/wp\/v2\/posts\/37962\/revisions\/37964"}],"wp:featuredmedia":[{"embeddable":true,"href":"https:\/\/armstrongyregion.com.ar\/diario\/wp-json\/wp\/v2\/media\/37963"}],"wp:attachment":[{"href":"https:\/\/armstrongyregion.com.ar\/diario\/wp-json\/wp\/v2\/media?parent=37962"}],"wp:term":[{"taxonomy":"category","embeddable":true,"href":"https:\/\/armstrongyregion.com.ar\/diario\/wp-json\/wp\/v2\/categories?post=37962"},{"taxonomy":"post_tag","embeddable":true,"href":"https:\/\/armstrongyregion.com.ar\/diario\/wp-json\/wp\/v2\/tags?post=37962"}],"curies":[{"name":"wp","href":"https:\/\/api.w.org\/{rel}","templated":true}]}}